{"id":662659,"date":"2026-01-14T10:05:14","date_gmt":"2026-01-14T10:05:14","guid":{"rendered":"https:\/\/www.europesays.com\/fr\/662659\/"},"modified":"2026-01-14T10:05:14","modified_gmt":"2026-01-14T10:05:14","slug":"tensions-a-toulouse-alors-que-les-agriculteurs-quittent-paris","status":"publish","type":"post","link":"https:\/\/www.europesays.com\/fr\/662659\/","title":{"rendered":"Tensions \u00e0 Toulouse alors que les agriculteurs quittent Paris"},"content":{"rendered":"<p class=\"mb-4 text-lg md:leading-8 break-words\">Apr\u00e8s une nuit de mobilisation, les tracteurs ont quitt\u00e9 Paris \u00e0 l\u2019aube apr\u00e8s avoir encercl\u00e9 l\u2019Assembl\u00e9e nationale. Les agriculteurs d\u00e9noncent la hausse des co\u00fbts, la baisse des revenus et des r\u00e8gles jug\u00e9es injustes, tout en r\u00e9clamant l\u2019abandon du projet d\u2019accord UE-Mercosur et des mesures d\u2019urgence sur les aides, les dettes et les prix agricoles.<\/p>\n<p class=\"mb-4 text-lg md:leading-8 break-words\">Mais si la tension retombait dans la capitale, elle s\u2019est d\u00e9plac\u00e9e vers le sud. \u00c0 Toulouse, malgr\u00e9 une interdiction pr\u00e9fectorale, des agriculteurs ont conduit leurs tracteurs dans le centre-ville mardi soir. Une quinzaine d\u2019engins se sont arr\u00eat\u00e9s \u00e0 proximit\u00e9 de b\u00e2timents administratifs, sous contr\u00f4le policier.<\/p>\n<p class=\"mb-4 text-lg md:leading-8 break-words\">Les syndicats affirment vouloir maintenir la pression sur l\u2019ex\u00e9cutif. Les blocages se poursuivent \u00e9galement dans d\u2019autres villes, tandis qu\u2019une mobilisation est pr\u00e9vue \u00e0 Strasbourg le 20 janvier.<\/p>\n<p class=\"mb-4 text-lg md:leading-8 break-words\">Ce texte a \u00e9t\u00e9 traduit avec l\u2019aide de l\u2019intelligence artificielle. Signaler un probl\u00e8me : [feedback-articles-fr@euronews.com].<\/p>\n","protected":false},"excerpt":{"rendered":"Apr\u00e8s une nuit de mobilisation, les tracteurs ont quitt\u00e9 Paris \u00e0 l\u2019aube apr\u00e8s avoir encercl\u00e9 l\u2019Assembl\u00e9e nationale. Les&hellip;\n","protected":false},"author":2,"featured_media":662660,"comment_status":"","ping_status":"","sticky":false,"template":"","format":"standard","meta":{"footnotes":""},"categories":[1888],"tags":[1111,1928,11,1927,1777,674,1011,27,12,1926,626,1925,25],"class_list":{"0":"post-662659","1":"post","2":"type-post","3":"status-publish","4":"format-standard","5":"has-post-thumbnail","7":"category-paris","8":"tag-actu","9":"tag-actu-paris","10":"tag-actualites","11":"tag-actualites-paris","12":"tag-eu","13":"tag-europe","14":"tag-fr","15":"tag-france","16":"tag-news","17":"tag-news-paris","18":"tag-paris","19":"tag-paris-news","20":"tag-republique-francaise"},"share_on_mastodon":{"url":"https:\/\/pubeurope.com\/@fr\/115892894055690845","error":""},"_links":{"self":[{"href":"https:\/\/www.europesays.com\/fr\/wp-json\/wp\/v2\/posts\/662659","targetHints":{"allow":["GET"]}}],"collection":[{"href":"https:\/\/www.europesays.com\/fr\/wp-json\/wp\/v2\/posts"}],"about":[{"href":"https:\/\/www.europesays.com\/fr\/wp-json\/wp\/v2\/types\/post"}],"author":[{"embeddable":true,"href":"https:\/\/www.europesays.com\/fr\/wp-json\/wp\/v2\/users\/2"}],"replies":[{"embeddable":true,"href":"https:\/\/www.europesays.com\/fr\/wp-json\/wp\/v2\/comments?post=662659"}],"version-history":[{"count":0,"href":"https:\/\/www.europesays.com\/fr\/wp-json\/wp\/v2\/posts\/662659\/revisions"}],"wp:featuredmedia":[{"embeddable":true,"href":"https:\/\/www.europesays.com\/fr\/wp-json\/wp\/v2\/media\/662660"}],"wp:attachment":[{"href":"https:\/\/www.europesays.com\/fr\/wp-json\/wp\/v2\/media?parent=662659"}],"wp:term":[{"taxonomy":"category","embeddable":true,"href":"https:\/\/www.europesays.com\/fr\/wp-json\/wp\/v2\/categories?post=662659"},{"taxonomy":"post_tag","embeddable":true,"href":"https:\/\/www.europesays.com\/fr\/wp-json\/wp\/v2\/tags?post=662659"}],"curies":[{"name":"wp","href":"https:\/\/api.w.org\/{rel}","templated":true}]}}