{"id":662663,"date":"2026-01-14T10:07:12","date_gmt":"2026-01-14T10:07:12","guid":{"rendered":"https:\/\/www.europesays.com\/fr\/662663\/"},"modified":"2026-01-14T10:07:12","modified_gmt":"2026-01-14T10:07:12","slug":"les-tracteurs-ont-quitte-paris-apres-24-heures-de-mobilisation","status":"publish","type":"post","link":"https:\/\/www.europesays.com\/fr\/662663\/","title":{"rendered":"les tracteurs ont quitt\u00e9 Paris apr\u00e8s 24 heures de mobilisation"},"content":{"rendered":"<p>      lire plus tard<\/p>\n<p id=\"dialog__title\" class=\"dialog__title\">Pour sauvegarder cet article, connectez-vous ou cr\u00e9ez un compte franceinfo<\/p>\n<p class=\"dialog__description\">Sans paiement. Sans abonnement.<\/p>\n<p>        Fermer la fen\u00eatre d\u2019activation des notifications France Info<\/p>\n<p>      cr\u00e9er votre compte<\/p>\n<p>      se connecter<\/p>\n<p>      :<\/p>\n<p>        Fermer la fen\u00eatre de pr\u00e9sentation<\/p>\n<p>    Publi\u00e9 le 14\/01\/2026 10:40<\/p>\n<p>        Temps de lecture : 1min &#8211; vid\u00e9o : 1min<\/p>\n<p>    <img decoding=\"async\" class=\"francetv-player-wrapper__image\" alt=\"Col\u00e8re des agriculteurs : les tracteurs ont quitt\u00e9 Paris apr\u00e8s 24 heures de mobilisation\"  width=\"432\" height=\"243\" src=\"https:\/\/www.europesays.com\/fr\/wp-content\/uploads\/2026\/01\/jt8h-mobilisations-agriculteurs-696763a80276d360153148.jpg\" fetchpriority=\"high\"\/><\/p>\n<p>              Col\u00e8re des agriculteurs : les tracteurs ont quitt\u00e9 Paris apr\u00e8s 24 heures de mobilisation<br \/>\n                    (France 2)<\/p>\n<p>      1min<\/p>\n<p>\n  Les tracteurs de la FNSEA ont quitt\u00e9 l&rsquo;Assembl\u00e9e nationale apr\u00e8s 24 heures de mobilisation \u00e0 Paris. Les syndicats maintiennent la pression contre l&rsquo;accord de l&rsquo;Union europ\u00e9enne et les pays du Mercosur, qui doit \u00eatre sign\u00e9 samedi 17 janvier. Le point sur la mobilisation.\n<\/p>\n<p><strong>Ce texte correspond \u00e0 une partie de la retranscription du reportage ci-dessus. Cliquez sur la vid\u00e9o pour la regarder dans son int\u00e9gralit\u00e9.<\/strong><\/p>\n<p>Pendant plusieurs heures dans la nuit du mardi 13 au mercredi 14 janvier, des tracteurs ont investi le centre-ville de Toulouse (Haute-Garonne). <a href=\"https:\/\/www.franceinfo.fr\/economie\/crise\/blocus-des-agriculteurs\/dermatose-nodulaire\/direct-colere-des-agriculteurs-l-a63-a-bayonne-debloquee-avant-une-nouvelle-journee-de-mobilisation-dans-toute-la-france_7736122.html\" target=\"_blank\" rel=\"noopener\">Les agriculteurs<\/a> de la Coordination rurale ont brav\u00e9 l&rsquo;interdiction de la pr\u00e9fecture avant d&rsquo;\u00eatre d\u00e9log\u00e9s par les forces de l&rsquo;ordre. Cinq personnes ont \u00e9t\u00e9 interpell\u00e9es, selon le syndicat. Aux portes de la ville, des tracteurs sont de retour sur l&rsquo;autoroute A64, bloqu\u00e9e dans les deux sens.\u00a0<\/p>\n<p>Plus au nord, \u00e0 Limoges (Haute-Vienne), une cinquantaine d&rsquo;agriculteurs organisent un barrage pour contr\u00f4ler les camions r\u00e9frig\u00e9r\u00e9s et la provenance de leurs produits.<\/p>\n<p>\u00c0 Paris, en revanche, la FNSEA a lev\u00e9 le camp apr\u00e8s des n\u00e9gociations avec la ministre de l&rsquo;Agriculture. \u00ab\u00a0On n&rsquo;a pas tout obtenu, mais quand on obtient trois points sur quatre, \u00e7a veut dire qu&rsquo;on a fait des vrais avanc\u00e9es en venant \u00e0 Paris\u00a0\u00bb, indique Luc Smessaert, vice-pr\u00e9sident de la FNSEA. La rochaine action du syndicat est pr\u00e9vue devant le Parlement europ\u00e9en le 20 janvier.<\/p>\n","protected":false},"excerpt":{"rendered":"lire plus tard Pour sauvegarder cet article, connectez-vous ou cr\u00e9ez un compte franceinfo Sans paiement. Sans abonnement. Fermer&hellip;\n","protected":false},"author":2,"featured_media":662664,"comment_status":"","ping_status":"","sticky":false,"template":"","format":"standard","meta":{"footnotes":""},"categories":[1888],"tags":[11,1777,674,1011,27,12,626,25],"class_list":{"0":"post-662663","1":"post","2":"type-post","3":"status-publish","4":"format-standard","5":"has-post-thumbnail","7":"category-paris","8":"tag-actualites","9":"tag-eu","10":"tag-europe","11":"tag-fr","12":"tag-france","13":"tag-news","14":"tag-paris","15":"tag-republique-francaise"},"share_on_mastodon":{"url":"https:\/\/pubeurope.com\/@fr\/115892902011135742","error":""},"_links":{"self":[{"href":"https:\/\/www.europesays.com\/fr\/wp-json\/wp\/v2\/posts\/662663","targetHints":{"allow":["GET"]}}],"collection":[{"href":"https:\/\/www.europesays.com\/fr\/wp-json\/wp\/v2\/posts"}],"about":[{"href":"https:\/\/www.europesays.com\/fr\/wp-json\/wp\/v2\/types\/post"}],"author":[{"embeddable":true,"href":"https:\/\/www.europesays.com\/fr\/wp-json\/wp\/v2\/users\/2"}],"replies":[{"embeddable":true,"href":"https:\/\/www.europesays.com\/fr\/wp-json\/wp\/v2\/comments?post=662663"}],"version-history":[{"count":0,"href":"https:\/\/www.europesays.com\/fr\/wp-json\/wp\/v2\/posts\/662663\/revisions"}],"wp:featuredmedia":[{"embeddable":true,"href":"https:\/\/www.europesays.com\/fr\/wp-json\/wp\/v2\/media\/662664"}],"wp:attachment":[{"href":"https:\/\/www.europesays.com\/fr\/wp-json\/wp\/v2\/media?parent=662663"}],"wp:term":[{"taxonomy":"category","embeddable":true,"href":"https:\/\/www.europesays.com\/fr\/wp-json\/wp\/v2\/categories?post=662663"},{"taxonomy":"post_tag","embeddable":true,"href":"https:\/\/www.europesays.com\/fr\/wp-json\/wp\/v2\/tags?post=662663"}],"curies":[{"name":"wp","href":"https:\/\/api.w.org\/{rel}","templated":true}]}}