{"id":662665,"date":"2026-01-14T10:08:12","date_gmt":"2026-01-14T10:08:12","guid":{"rendered":"https:\/\/www.europesays.com\/fr\/662665\/"},"modified":"2026-01-14T10:08:12","modified_gmt":"2026-01-14T10:08:12","slug":"en-direct-guerre-en-ukraine-deux-morts-en-russie-dans-des-attaques-de-drones-selon-les-autorites-locales","status":"publish","type":"post","link":"https:\/\/www.europesays.com\/fr\/662665\/","title":{"rendered":"EN DIRECT &#8211; Guerre en Ukraine : deux morts en Russie dans des attaques de drones, selon les autorit\u00e9s locales"},"content":{"rendered":"<ul class=\"jsx-862013697 ArticleChapo__List\">\n<li class=\"jsx-862013697 ArticleChapo__List_Item flex\">Deux personnes ont \u00e9t\u00e9 tu\u00e9es et plusieurs bless\u00e9es mercredi dans des attaques de drones ukrainiens contre la ville russe de Rostov-sur-le-Don et la r\u00e9gion de Belgorod, frontali\u00e8re de l&rsquo;Ukraine, ont indiqu\u00e9 les gouverneurs locaux.<\/li>\n<li class=\"jsx-862013697 ArticleChapo__List_Item flex\">Suivez les derni\u00e8res informations.<\/li>\n<\/ul>\n<p><a href=\"https:\/\/www.tf1info.fr\/actualite\/guerre-ukraine-russie-une-rencontre-donald-trump-vladimir-poutine-historique-le-vendredi-15-aout-2025-en-alaska-sans-volodymyr-zelensky-14326\/\" rel=\"noopener\" class=\"jsx-484472199 Link jsx-1428418400 jsx-554215408\" target=\"_blank\"><\/p>\n<p style=\"font-weight:400\" class=\"jsx-1837267516\">Suivez la couverture compl\u00e8te<\/p>\n<p style=\"font-weight:800\" class=\"jsx-1837267516\">Ukraine-Russie : en marge des n\u00e9gociations, les attaques russes continuent<\/p>\n<p><\/a>Les \u00e9l\u00e9ments marquantsDEUX MORTS EN RUSSIE08:20<\/p>\n<p>Deux personnes ont \u00e9t\u00e9 tu\u00e9es et plusieurs autres bless\u00e9es mercredi dans des attaques de drones ukrainiens contre la ville russe de Rostov-sur-le-Don et la r\u00e9gion de Belgorod, frontali\u00e8re de l&rsquo;Ukraine, ont indiqu\u00e9 les autorit\u00e9s locales.<\/p>\n<p>A Rostov-sur-le-Don (sud), une \u00ab\u00a0attaque de drones\u00a0\u00bb a provoqu\u00e9 un incendie dans un immeuble r\u00e9sidentiel, endommageant deux appartements, a \u00e9crit sur Telegram le gouverneur r\u00e9gional, Iouri Slioussar. Selon lui, le corps d&rsquo;un homme tu\u00e9 dans l&rsquo;attaque a \u00e9t\u00e9 d\u00e9couvert lors du d\u00e9blayage des d\u00e9bris dans un des logements affect\u00e9s.<\/p>\n<p>Dans la r\u00e9gion de Belgorod, une femme a \u00e9t\u00e9 tu\u00e9e et un homme a \u00e9t\u00e9 bless\u00e9 dans une attaque de drones \u00ab\u00a0des forces arm\u00e9es ukrainiennes\u00a0\u00bb contre une voiture \u00ab\u00a0qui a \u00e9t\u00e9 d\u00e9truite par le feu\u00a0\u00bb, indique sur Telegram le gouverneur r\u00e9gional, Viatcheslav Gladkov.<\/p>\n<p>Minute par minuteDES FAMILLES UKRAINIENNES \u00c9VACU\u00c9ES10:55<\/p>\n<p>L&rsquo;Ukraine ordonne l&rsquo;\u00e9vacuation d&rsquo;une trentaine de familles de villages du sud du pays.<\/p>\n<p>DEUX MORTS EN RUSSIE08:20<\/p>\n<p>Deux personnes ont \u00e9t\u00e9 tu\u00e9es et plusieurs autres bless\u00e9es mercredi dans des attaques de drones ukrainiens contre la ville russe de Rostov-sur-le-Don et la r\u00e9gion de Belgorod, frontali\u00e8re de l&rsquo;Ukraine, ont indiqu\u00e9 les autorit\u00e9s locales.<\/p>\n<p>A Rostov-sur-le-Don (sud), une \u00ab\u00a0attaque de drones\u00a0\u00bb a provoqu\u00e9 un incendie dans un immeuble r\u00e9sidentiel, endommageant deux appartements, a \u00e9crit sur Telegram le gouverneur r\u00e9gional, Iouri Slioussar. Selon lui, le corps d&rsquo;un homme tu\u00e9 dans l&rsquo;attaque a \u00e9t\u00e9 d\u00e9couvert lors du d\u00e9blayage des d\u00e9bris dans un des logements affect\u00e9s.<\/p>\n<p>Dans la r\u00e9gion de Belgorod, une femme a \u00e9t\u00e9 tu\u00e9e et un homme a \u00e9t\u00e9 bless\u00e9 dans une attaque de drones \u00ab\u00a0des forces arm\u00e9es ukrainiennes\u00a0\u00bb contre une voiture \u00ab\u00a0qui a \u00e9t\u00e9 d\u00e9truite par le feu\u00a0\u00bb, indique sur Telegram le gouverneur r\u00e9gional, Viatcheslav Gladkov.<\/p>\n<p>08:19<\/p>\n<p>Bonjour et bienvenue dans ce live, nous allons suivre ensemble les derni\u00e8res actualit\u00e9s sur la guerre entre la Russie et l&rsquo;Ukraine ce mercredi 14 janvier.\u00a0<\/p>\n<p data-module=\"article-paragraph\" class=\"jsx-157965717 Paragraph\">L&rsquo;arm\u00e9e russe a poursuivi mardi ses frappes massives sur l&rsquo;Ukraine, qui avaient fait au moins quatre morts au cours de la nuit, provoquant en plein hiver des coupures de courant, tandis que deux p\u00e9troliers grecs ont \u00e9t\u00e9 touch\u00e9s par des drones en mer Noire.\u00a0<\/p>\n<p data-module=\"article-paragraph\" class=\"jsx-157965717 Paragraph Paragraph__End\">Les r\u00e9gions de la capitale Kiev, Kharkiv (nord-est), Zaporijia (sud) et Dnipropetrovsk (centre-est) ont essuy\u00e9 les attaques nocturnes de 25 missiles et de 293 drones, ont annonc\u00e9 les forces a\u00e9riennes ukrainiennes, quatre jours apr\u00e8s un pilonnage similaire.\u00a0<\/p>\n<p data-module=\"article-paragraph\" class=\"jsx-157965717 Paragraph\">La journ\u00e9e de mardi a \u00e9galement \u00e9t\u00e9 \u00ab\u00a0difficile\u00a0\u00bb, a reconnu le pr\u00e9sident Volodymyr Zelensky dans son message du soir, soulignant qu'\u00a0\u00bbune nouvelle frappe russe a eu lieu, avec 18 missiles balistiques tir\u00e9s. Sans compter les missiles de croisi\u00e8re et les drones de combat\u00a0\u00bb, dont 64 Shahed (de fabrication iranienne) ont \u00e9t\u00e9 \u00ab\u00a0abattus\u00a0\u00bb. \u00ab\u00a0Ce matin est glacial en Ukraine avec des temp\u00e9ratures en dessous de -15\u00b0C. Et c&rsquo;est exactement pour cela que la Russie a attaqu\u00e9 l&rsquo;Ukraine (&#8230;) en visant le secteur \u00e9nerg\u00e9tique pour priver les gens d&rsquo;\u00e9lectricit\u00e9, d&rsquo;eau et de chauffage\u00a0\u00bb, avait quelques heures plus t\u00f4t accus\u00e9 son ministre des Affaires \u00e9trang\u00e8res Andri\u00ef Sybiga. Le minist\u00e8re de l&rsquo;\u00c9nergie a fait \u00e9tat de nouvelles coupures de courant dans la capitale et ses environs en raison des frappes sur les infrastructures \u00e9lectriques et des conditions m\u00e9t\u00e9orologiques.\u00a0<\/p>\n<p data-module=\"article-paragraph\" class=\"jsx-157965717 Paragraph Paragraph__End\">\u00c0 Odessa sur la mer Noire, 47.000 foyers \u00e9taient priv\u00e9s de courant, a d\u00e9clar\u00e9 la compagnie d&rsquo;\u00e9lectricit\u00e9 priv\u00e9e DTEK, en raison du bombardement de deux de ses installations \u00e9nerg\u00e9tiques. \u00ab\u00a0Depuis le d\u00e9but de l&rsquo;invasion (en f\u00e9vrier 2022), les centrales de DTEK ont \u00e9t\u00e9 attaqu\u00e9es par l&rsquo;ennemi plus de 220 fois\u00a0\u00bb, a-t-elle d\u00e9plor\u00e9.<\/p>\n<p data-module=\"article-paragraph\" class=\"jsx-157965717 Paragraph\">La Russie, par la voix de son minist\u00e8re de la D\u00e9fense, a affirm\u00e9 mardi, comme \u00e0 chaque fois, qu&rsquo;elle ne s&rsquo;en prenait qu&rsquo;\u00e0 des cibles li\u00e9es aux forces ukrainiennes, qui, pour leur part, visent \u00e9galement des infrastructures russes. Elles ont \u00e0 cet \u00e9gard dit le m\u00eame jour avoir frapp\u00e9 une usine de drones \u00e0 Taganrog dans la r\u00e9gion frontali\u00e8re de Rostov et plusieurs objectifs militaires dans les territoires ukrainiens occup\u00e9s.<\/p>\n<p data-module=\"article-paragraph\" class=\"jsx-157965717 Paragraph Paragraph__End\">Deux p\u00e9troliers grecs, battant pavillons maltais et lib\u00e9rien, ont par ailleurs \u00e9t\u00e9 touch\u00e9s le m\u00eame jour par \u00ab\u00a0deux drones\u00a0\u00bb pr\u00e8s du port russe de Novorossi\u00efsk en mer Noire, sans subir de d\u00e9g\u00e2ts majeurs, a appris l&rsquo;AFP aupr\u00e8s du minist\u00e8re grec de la Marine marchande. Selon une source anonyme cit\u00e9e par l&rsquo;agence de presse russe Ria Novosti, ce sont les Ukrainiens qui ont r\u00e9alis\u00e9 ces op\u00e9rations. Kiev n&rsquo;a pour l&rsquo;heure pas fait de commentaires.<\/p>\n<p>La r\u00e9daction de TF1info<\/p>\n","protected":false},"excerpt":{"rendered":"Deux personnes ont \u00e9t\u00e9 tu\u00e9es et plusieurs bless\u00e9es mercredi dans des attaques de drones ukrainiens contre la ville&hellip;\n","protected":false},"author":2,"featured_media":661548,"comment_status":"","ping_status":"","sticky":false,"template":"","format":"standard","meta":{"footnotes":""},"categories":[1591],"tags":[1111,11,1921,75,1887,1922,74270,12,1885,1886,132,220,1917,73921,133,1920,135,134],"class_list":{"0":"post-662665","1":"post","2":"type-post","3":"status-publish","4":"format-standard","5":"has-post-thumbnail","7":"category-russie","8":"tag-actu","9":"tag-actualites","10":"tag-article-video","11":"tag-donald-trump","12":"tag-federation-de-russie","13":"tag-info","14":"tag-les-attaques-russes-continuent","15":"tag-news","16":"tag-russia","17":"tag-russian-federation","18":"tag-russie","19":"tag-ukraine","20":"tag-ukraine-4-annee-de-guerre","21":"tag-ukraine-russie-en-marge-des-negociations","22":"tag-video","23":"tag-video-international","24":"tag-vladimir-poutine","25":"tag-volodymyr-zelensky"},"share_on_mastodon":{"url":"https:\/\/pubeurope.com\/@fr\/115892905917860507","error":""},"_links":{"self":[{"href":"https:\/\/www.europesays.com\/fr\/wp-json\/wp\/v2\/posts\/662665","targetHints":{"allow":["GET"]}}],"collection":[{"href":"https:\/\/www.europesays.com\/fr\/wp-json\/wp\/v2\/posts"}],"about":[{"href":"https:\/\/www.europesays.com\/fr\/wp-json\/wp\/v2\/types\/post"}],"author":[{"embeddable":true,"href":"https:\/\/www.europesays.com\/fr\/wp-json\/wp\/v2\/users\/2"}],"replies":[{"embeddable":true,"href":"https:\/\/www.europesays.com\/fr\/wp-json\/wp\/v2\/comments?post=662665"}],"version-history":[{"count":0,"href":"https:\/\/www.europesays.com\/fr\/wp-json\/wp\/v2\/posts\/662665\/revisions"}],"wp:featuredmedia":[{"embeddable":true,"href":"https:\/\/www.europesays.com\/fr\/wp-json\/wp\/v2\/media\/661548"}],"wp:attachment":[{"href":"https:\/\/www.europesays.com\/fr\/wp-json\/wp\/v2\/media?parent=662665"}],"wp:term":[{"taxonomy":"category","embeddable":true,"href":"https:\/\/www.europesays.com\/fr\/wp-json\/wp\/v2\/categories?post=662665"},{"taxonomy":"post_tag","embeddable":true,"href":"https:\/\/www.europesays.com\/fr\/wp-json\/wp\/v2\/tags?post=662665"}],"curies":[{"name":"wp","href":"https:\/\/api.w.org\/{rel}","templated":true}]}}