{"id":662668,"date":"2026-01-14T10:10:12","date_gmt":"2026-01-14T10:10:12","guid":{"rendered":"https:\/\/www.europesays.com\/fr\/662668\/"},"modified":"2026-01-14T10:10:12","modified_gmt":"2026-01-14T10:10:12","slug":"un-partenariat-de-15-millions-de-dollars-avec-les-etats-unis","status":"publish","type":"post","link":"https:\/\/www.europesays.com\/fr\/662668\/","title":{"rendered":"un partenariat de 15 millions de dollars avec les \u00c9tats-Unis"},"content":{"rendered":"<p>&#13;<br \/>\n                        Aquaculture : un partenariat de 15 millions de dollars avec les \u00c9tats-Unis&#13;\n                    <\/p>\n<p style=\"text-align:\">Le 13 janvier, le vice-ministre vietnamien de l&rsquo;Agriculture et de l\u2019Environnement, Phung Duc Ti\u00ean, a re\u00e7u une d\u00e9l\u00e9gation de l&rsquo;ambassade des \u00c9tats-Unis au Vietnam pour discuter du Projet de partenariat \u00c9tats-Unis &#8211; Vietnam pour la cha\u00eene de valeur de l&rsquo;aquaculture.<\/p>\n<p><a href=\"https:\/\/lecourrier.vn\/quang-ninh-renforce-sa-gestion-pour-un-developpement-durable-de-laquaculture-marine\/1307721.html\" title=\"Quang Ninh renforce sa gestion pour un d\u00e9veloppement durable de l&#039;aquaculture marine\" target=\"_blank\" rel=\"noopener\">&gt;&gt; Quang Ninh renforce sa gestion pour un d\u00e9veloppement durable de l&rsquo;aquaculture marine<\/a><\/p>\n<p><a href=\"https:\/\/lecourrier.vn\/laquaculture-moteur-de-la-transition-verte-dans-le-delta-du-mekong\/1307801.html\" title=\"L\u2019aquaculture, moteur de la transition verte dans le Delta du M\u00e9kong\" target=\"_blank\" rel=\"noopener\">&gt;&gt; L\u2019aquaculture, moteur de la transition verte dans le Delta du M\u00e9kong<\/a><\/p>\n<p><a href=\"https:\/\/lecourrier.vn\/produits-halieutiques-le-vietnam-vise-115-milliards-de-dollars-dexportations\/1308932.html\" title=\"Produits halieutiques : le Vietnam vise 11,5 milliards de dollars d\u2019exportations\" target=\"_blank\" rel=\"noopener\">&gt;&gt; Produits halieutiques : le Vietnam vise 11,5 milliards de dollars d\u2019exportations<\/a><\/p>\n<tr>\n<td class=\"pic\"><img decoding=\"async\" class=\"lazyload\" src=\"https:\/\/www.europesays.com\/fr\/wp-content\/uploads\/2026\/01\/144858-6.jpg\" alt=\"\"\/><\/td>\n<\/tr>\n<tr>\n<td class=\"caption\">La chair de tilapia vietnamienne est tr\u00e8s fra\u00eeche, d\u00e9licieuse et nutritive.\u00a0<\/td>\n<\/tr>\n<tr align=\"right\">\n<td class=\"author\">Photo : MAE\/CVN<\/td>\n<\/tr>\n<p style=\"text-align:left\">Dot\u00e9 d\u2019un budget de plus de 15,2 millions de dollars, ce projet s\u2019\u00e9talera sur cinq ans. Il ambitionne de porter la production nationale de tilapia \u00e0 1,21 million de tonnes, pour une valeur commerciale estim\u00e9e \u00e0 environ 1,25 milliard de dollars. Son lancement est pr\u00e9vu en mars 2026.<\/p>\n<p style=\"text-align:left\">Dans sa phase initiale, le projet se concentrera sur la recherche fondamentale, l\u2019am\u00e9lioration de la qualit\u00e9 des g\u00e9niteurs et le soutien aux \u00e9closeries. \u00c0 partir d\u2019octobre 2026, il \u00e9largira ses activit\u00e9s au renforcement de l\u2019assistance technique, \u00e0 la formation, au d\u00e9veloppement des capacit\u00e9s ainsi qu\u2019au soutien financier en faveur des pisciculteurs.<\/p>\n<p style=\"text-align:left\">Le projet sera d\u00e9ploy\u00e9 dans les deltas du fleuve Rouge et du M\u00e9kong. Il devrait b\u00e9n\u00e9ficier \u00e0 plus de 24 000 acteurs de la fili\u00e8re, incluant des m\u00e9nages aquacoles, des usines de transformation et des associations professionnelles. L\u2019un des leviers strat\u00e9giques repose sur l\u2019utilisation de soja import\u00e9 de haute qualit\u00e9 comme aliment aquacole, afin d\u2019optimiser la croissance et la qualit\u00e9 sanitaire du tilapia.<\/p>\n<p style=\"text-align:left\">Le vice-ministre Phung Duc Tien a propos\u00e9 d\u2019\u00e9tudier l\u2019extension de la production du tilapia z\u00e9br\u00e9 et du tilapia rouge dans les r\u00e9gions du Centre et du Sud, afin de tirer profit de leur potentiel g\u00e9ographique sp\u00e9cifique.<\/p>\n<p style=\"text-align:left\">Le minist\u00e8re de l\u2019Agriculture et de l\u2019Environnement s\u2019est engag\u00e9 \u00e0 lever les obstacles administratifs et \u00e0 finaliser les proc\u00e9dures n\u00e9cessaires avant mai 2026. Cette d\u00e9marche vise \u00e0 garantir une mise en \u0153uvre efficace et \u00e0 exploiter pleinement le potentiel d\u2019exportation du tilapia vietnamien sur les march\u00e9s internationaux.<\/p>\n<p style=\"text-align:right\"><b>VNA\/CVN<\/b><\/p>\n","protected":false},"excerpt":{"rendered":"&#13; Aquaculture : un partenariat de 15 millions de dollars avec les \u00c9tats-Unis&#13; Le 13 janvier, le vice-ministre&hellip;\n","protected":false},"author":2,"featured_media":662669,"comment_status":"","ping_status":"","sticky":false,"template":"","format":"standard","meta":{"footnotes":""},"categories":[1589],"tags":[11,76401,73,1866,12,2766,76402,1864,1865,1863,308],"class_list":{"0":"post-662668","1":"post","2":"type-post","3":"status-publish","4":"format-standard","5":"has-post-thumbnail","7":"category-etats-unis","8":"tag-actualites","9":"tag-aquaculture","10":"tag-etats-unis","11":"tag-etats-unis-damerique","12":"tag-news","13":"tag-partenariat","14":"tag-tilapia","15":"tag-united-states","16":"tag-united-states-of-america","17":"tag-us","18":"tag-usa"},"share_on_mastodon":{"url":"https:\/\/pubeurope.com\/@fr\/115892914071898724","error":""},"_links":{"self":[{"href":"https:\/\/www.europesays.com\/fr\/wp-json\/wp\/v2\/posts\/662668","targetHints":{"allow":["GET"]}}],"collection":[{"href":"https:\/\/www.europesays.com\/fr\/wp-json\/wp\/v2\/posts"}],"about":[{"href":"https:\/\/www.europesays.com\/fr\/wp-json\/wp\/v2\/types\/post"}],"author":[{"embeddable":true,"href":"https:\/\/www.europesays.com\/fr\/wp-json\/wp\/v2\/users\/2"}],"replies":[{"embeddable":true,"href":"https:\/\/www.europesays.com\/fr\/wp-json\/wp\/v2\/comments?post=662668"}],"version-history":[{"count":0,"href":"https:\/\/www.europesays.com\/fr\/wp-json\/wp\/v2\/posts\/662668\/revisions"}],"wp:featuredmedia":[{"embeddable":true,"href":"https:\/\/www.europesays.com\/fr\/wp-json\/wp\/v2\/media\/662669"}],"wp:attachment":[{"href":"https:\/\/www.europesays.com\/fr\/wp-json\/wp\/v2\/media?parent=662668"}],"wp:term":[{"taxonomy":"category","embeddable":true,"href":"https:\/\/www.europesays.com\/fr\/wp-json\/wp\/v2\/categories?post=662668"},{"taxonomy":"post_tag","embeddable":true,"href":"https:\/\/www.europesays.com\/fr\/wp-json\/wp\/v2\/tags?post=662668"}],"curies":[{"name":"wp","href":"https:\/\/api.w.org\/{rel}","templated":true}]}}