{"id":662670,"date":"2026-01-14T10:11:13","date_gmt":"2026-01-14T10:11:13","guid":{"rendered":"https:\/\/www.europesays.com\/fr\/662670\/"},"modified":"2026-01-14T10:11:13","modified_gmt":"2026-01-14T10:11:13","slug":"kate-fete-son-anniversaire-dans-un-restaurant-francais","status":"publish","type":"post","link":"https:\/\/www.europesays.com\/fr\/662670\/","title":{"rendered":"Kate f\u00eate son anniversaire dans un restaurant fran\u00e7ais"},"content":{"rendered":"<p>Alors que le monde entier d\u00e9couvrait, le 9 janvier, <a target=\"_blank\" href=\"https:\/\/www.pointdevue.fr\/royal\/royaume-uni\/ce-que-signifie-vraiment-etre-en-vie-lemouvant-message-de-kate-a-loccasion-de-ses-44-ans\" rel=\"noopener\">sa nouvelle vid\u00e9o d\u00e9di\u00e9 \u00e0 l&rsquo;hiver<\/a>, la princesse de Galles f\u00eatait son anniversaire en famille, en comit\u00e9 r\u00e9duit. C&rsquo;est au c\u0153ur du Berkshire, non loin de Windsor, l\u00e0 o\u00f9 elle a grandi, que <a target=\"_blank\" href=\"https:\/\/www.pointdevue.fr\/grand-angle\/biographies\/kate-middleton\" rel=\"noopener\">Kate<\/a> a souhait\u00e9 souffl\u00e9 ses 44 bougies. Au programme, un d\u00e9jeuner entre \u00ab\u00a0filles\u00a0\u00bb avec sa m\u00e8re <a target=\"_blank\" href=\"https:\/\/www.pointdevue.fr\/grand-angle\/biographies\/carole-middleton\" rel=\"noopener\">Carole Middleton<\/a>, et sa s\u0153ur, <a target=\"_blank\" href=\"https:\/\/www.pointdevue.fr\/grand-angle\/biographies\/pippa-middleton\" rel=\"noopener\">Pippa Matthews<\/a> dans un petit restaurant qu&rsquo;elles affectionnent particuli\u00e8rement, <strong>et cocorico, le menu est fran\u00e7ais !<\/strong><\/p>\n<p><img decoding=\"async\" src=\"https:\/\/www.europesays.com\/fr\/wp-content\/uploads\/2026\/01\/ABACA_272818_001kb0xQ5rVbL.jpg\" alt=\"La jeune Kate Middleton salue la foule devant le Goring Hotel, \u00e0 Londres, alors qu'elle passe sa derni\u00e8re journ\u00e9e de c\u00e9libataire avec sa m\u00e8re Carole et sa s\u0153ur Pippa, \u00e0 la veille de son mariage avec le prince William, le 28 avril 2011.\"\/><strong>La jeune Kate Middleton salue la foule devant le Goring Hotel, \u00e0 Londres, alors qu&rsquo;elle passe sa derni\u00e8re journ\u00e9e de c\u00e9libataire avec sa m\u00e8re Carole et sa s\u0153ur Pippa, \u00e0 la veille de son mariage avec le prince William, le 28 avril 2011.<\/strong> \u00a9 Frank May\/DPA\/ABACAPRESS.COM<\/p>\n<p>\u00ab\u00a0De temps \u00e0 autre, il arrive qu&rsquo;un \u00e9v\u00e8nement nous fasse ressentir un frisson d&rsquo;excitation et cette semaine nous a offert un moment exceptionnel\u00a0\u00bb, \u00e9crit l&rsquo;\u00e9tablissement The Funghi Club, \u2013 qui poss\u00e8de \u00e9galement une adresse \u00e0 Marlborough \u2013 sur sa page Facebook ce 13 janvier. \u00ab\u00a0Vendredi dernier, dans notre minuscule bistrot de Hungerford, nous avons eu l\u2019immense plaisir d\u2019accueillir une invit\u00e9e pour le moins extraordinaire\u00a0\u00bb. Roulement de tambour. \u00ab\u00a0Eh bien \u2013 rien de moins que <strong>la princesse de Galles en personne, Kate Middleton, <\/strong><a target=\"_blank\" href=\"https:\/\/www.pointdevue.fr\/royal\/royaume-uni\/kate-middleton-ce-pacte-secret-scelle-avec-son-frere-et-sa-soeur-avant-ses-fiancailles-royales\" rel=\"noopener\"><strong>la fiert\u00e9 du Berkshire<\/strong><\/a><strong>, venue c\u00e9l\u00e9brer son 44\u1d49 anniversaire, accompagn\u00e9e de sa m\u00e8re Carole et de sa s\u0153ur Pippa<\/strong>. Ici m\u00eame, \u00e0 Hungerford\u00a0\u00bb, lit-on sur le r\u00e9seau social, alors que le message pr\u00e9cise qu&rsquo;il n&rsquo;existe aucune photographie puisque personne n&rsquo;a souhait\u00e9 troubl\u00e9 la qui\u00e9tude de la petite famille.\u00a0<\/p>\n<\/p>\n<p>Soupe \u00e0 l&rsquo;oignon, parfait de champignons, b\u0153uf bourguignon, hachis parmentier de canard, poulet saut\u00e9 chasseur ou filet d&rsquo;aiglefin&#8230; The Funghi Club, not\u00e9 4.6 sur 5 sur Google, offre une large vari\u00e9t\u00e9 de sp\u00e9cialit\u00e9s fran\u00e7aises avec des entr\u00e9es valant aux alentours de 15 euros, et des plats affich\u00e9s autour de 25 euros. Sans compter les quiches, les salades et m\u00eame un myst\u00e9rieux steak baguette. <strong>Sur quel dessert Kate a-t-elle pos\u00e9 ses bougies ? <\/strong><a target=\"_blank\" href=\"https:\/\/www.pointdevue.fr\/lifestyle\/gastronomie\/les-desserts-preferes-des-royaux\" rel=\"noopener\"><strong>Mousse au chocolat, tarte au citron, tarte Tatin ou cr\u00e8me br\u00fbl\u00e9e<\/strong><\/a><strong> ? <\/strong>Aucune information n&rsquo;a filtr\u00e9. La future reine d&rsquo;Angleterre a \u00e9t\u00e9 d\u00e9crite comme <strong>\u00ab\u00a0tout \u00e0 fait charmante et aussi radieuse que chacun peut l&rsquo;imaginer\u00a0\u00bb<\/strong> par les restaurateurs qui pr\u00e9cisent avoir eu du mal \u00e0 s&rsquo;en remettre. \u00ab\u00a0Un petit moment de magie pour notre modeste bistrot \u2014 et un souvenir que nous n\u2019oublierons pas de sit\u00f4t\u00a0\u00bb. Le \u00ab\u00a0<a target=\"_blank\" href=\"https:\/\/www.pointdevue.fr\/royal\/royaume-uni\/kate-middleton-pourrait-elle-bousculer-lindustrie-de-la-mode-britannique-en-2025\" rel=\"noopener\">Kate effect<\/a>\u00a0\u00bb pourrait en effet ne pas leur laisser beaucoup de r\u00e9pit dans les semaines \u00e0 venir&#8230;\u00a0<\/p>\n<p>Lire aussi &gt;&gt; <a target=\"_blank\" href=\"https:\/\/www.pointdevue.fr\/royal\/royaume-uni\/le-prince-george-dans-la-cour-des-grands-2026-lannee-qui-va-tout-changer\" rel=\"noopener\">Le prince George dans la cour des grands : 2026, l&rsquo;ann\u00e9e qui va tout changer<\/a><\/p>\n","protected":false},"excerpt":{"rendered":"Alors que le monde entier d\u00e9couvrait, le 9 janvier, sa nouvelle vid\u00e9o d\u00e9di\u00e9 \u00e0 l&rsquo;hiver, la princesse de&hellip;\n","protected":false},"author":2,"featured_media":662671,"comment_status":"","ping_status":"","sticky":false,"template":"","format":"standard","meta":{"footnotes":""},"categories":[1588],"tags":[11,1777,674,12,473,1853,1851,1850,1852],"class_list":{"0":"post-662670","1":"post","2":"type-post","3":"status-publish","4":"format-standard","5":"has-post-thumbnail","7":"category-royaume-uni","8":"tag-actualites","9":"tag-eu","10":"tag-europe","11":"tag-news","12":"tag-royaume-uni","13":"tag-royaume-uni-de-grande-bretagne-et-dirlande-du-nord","14":"tag-uk","15":"tag-united-kingdom","16":"tag-united-kingdom-of-great-britain-and-northern-ireland"},"share_on_mastodon":{"url":"https:\/\/pubeurope.com\/@fr\/115892917693007675","error":""},"_links":{"self":[{"href":"https:\/\/www.europesays.com\/fr\/wp-json\/wp\/v2\/posts\/662670","targetHints":{"allow":["GET"]}}],"collection":[{"href":"https:\/\/www.europesays.com\/fr\/wp-json\/wp\/v2\/posts"}],"about":[{"href":"https:\/\/www.europesays.com\/fr\/wp-json\/wp\/v2\/types\/post"}],"author":[{"embeddable":true,"href":"https:\/\/www.europesays.com\/fr\/wp-json\/wp\/v2\/users\/2"}],"replies":[{"embeddable":true,"href":"https:\/\/www.europesays.com\/fr\/wp-json\/wp\/v2\/comments?post=662670"}],"version-history":[{"count":0,"href":"https:\/\/www.europesays.com\/fr\/wp-json\/wp\/v2\/posts\/662670\/revisions"}],"wp:featuredmedia":[{"embeddable":true,"href":"https:\/\/www.europesays.com\/fr\/wp-json\/wp\/v2\/media\/662671"}],"wp:attachment":[{"href":"https:\/\/www.europesays.com\/fr\/wp-json\/wp\/v2\/media?parent=662670"}],"wp:term":[{"taxonomy":"category","embeddable":true,"href":"https:\/\/www.europesays.com\/fr\/wp-json\/wp\/v2\/categories?post=662670"},{"taxonomy":"post_tag","embeddable":true,"href":"https:\/\/www.europesays.com\/fr\/wp-json\/wp\/v2\/tags?post=662670"}],"curies":[{"name":"wp","href":"https:\/\/api.w.org\/{rel}","templated":true}]}}