{"id":662672,"date":"2026-01-14T10:12:13","date_gmt":"2026-01-14T10:12:13","guid":{"rendered":"https:\/\/www.europesays.com\/fr\/662672\/"},"modified":"2026-01-14T10:12:13","modified_gmt":"2026-01-14T10:12:13","slug":"un-court-metrage-ne-a-riviere-du-loup-resonne-jusquen-allemagne","status":"publish","type":"post","link":"https:\/\/www.europesays.com\/fr\/662672\/","title":{"rendered":"Un court m\u00e9trage n\u00e9 \u00e0 Rivi\u00e8re-du-Loup r\u00e9sonne jusqu\u2019en Allemagne"},"content":{"rendered":"<p class=\"article-bodystyled__StyledText-sc-19uhgql-0 bGeyRM body-paragraph\" id=\"content-element-FDLLPI2UGNAWRC7TXP75M6KUXY\">Despu\u00e9s del silencio, qui signifie \u00abapr\u00e8s le silence\u00bb en espagnol, traite de l\u2019inceste, un sujet difficile et encore fortement tabou, note la jeune r\u00e9alisatrice, dipl\u00f4m\u00e9e du C\u00e9gep de Rivi\u00e8re-du-Loup en 2024 . Le court m\u00e9trage de 13 minutes explore la prise de parole d\u2019une victime, \u00abune force et une arme indispensable pour se lib\u00e9rer de ce silence\u00bb, d\u00e9crit-elle. <\/p>\n<p>          Le court-m\u00e9trage de Matilde-Luna Perotti est s\u00e9lectionn\u00e9 dans 15 festivals un peu partout au pays et \u00e0 l&rsquo;international.<br \/>\n          (Matilde-Luna Perotti)<\/p>\n<p class=\"article-bodystyled__StyledText-sc-19uhgql-0 bGeyRM body-paragraph\" id=\"content-element-NVXSA6G3SVEONE2TO5UQP5P65M\">\u00abMon but, avec ce documentaire, \u00e9tait de pouvoir ouvrir une discussion sur le sujet de l\u2019inceste\u00bb, souligne Matilde-Luna Perotti. Que je puisse avoir la chance de le faire \u00e0 autant de reprises me rend vraiment fi\u00e8re et confirme que j\u2019ai eu raison de ne plus vouloir rester dans le silence.\u00bb<\/p>\n<p class=\"article-bodystyled__StyledText-sc-19uhgql-0 bGeyRM body-paragraph\" id=\"content-element-A4BO4K6EIFDVPORNMV6N2PUEYA\">Son court m\u00e9trage en espagnol sous-titr\u00e9 en fran\u00e7ais r\u00e9sonne maintenant un peu partout dans le monde. Il a \u00e9t\u00e9 s\u00e9lectionn\u00e9 dans 15 festivals et a d\u00e9j\u00e0 remport\u00e9 sept prix, de Toronto jusqu\u2019\u00e0 Leipzig, en Allemagne.<\/p>\n<p class=\"article-bodystyled__StyledText-sc-19uhgql-0 bGeyRM body-paragraph\" id=\"content-element-VQXWHTX6KRHLTIGHOGD733SMWA\">Au Canada, la jeune r\u00e9alisatrice d\u2019origine italo-colombienne a remport\u00e9 dans la cat\u00e9gorie Best editor du TIFF Next Wave de Toronto, Best production design au Future of Film Showcase de Toronto, Coup de c\u0153ur du jury jeunesse et Coup de c\u0153ur du public au Festival \u00c9mergence de Montr\u00e9al, Coup de c\u0153ur \u00e9tudiant et Meilleur espoir \u00e0 Cin\u00e9ma sous les \u00e9toiles de Montr\u00e9al. En Allemagne, elle s\u2019est m\u00e9rit\u00e9 le Golden Dove du meilleur court m\u00e9trage documentaire international au DOK Leipzig.<\/p>\n<p>\u00abLaisser une place \u00e0 la beaut\u00e9\u00bb<\/p>\n<p class=\"article-bodystyled__StyledText-sc-19uhgql-0 bGeyRM body-paragraph\" id=\"content-element-L34PKJVRZBDPJPN3WCS3OU4R6U\">Des honneurs qui ravissent la cr\u00e9atrice. \u00abOn m\u2019a dit plusieurs fois que ce qui restait dans l\u2019esprit apr\u00e8s avoir regard\u00e9 mon film, c\u2019\u00e9tait la beaut\u00e9, souligne la jeune femme. Cela peut paraitre rare lorsqu\u2019on aborde un sujet aussi violent, mais je voulais laisser une place \u00e0 la beaut\u00e9 que l\u2019on peut retrouver dans le processus de gu\u00e9rison, particuli\u00e8rement lorsqu\u2019il devient possible gr\u00e2ce au collectif .\u00bb<\/p>\n<p><img decoding=\"async\" data-chromatic=\"ignore\" alt=\"Matilde-Luna Perotti a &#xE9;t&#xE9; dipl&#xF4;m&#xE9;e du C&#xE9;gep de Rivi&#xE8;re-du-Loup en 2024.\" class=\"c-image\" loading=\"lazy\" src=\"https:\/\/www.europesays.com\/fr\/wp-content\/uploads\/2026\/01\/47ITJH54WVHO3DUAB6YSGWRCSI.JPEG\"  width=\"600\" height=\"905\"\/><\/p>\n<p class=\"image-metadata__MetadataParagraph-sc-1gfk7p2-0 cAaLKg image-metadata\">Matilde-Luna Perotti a \u00e9t\u00e9 dipl\u00f4m\u00e9e du C\u00e9gep de Rivi\u00e8re-du-Loup en 2024. (Fournie par le C\u00e9gep de Rivi\u00e8re-du-Loup)<\/p>\n<p class=\"article-bodystyled__StyledText-sc-19uhgql-0 bGeyRM body-paragraph\" id=\"content-element-DGPB7V4ARVGG3BMJ7MBQKUHOHI\">Le film avait \u00e9t\u00e9 con\u00e7u dans le cadre de la formation R\u00e9alisation de films documentaires \u00e0 l\u2019\u00c9cole de m\u00e9tiers du cin\u00e9ma et de la vid\u00e9o de Rivi\u00e8re-du-Loup. Ses coll\u00e8gues de classe Bleue Pronovost-Teyssier et Pauline Bouhelel ont respectivement particip\u00e9 au projet, \u00e0 la photographie et au son. <\/p>\n<p class=\"article-bodystyled__StyledText-sc-19uhgql-0 bGeyRM body-paragraph\" id=\"content-element-UHLT4KHZMRCLJEYOWV6FE74NN4\">Son enseignant Hubert Sabino-Brunette a eu un r\u00e9el plaisir \u00e0 accompagner Mathilde dans son projet de cr\u00e9ation.<\/p>\n<p class=\"article-bodystyled__StyledText-sc-19uhgql-0 bGeyRM body-paragraph\" id=\"content-element-6GJA35O4KBDB5KSE3E7EC3VZJE\">\u00abDespu\u00e9s del silencio est pour moi une \u0153uvre immens\u00e9ment mature, tr\u00e8s personnelle, et qui parvient \u00e0 l\u2019universel\u00bb, a soulign\u00e9 l\u2019enseignant de Rivi\u00e8re-du-Loup.<\/p><\/p>\n","protected":false},"excerpt":{"rendered":"Despu\u00e9s del silencio, qui signifie \u00abapr\u00e8s le silence\u00bb en espagnol, traite de l\u2019inceste, un sujet difficile et encore&hellip;\n","protected":false},"author":2,"featured_media":662673,"comment_status":"","ping_status":"","sticky":false,"template":"","format":"standard","meta":{"footnotes":""},"categories":[1587],"tags":[11,672,1804,1805,1803,1777,674,1801,12,1802],"class_list":{"0":"post-662672","1":"post","2":"type-post","3":"status-publish","4":"format-standard","5":"has-post-thumbnail","7":"category-allemagne","8":"tag-actualites","9":"tag-allemagne","10":"tag-bundesrepublik-deutschland","11":"tag-de","12":"tag-deutschland","13":"tag-eu","14":"tag-europe","15":"tag-germany","16":"tag-news","17":"tag-republique-federale-dallemagne"},"share_on_mastodon":{"url":"https:\/\/pubeurope.com\/@fr\/115892921813944857","error":""},"_links":{"self":[{"href":"https:\/\/www.europesays.com\/fr\/wp-json\/wp\/v2\/posts\/662672","targetHints":{"allow":["GET"]}}],"collection":[{"href":"https:\/\/www.europesays.com\/fr\/wp-json\/wp\/v2\/posts"}],"about":[{"href":"https:\/\/www.europesays.com\/fr\/wp-json\/wp\/v2\/types\/post"}],"author":[{"embeddable":true,"href":"https:\/\/www.europesays.com\/fr\/wp-json\/wp\/v2\/users\/2"}],"replies":[{"embeddable":true,"href":"https:\/\/www.europesays.com\/fr\/wp-json\/wp\/v2\/comments?post=662672"}],"version-history":[{"count":0,"href":"https:\/\/www.europesays.com\/fr\/wp-json\/wp\/v2\/posts\/662672\/revisions"}],"wp:featuredmedia":[{"embeddable":true,"href":"https:\/\/www.europesays.com\/fr\/wp-json\/wp\/v2\/media\/662673"}],"wp:attachment":[{"href":"https:\/\/www.europesays.com\/fr\/wp-json\/wp\/v2\/media?parent=662672"}],"wp:term":[{"taxonomy":"category","embeddable":true,"href":"https:\/\/www.europesays.com\/fr\/wp-json\/wp\/v2\/categories?post=662672"},{"taxonomy":"post_tag","embeddable":true,"href":"https:\/\/www.europesays.com\/fr\/wp-json\/wp\/v2\/tags?post=662672"}],"curies":[{"name":"wp","href":"https:\/\/api.w.org\/{rel}","templated":true}]}}