{"id":662684,"date":"2026-01-14T10:20:10","date_gmt":"2026-01-14T10:20:10","guid":{"rendered":"https:\/\/www.europesays.com\/fr\/662684\/"},"modified":"2026-01-14T10:20:10","modified_gmt":"2026-01-14T10:20:10","slug":"lusl-rend-hommage-a-philippe-ressejac-medialot","status":"publish","type":"post","link":"https:\/\/www.europesays.com\/fr\/662684\/","title":{"rendered":"L\u2019USL rend hommage \u00e0 Philippe Ressejac \u2013 Medialot"},"content":{"rendered":"<p>\t\t\t\t\t\u00ab\u00a0Loubel\u00a0\u00bb nous a quitt\u00e9s.<\/p>\n<p>Philippe Ressejac dit \u00ab\u00a0Loubel\u00a0\u00bb nous a quitt\u00e9s. L\u2019Union Sportive Luz\u00e9choise lui rend hommage : \u00ab\u00a0Un pilier de l\u2019USL nous a quitt\u00e9s. Le stade de la Douve est aujourd\u2019hui en deuil. Philippe, que tout le monde ici appelait affectueusement \u00ab Loubel \u00bb, s\u2019en est all\u00e9, laissant derri\u00e8re lui le souvenir d\u2019un homme d\u2019engagement, de fid\u00e9lit\u00e9 et de passion. Professionnellement, Philippe \u00e9tait un exemple de stabilit\u00e9. Apr\u00e8s sa formation \u00e0 l\u2019\u00e9cole des Travaux Publics d\u2019\u00c9gletons, il int\u00e8gre l\u2019entreprise Marcouly en 1981. Il y effectuera l\u2019int\u00e9gralit\u00e9 de sa carri\u00e8re jusqu\u2019\u00e0 sa retraite. Cette loyaut\u00e9 professionnelle faisait \u00e9cho \u00e0 sa loyaut\u00e9 sportive : Philippe \u00e9tait un homme de parole et de racines. Si Philippe a fait ses premi\u00e8res armes sportives sur les terrains de football de Saint-Vincent-Rive-d\u2019Olt, c\u2019est vers l\u2019ovale qu\u2019il se tourne \u00e0 son retour de l\u2019arm\u00e9e. Inspir\u00e9 par son fr\u00e8re cadet Dominique \u2014 champion de France Juniors en 1980 avec l\u2019USL \u2014 Philippe chausse les crampons et entame une longue et belle carri\u00e8re sous les couleurs \u00ab Rouge et Blanc \u00bb. Sur le terrain, il \u00e9tait l\u2019image m\u00eame de la pers\u00e9v\u00e9rance, capable de ferrailler au c\u0153ur du combat en troisi\u00e8me ligne comme de couvrir les espaces \u00e0 l\u2019arri\u00e8re, il faisait le pont entre les avants et les trois-quarts. Une fois les crampons raccroch\u00e9s, il n\u2019a jamais quitt\u00e9 le bord des terrains, entamant une seconde vie de transmission. Il a ainsi fa\u00e7onn\u00e9 des g\u00e9n\u00e9rations de rugbymen. Tour \u00e0 tour \u00e9ducateur \u00e0 l\u2019\u00e9cole de rugby, entra\u00eeneur des cadets et des juniors, puis des seniors, il a transmis avec rigueur et bienveillance les valeurs de ce sport qu\u2019il aimait tant. En 2004, il fut l\u2019un des acteurs majeurs de l\u2019aventure Rugby Quercy Lot, prouvant une nouvelle fois sa vision et son d\u00e9vouement pour le d\u00e9veloppement du rugby local en apportant ensuite sa contribution en tant que dirigeant et ami de l\u2019USL. Sa connaissance encyclop\u00e9dique du rugby nous manquera. Au-del\u00e0 du rugby, Philippe \u00e9tait un amoureux de l\u2019effort et de ses paysages lotois. On le croisait souvent sur les routes, pratiquant la course \u00e0 pied ou, plus r\u00e9cemment, parcourant Luzech et ses environs sur son v\u00e9lo. \u00ab\u00a0Loubel\u00a0\u00bb, nous continuerons \u00e0 penser rugby, \u00e0 vibrer, appr\u00e9cier le beau jeu, le beau geste, la belle \u00e9quipe.\u00a0\u00bb Un hommage particulier lui sera rendu lors du prochain match des Rouge et Blanc \u00e0 la douve face \u00e0 Monclar le 25 janvier.<\/p>\n<p>Photo USL<\/p>\n<p>\u00a0<\/p>\n<p>&#13;<br \/>\n\t\t\t\t Vues : 921&#13;\n\t\t\t<\/p>\n","protected":false},"excerpt":{"rendered":"\u00ab\u00a0Loubel\u00a0\u00bb nous a quitt\u00e9s. Philippe Ressejac dit \u00ab\u00a0Loubel\u00a0\u00bb nous a quitt\u00e9s. L\u2019Union Sportive Luz\u00e9choise lui rend hommage :&hellip;\n","protected":false},"author":2,"featured_media":662685,"comment_status":"","ping_status":"","sticky":false,"template":"","format":"standard","meta":{"footnotes":""},"categories":[1416],"tags":[1011,27,479,1468,60],"class_list":{"0":"post-662684","1":"post","2":"type-post","3":"status-publish","4":"format-standard","5":"has-post-thumbnail","7":"category-rugby","8":"tag-fr","9":"tag-france","10":"tag-rugby","11":"tag-rugby-football","12":"tag-sports"},"share_on_mastodon":{"url":"https:\/\/pubeurope.com\/@fr\/115892953037896586","error":""},"_links":{"self":[{"href":"https:\/\/www.europesays.com\/fr\/wp-json\/wp\/v2\/posts\/662684","targetHints":{"allow":["GET"]}}],"collection":[{"href":"https:\/\/www.europesays.com\/fr\/wp-json\/wp\/v2\/posts"}],"about":[{"href":"https:\/\/www.europesays.com\/fr\/wp-json\/wp\/v2\/types\/post"}],"author":[{"embeddable":true,"href":"https:\/\/www.europesays.com\/fr\/wp-json\/wp\/v2\/users\/2"}],"replies":[{"embeddable":true,"href":"https:\/\/www.europesays.com\/fr\/wp-json\/wp\/v2\/comments?post=662684"}],"version-history":[{"count":0,"href":"https:\/\/www.europesays.com\/fr\/wp-json\/wp\/v2\/posts\/662684\/revisions"}],"wp:featuredmedia":[{"embeddable":true,"href":"https:\/\/www.europesays.com\/fr\/wp-json\/wp\/v2\/media\/662685"}],"wp:attachment":[{"href":"https:\/\/www.europesays.com\/fr\/wp-json\/wp\/v2\/media?parent=662684"}],"wp:term":[{"taxonomy":"category","embeddable":true,"href":"https:\/\/www.europesays.com\/fr\/wp-json\/wp\/v2\/categories?post=662684"},{"taxonomy":"post_tag","embeddable":true,"href":"https:\/\/www.europesays.com\/fr\/wp-json\/wp\/v2\/tags?post=662684"}],"curies":[{"name":"wp","href":"https:\/\/api.w.org\/{rel}","templated":true}]}}