{"id":662689,"date":"2026-01-14T10:26:11","date_gmt":"2026-01-14T10:26:11","guid":{"rendered":"https:\/\/www.europesays.com\/fr\/662689\/"},"modified":"2026-01-14T10:26:11","modified_gmt":"2026-01-14T10:26:11","slug":"gerard-lopez-jusquou-je-me-projette-avec-les-girondins-tant-que-jai-la-sante-je-nai-pas-vraiment-de-limite","status":"publish","type":"post","link":"https:\/\/www.europesays.com\/fr\/662689\/","title":{"rendered":"G\u00e9rard Lopez : \u00ab\u00a0Jusqu&rsquo;o\u00f9 je me projette avec les Girondins ?\u00a0Tant que j&rsquo;ai la sant\u00e9, je n&rsquo;ai pas vraiment de limite\u00a0\u00bb"},"content":{"rendered":"<p><img width=\"773\" height=\"380\" data-lazy-type=\"image\" src=\"https:\/\/www.europesays.com\/fr\/wp-content\/uploads\/2026\/01\/bandicam-2022-11-06-17-49-04-440_resultat-773x380.jpg\" class=\"lazy lazy-hidden attachment-alchemists_thumbnail-lg size-alchemists_thumbnail-lg wp-post-image\" alt=\"\" decoding=\"async\" fetchpriority=\"high\"\/><\/p>\n<p>Dans <a href=\"https:\/\/www.lequipe.fr\/Football\/Article\/Gerard-lopez-on-doute-de-l-amour-que-je-peux-avoir-pour-ce-club\/1633337\" target=\"_blank\" rel=\"noopener\"><br \/>\nL\u2019Equipe<\/a>, le Pr\u00e9sident et Propri\u00e9taire des Girondins de<br \/>\nBordeaux, <strong>G\u00e9rard Lopez<\/strong>, a expliqu\u00e9 pourquoi ,<br \/>\navoir avoir inject\u00e9 un peu plus de 57 M\u20ac, il continue d\u2019investir<br \/>\ndans un club en National 2, ce qui va d\u2019ailleurs le conduire \u00e0<br \/>\nr\u00e9investir de 33 \u00e0 69 M\u20ac selon vos r\u00e9sultats du Club au<br \/>\nScapulaire.<\/p>\n<blockquote>\n<p>\u201cPosez la question \u00e0 tous ceux qui critiquent. Moi, je le fais<br \/>\nparce que j\u2019ai envie que ce club retrouve sa place. Et, \u00e0 la<br \/>\ndiff\u00e9rence de ceux qui n\u2019arr\u00eatent pas de critiquer et qui<br \/>\nn\u2019investissent pas, je le fais. Quand j\u2019ai dit que nous allions<br \/>\npasser par un plan de redressement, je l\u2019ai fait. Je l\u2019ai financ\u00e9,<br \/>\nje continue \u00e0 le financer. Quand je suis arriv\u00e9, le club \u00e9tait au<br \/>\ntribunal de commerce. Il n\u2019y avait personne pour le sauver,<br \/>\npersonne pour investir, personne pour faire quoi que ce soit. On<br \/>\ndoute de l\u2019amour que je peux maintenant avoir pour ce club-l\u00e0, pour<br \/>\nles gens, pour les joueurs, pour des supporters dont je re\u00e7ois des<br \/>\nmessages de remerciements. Je le fais pour ces gens-l\u00e0. Je n\u2019ai<br \/>\nrien \u00e0 gagner. J\u2019ai envie de faire l\u2019investissement qu\u2019il faut. Je<br \/>\nsuis patient\u201d.<\/p>\n<\/blockquote>\n<p>Ainsi, <strong>G\u00e9rard Lopez<\/strong> assure que m\u00eame s\u2019il est<br \/>\npositif pour l\u2019issue de cette saison, il sera toujours l\u00e0 la saison<br \/>\nprochaine s\u2019il n\u2019y a pas de mont\u00e9e en National. \u201cLe budget est<br \/>\npr\u00e9vu en cas de mont\u00e9e ou non. Apr\u00e8s, c\u2019est clair que je pr\u00e9f\u00e8re la<br \/>\npremi\u00e8re option. Si je repars pour un tour m\u00eame s\u2019il n\u2019y a pas de<br \/>\nmont\u00e9e ?\u00a0Vous connaissez la r\u00e9ponse Jusqu\u2019o\u00f9 je me projette<br \/>\navec les Girondins ?\u00a0Tant que j\u2019ai la sant\u00e9, je n\u2019ai pas<br \/>\nvraiment de limite\u201d. Car G\u00e9rard\u00a0 Lopez\u201cpense et<br \/>\nesp\u00e8re\u201d que Bordeaux peut redevenir un grand club<br \/>\nsportivement.<\/p>\n<p>\u00a0<\/p>\n<blockquote class=\"twitter-tweet\">\n<p dir=\"ltr\" lang=\"fr\">Pour la premi\u00e8re fois depuis plus de six<br \/>\nmois, le pr\u00e9sident des Girondins de Bordeaux G\u00e9rard Lopez prend la<br \/>\nparole. Situation sportive, financi\u00e8re, mercato, r\u00e9ponse aux<br \/>\ncritiques.<a href=\"https:\/\/t.co\/7GVLP9qGBI\">https:\/\/t.co\/7GVLP9qGBI<\/a> <a href=\"https:\/\/t.co\/b5X6IEnFcF\">pic.twitter.com\/b5X6IEnFcF<\/a><\/p>\n<p>\u2014 L\u2019\u00c9quipe (@lequipe) <a href=\"https:\/\/twitter.com\/lequipe\/status\/2011188066363359302?ref_src=twsrc%5Etfw\" target=\"_blank\" rel=\"noopener\"><br \/>\nJanuary 13, 2026<\/a><\/p>\n<\/blockquote>\n<p><script async src=\"https:\/\/platform.twitter.com\/widgets.js\" charset=\"utf-8\"><\/script><\/p>\n","protected":false},"excerpt":{"rendered":"Dans L\u2019Equipe, le Pr\u00e9sident et Propri\u00e9taire des Girondins de Bordeaux, G\u00e9rard Lopez, a expliqu\u00e9 pourquoi , avoir avoir&hellip;\n","protected":false},"author":2,"featured_media":662690,"comment_status":"","ping_status":"","sticky":false,"template":"","format":"standard","meta":{"footnotes":""},"categories":[1410],"tags":[63,1011,27,60],"class_list":{"0":"post-662689","1":"post","2":"type-post","3":"status-publish","4":"format-standard","5":"has-post-thumbnail","7":"category-football","8":"tag-football","9":"tag-fr","10":"tag-france","11":"tag-sports"},"share_on_mastodon":{"url":"https:\/\/pubeurope.com\/@fr\/115892976696136682","error":""},"_links":{"self":[{"href":"https:\/\/www.europesays.com\/fr\/wp-json\/wp\/v2\/posts\/662689","targetHints":{"allow":["GET"]}}],"collection":[{"href":"https:\/\/www.europesays.com\/fr\/wp-json\/wp\/v2\/posts"}],"about":[{"href":"https:\/\/www.europesays.com\/fr\/wp-json\/wp\/v2\/types\/post"}],"author":[{"embeddable":true,"href":"https:\/\/www.europesays.com\/fr\/wp-json\/wp\/v2\/users\/2"}],"replies":[{"embeddable":true,"href":"https:\/\/www.europesays.com\/fr\/wp-json\/wp\/v2\/comments?post=662689"}],"version-history":[{"count":0,"href":"https:\/\/www.europesays.com\/fr\/wp-json\/wp\/v2\/posts\/662689\/revisions"}],"wp:featuredmedia":[{"embeddable":true,"href":"https:\/\/www.europesays.com\/fr\/wp-json\/wp\/v2\/media\/662690"}],"wp:attachment":[{"href":"https:\/\/www.europesays.com\/fr\/wp-json\/wp\/v2\/media?parent=662689"}],"wp:term":[{"taxonomy":"category","embeddable":true,"href":"https:\/\/www.europesays.com\/fr\/wp-json\/wp\/v2\/categories?post=662689"},{"taxonomy":"post_tag","embeddable":true,"href":"https:\/\/www.europesays.com\/fr\/wp-json\/wp\/v2\/tags?post=662689"}],"curies":[{"name":"wp","href":"https:\/\/api.w.org\/{rel}","templated":true}]}}