{"id":66269,"date":"2025-05-01T06:36:13","date_gmt":"2025-05-01T06:36:13","guid":{"rendered":"https:\/\/www.europesays.com\/fr\/66269\/"},"modified":"2025-05-01T06:36:13","modified_gmt":"2025-05-01T06:36:13","slug":"aux-etats-unis-bientot-des-ecoles-religieuses-directement-financees-par-le-contribuable","status":"publish","type":"post","link":"https:\/\/www.europesays.com\/fr\/66269\/","title":{"rendered":"Aux Etats-Unis, bient\u00f4t des \u00e9coles religieuses directement financ\u00e9es par le contribuable?"},"content":{"rendered":"<p>              <a tabindex=\"-1\" title=\"Lor\u00e8ne Mesot\" href=\"https:\/\/www.letemps.ch\/profil\/lorene-mesot-2\" target=\"_blank\" rel=\"noopener\"><\/p>\n<p>                    <img decoding=\"async\" src=\"https:\/\/www.europesays.com\/fr\/wp-content\/uploads\/2025\/05\/small.jpeg\" class=\"lazy\" alt=\"\"\/><\/p>\n<p><\/a>        <\/p>\n<p>    Publi\u00e9 le 01 mai 2025 \u00e0 08:05. \/ Modifi\u00e9 le 01 mai 2025 \u00e0 08:10.<\/p>\n<p> 5 min. de lecture<\/p>\n<p>Aux Etats-Unis, le sc\u00e9nario \u00e9tait inimaginable il y a quelques ann\u00e9es encore. Il ne l\u2019est plus. A Washington mercredi, la Cour supr\u00eame s\u2019est montr\u00e9e encline \u00e0 l\u2019id\u00e9e d\u2019autoriser l\u2019ouverture d\u2019une \u00e9cole catholique financ\u00e9e par des deniers publics. Il s\u2019agirait d\u2019une grande premi\u00e8re dans le pays. Le cas \u00e9tudi\u00e9 par la Cour est celui d\u2019une charter school en Oklahoma. Ces \u00e9coles am\u00e9ricaines ont la particularit\u00e9 d\u2019\u00eatre g\u00e9r\u00e9es par des organismes priv\u00e9s et de b\u00e9n\u00e9ficier de fonds publics. Gratuites, elles disposent de plus de latitude que les \u00e9coles publiques traditionnelles, dans le programme notamment, mais doivent r\u00e9pondre \u00e0 diff\u00e9rents crit\u00e8res, par exemple en termes de performance. Ces \u00e9tablissements fonctionnent de mani\u00e8re autonome, sans \u00eatre rattach\u00e9s aux districts scolaires, mais sont li\u00e9s aux autorit\u00e9s par des accords qui doivent \u00eatre r\u00e9guli\u00e8rement renouvel\u00e9s. Surtout, ils doivent \u00eatre la\u00efcs, en vertue de la s\u00e9paration entre Eglise et Etat.<\/p>\n<p>Dans le pays qui compte plusieurs milliers de charter schools, l\u2019affaire d\u00e9battue mercredi est donc extr\u00eamement suivie. Cette affaire \u00abpourrait consid\u00e9rablement augmenter le financement des contribuables pour l\u2019\u00e9ducation religieuse\u00bb, estime <a href=\"https:\/\/amp.cnn.com\/cnn\/2025\/04\/29\/politics\/st-isidore-catholic-charter-school-supreme-court\" rel=\"nofollow noopener\" target=\"_blank\">CNN.<\/a> Et m\u00eame \u00abbouleverser les principes constitutionnels fondamentaux\u00bb, rench\u00e9rit le <a href=\"https:\/\/www.washingtonpost.com\/politics\/2025\/04\/28\/oklahoma-supreme-court-catholic-public-school-st-isidores\/\" rel=\"nofollow noopener\" target=\"_blank\">Washington Post<\/a>.<\/p>\n<p>    La suite de l&rsquo;article vous int\u00e9resse?<\/p>\n<p>Tout comprendre, mieux s\u2019informer: acc\u00e9dez au meilleur du journalisme suisse avec notre offre combin\u00e9e <b>Le Temps &amp; Heidi.news<\/b>. &#13;\n<\/p>\n<p>Abonnez-vous en quelques clics et payez facilement avec <b>Twint<\/b>.<\/p>\n<p>    <a class=\"button is-secondary\" data-event=\"click-&gt;clicked\" href=\"https:\/\/www.letemps.ch\/abonnements?wall_id=1\" target=\"_blank\" rel=\"noopener\">Je m\u2019abonne<\/a><\/p>\n<p class=\"post-subscribe__login\">\n        Vous avez d\u00e9j\u00e0 un compte ?<br \/>\n        <a class=\"link\" rel=\"nofollow noopener\" href=\"https:\/\/www.letemps.ch\/compte\/connexion?return_to=https%3A%2F%2Fwww.letemps.ch%2Fmonde%2Fameriques%2Faux-etats-unis-bientot-des-ecoles-religieuses-directement-financees-par-le-contribuable\" target=\"_blank\">Se connecter<\/a>\n      <\/p>\n","protected":false},"excerpt":{"rendered":"Publi\u00e9 le 01 mai 2025 \u00e0 08:05. \/ Modifi\u00e9 le 01 mai 2025 \u00e0 08:10. 5 min. de&hellip;\n","protected":false},"author":2,"featured_media":66270,"comment_status":"","ping_status":"","sticky":false,"template":"","format":"standard","meta":{"footnotes":""},"categories":[1589],"tags":[11,73,1866,12,301,11725,1864,1865,1863,308],"class_list":{"0":"post-66269","1":"post","2":"type-post","3":"status-publish","4":"format-standard","5":"has-post-thumbnail","7":"category-etats-unis","8":"tag-actualites","9":"tag-etats-unis","10":"tag-etats-unis-damerique","11":"tag-news","12":"tag-premium","13":"tag-religions","14":"tag-united-states","15":"tag-united-states-of-america","16":"tag-us","17":"tag-usa"},"share_on_mastodon":{"url":"https:\/\/pubeurope.com\/@fr\/114431196146198280","error":""},"_links":{"self":[{"href":"https:\/\/www.europesays.com\/fr\/wp-json\/wp\/v2\/posts\/66269","targetHints":{"allow":["GET"]}}],"collection":[{"href":"https:\/\/www.europesays.com\/fr\/wp-json\/wp\/v2\/posts"}],"about":[{"href":"https:\/\/www.europesays.com\/fr\/wp-json\/wp\/v2\/types\/post"}],"author":[{"embeddable":true,"href":"https:\/\/www.europesays.com\/fr\/wp-json\/wp\/v2\/users\/2"}],"replies":[{"embeddable":true,"href":"https:\/\/www.europesays.com\/fr\/wp-json\/wp\/v2\/comments?post=66269"}],"version-history":[{"count":0,"href":"https:\/\/www.europesays.com\/fr\/wp-json\/wp\/v2\/posts\/66269\/revisions"}],"wp:featuredmedia":[{"embeddable":true,"href":"https:\/\/www.europesays.com\/fr\/wp-json\/wp\/v2\/media\/66270"}],"wp:attachment":[{"href":"https:\/\/www.europesays.com\/fr\/wp-json\/wp\/v2\/media?parent=66269"}],"wp:term":[{"taxonomy":"category","embeddable":true,"href":"https:\/\/www.europesays.com\/fr\/wp-json\/wp\/v2\/categories?post=66269"},{"taxonomy":"post_tag","embeddable":true,"href":"https:\/\/www.europesays.com\/fr\/wp-json\/wp\/v2\/tags?post=66269"}],"curies":[{"name":"wp","href":"https:\/\/api.w.org\/{rel}","templated":true}]}}