{"id":662691,"date":"2026-01-14T10:27:11","date_gmt":"2026-01-14T10:27:11","guid":{"rendered":"https:\/\/www.europesays.com\/fr\/662691\/"},"modified":"2026-01-14T10:27:11","modified_gmt":"2026-01-14T10:27:11","slug":"il-etait-jaloux-de-tout-le-monde","status":"publish","type":"post","link":"https:\/\/www.europesays.com\/fr\/662691\/","title":{"rendered":"\u00ab Il \u00e9tait jaloux de tout le monde \u00bb\u00a0"},"content":{"rendered":"<p>Par <a class=\"author_recette\" id=\"author_name\" href=\"https:\/\/www.nextplz.fr\/auteur\/yvan-styve\" target=\"_blank\" rel=\"noopener\">Yvan Styve<\/a><br \/>\n&#8211; Publi\u00e9 le<br \/>\n14 Jan 2026 \u00e0<br \/>\n08:30<\/p>\n<p class=\"article-intro excerpt\">Les coulisses de la chanson<br \/>\nfran\u00e7aise cachent parfois des rivalit\u00e9s d\u00e9vastatrices et<br \/>\nsilencieuses. Alain Chamfort d\u00e9voile enfin la v\u00e9rit\u00e9 sur ses<br \/>\nrelations tumultueuses avec l\u2019ic\u00f4ne Claude Fran\u00e7ois.<\/p>\n<p><img width=\"750\" height=\"410\" src=\"data:image\/svg+xml,%3Csvg%20xmlns=\" http:=\"\" class=\"img-responsive alignnone size-full pinit-here zoom-it\" alt=\"jalousie-pressions-et-reglements-de-comptes-la-verite-choc-sur-la-guerre-entre-alain-chamfort-et-claude-francois-il-etait-jaloux-de-tout-le-monde\" fetchpriority=\"high\" data-lazyloading=\"false\" decoding=\"async\" data-lazy-src=\"https:\/\/www.europesays.com\/fr\/wp-content\/uploads\/2026\/01\/jalousie-pressions-et-reglements-de-comptes-la-verite-choc-sur-la-guerre-entre-alain-chamfort-et-cla.jpeg\"\/><\/p>\n<p>\u00a9 Niviere<br \/>\nDavid\/ABACAPRESS.COM\/Shutterstock<\/p>\n<p>L\u00a0\u00bbunivers du showbiz fran\u00e7ais cultive depuis toujours ses<br \/>\nl\u00e9gendes dor\u00e9es et ses zones d&rsquo;ombre inavou\u00e9es. Derri\u00e8re les<br \/>\npaillettes et les tubes intemporels se cachent pourtant des<br \/>\nbatailles d&rsquo;ego f\u00e9roces. Les relations entre grandes stars r\u00e9v\u00e8lent<br \/>\nainsi des m\u00e9canismes de pouvoir insoup\u00e7onn\u00e9s. C&rsquo;est dans cette<br \/>\nlanc\u00e9e que l&rsquo;hommage rendu \u00e0 Claude Fran\u00e7ois ce mardi 13 janvier<br \/>\ndans Le Grand \u00c9chiquier a lib\u00e9r\u00e9 de la parole. Alain Chamfort a<br \/>\nchoisi ce moment symbolique pour d\u00e9construire les mythes entourant<br \/>\nleur relation explosive.<\/p>\n<p>L&rsquo;h\u00e9ritage musical de Cloclo entre gloire et secrets familiaux<\/p>\n<p>Alexandrie Alexandra, Le Lundi au soleil ou<br \/>\nencore Magnolias for Ever ont travers\u00e9 les d\u00e9cennies sans<br \/>\nperdre leur \u00e9clat. Claude Fran\u00e7ois incarne effectivement une<br \/>\nl\u00e9gende de la chanson fran\u00e7aise, adul\u00e9e par toutes les g\u00e9n\u00e9rations.<br \/>\nLe 11 mars 1978, sa disparition tragique plonge le pays dans un<br \/>\nd\u00e9sarroi collectif profond. Par ailleurs, <a href=\"https:\/\/www.nextplz.fr\/people\/492914-claude-francois-sa-mort-a-ete-cachee-a-ses-fils-ils-ne-savaient-pas-comment-faire\" target=\"_blank\" rel=\"noopener\"><br \/>\nses fils d\u00e9couvrent la mort de leur p\u00e8re par les m\u00e9dias<\/a>, un<br \/>\ntraumatisme suppl\u00e9mentaire. \u00c0 cet effet, Claire Chazal et Andr\u00e9<br \/>\nManoukian lui ont donc orchestr\u00e9 un hommage grandiose \u00e0 l&rsquo;Op\u00e9ra<br \/>\nroyal de Versailles. M. Pokora, Natasha St-Pier, Amir ainsi<br \/>\nqu&rsquo;Agust\u00edn Galiana ont ainsi rejoint Claude Fran\u00e7ois Jr pour<br \/>\nc\u00e9l\u00e9brer sa m\u00e9moire. Alain Chamfort a m\u00eame repris Le Temps qui<br \/>\ncourt, cette chanson sortie contre l&rsquo;avis du chanteur disparu.<br \/>\nUne anecdote qui r\u00e9v\u00e8le d\u00e9j\u00e0 les tensions larv\u00e9es qui opposaient<br \/>\nles deux artistes. L&rsquo;animatrice a d&rsquo;ailleurs rappel\u00e9 cette<br \/>\nd\u00e9sob\u00e9issance artistique avec une certaine malice complice.<\/p>\n<p>Sabotages en coulisses et jalousie maladive r\u00e9v\u00e9l\u00e9s par Alain<br \/>\nChamfort<\/p>\n<p>Le plateau du Grand \u00c9chiquier s&rsquo;est tr\u00e8s vite transform\u00e9 en un<br \/>\nth\u00e9\u00e2tre de confessions longtemps retenues par pudeur. Alain<br \/>\nChamfort a effectivement d\u00e9cid\u00e9 de clarifier d\u00e9finitivement la<br \/>\nnature de ses rapports avec Claude Fran\u00e7ois. \u00ab J&rsquo;avais dit une<br \/>\nfois qu&rsquo;il avait \u00e9t\u00e9 un peu taquin avec moi sur sc\u00e8ne \u00bb,<br \/>\nconfie-t-il d&rsquo;abord. Puis il d\u00e9voile une v\u00e9rit\u00e9 plus sombre : \u00ab<br \/>\nIl \u00e9tait jaloux de tout le monde finalement. Il ne supportait<br \/>\npas que les gens autres que lui aient du succ\u00e8s vraiment \u00bb.<br \/>\nL&rsquo;artiste raconte alors comment Claude Fran\u00e7ois a fait d\u00e9brancher<br \/>\nsa sono pour saboter sa prestation sc\u00e9nique. Andr\u00e9 Manoukian tente<br \/>\nde d\u00e9dramatiser en \u00e9voquant l&rsquo;humour suppos\u00e9 de la star disparue.<br \/>\nCependant, Alain Chamfort exprime clairement sa lassitude face \u00e0<br \/>\ncette anecdote ressass\u00e9e pendant vingt-cinq ans. En octobre<br \/>\ndernier, \u00e0 soixante-seize ans, le chanteur <a href=\"https:\/\/www.nextplz.fr\/people\/512923-jai-arrete-de-alain-chamfort-76-ans-touche-par-un-cancer-donne-des-nouvelles-sur-sa-sante\" target=\"_blank\" rel=\"noopener\"><br \/>\nr\u00e9v\u00e9lait courageusement son combat contre un cancer des os<\/a>. Une<br \/>\nconfession m\u00e9dicale qui d\u00e9montre sa volont\u00e9 nouvelle de<br \/>\ntransparence sur son parcours personnel et artistique.<\/p>\n<p>Entre reconnaissance et lib\u00e9ration d&rsquo;une emprise artistique<br \/>\npesante<\/p>\n<p>Malgr\u00e9 les frictions pass\u00e9es, Alain Chamfort reconna\u00eet n\u00e9anmoins<br \/>\nsa dette immense envers son ancien mentor controvers\u00e9. \u00ab Il m&rsquo;a<br \/>\nfait tellement vivre quelque chose que je ne serais pas l\u00e0 sans<br \/>\nlui \u00bb, admet-il. Claude Fran\u00e7ois a notamment trouv\u00e9 son<br \/>\npseudonyme en feuilletant un dictionnaire avec une intuition<br \/>\nremarquable. Toutefois, cette proximit\u00e9 artistique devient<br \/>\nprogressivement \u00e9touffante pour le jeune chanteur en qu\u00eate<br \/>\nd&rsquo;identit\u00e9. \u00ab Je suis un peu coinc\u00e9 dans cet univers qui<br \/>\nn&rsquo;\u00e9tait pas le mien totalement \u00bb, explique-t-il franchement.<br \/>\nL&rsquo;artiste refuse cat\u00e9goriquement de devenir une simple copie de son<br \/>\nprotecteur encombrant et jaloux. \u00ab Je ne pouvais pas faire du<br \/>\nsous-Claude Fran\u00e7ois, \u00e7a n&rsquo;avait pas de sens \u00bb, mart\u00e8le-t-il.<br \/>\nCette \u00e9mancipation artistique a donc n\u00e9cessit\u00e9 une rupture<br \/>\ndouloureuse mais salutaire pour son \u00e9panouissement cr\u00e9atif. En<br \/>\nnovembre dernier, Alain Chamfort <a href=\"https:\/\/www.nextplz.fr\/people\/513647-tendresse-et-malice-alain-chamfort-avoue-tout-sur-sa-relation-discrete-avec-mylene-farmer\" target=\"_blank\" rel=\"noopener\"><br \/>\nr\u00e9v\u00e9lait \u00e9galement sa relation discr\u00e8te avec Myl\u00e8ne Farmer<\/a> au<br \/>\nmicro de RTL.<\/p>\n","protected":false},"excerpt":{"rendered":"Par Yvan Styve &#8211; Publi\u00e9 le 14 Jan 2026 \u00e0 08:30 Les coulisses de la chanson fran\u00e7aise cachent&hellip;\n","protected":false},"author":2,"featured_media":662692,"comment_status":"","ping_status":"","sticky":false,"template":"","format":"standard","meta":{"footnotes":""},"categories":[1359],"tags":[58,59,1011,27,973],"class_list":{"0":"post-662691","1":"post","2":"type-post","3":"status-publish","4":"format-standard","5":"has-post-thumbnail","7":"category-people","8":"tag-divertissement","9":"tag-entertainment","10":"tag-fr","11":"tag-france","12":"tag-people"},"share_on_mastodon":{"url":"https:\/\/pubeurope.com\/@fr\/115892980591762020","error":""},"_links":{"self":[{"href":"https:\/\/www.europesays.com\/fr\/wp-json\/wp\/v2\/posts\/662691","targetHints":{"allow":["GET"]}}],"collection":[{"href":"https:\/\/www.europesays.com\/fr\/wp-json\/wp\/v2\/posts"}],"about":[{"href":"https:\/\/www.europesays.com\/fr\/wp-json\/wp\/v2\/types\/post"}],"author":[{"embeddable":true,"href":"https:\/\/www.europesays.com\/fr\/wp-json\/wp\/v2\/users\/2"}],"replies":[{"embeddable":true,"href":"https:\/\/www.europesays.com\/fr\/wp-json\/wp\/v2\/comments?post=662691"}],"version-history":[{"count":0,"href":"https:\/\/www.europesays.com\/fr\/wp-json\/wp\/v2\/posts\/662691\/revisions"}],"wp:featuredmedia":[{"embeddable":true,"href":"https:\/\/www.europesays.com\/fr\/wp-json\/wp\/v2\/media\/662692"}],"wp:attachment":[{"href":"https:\/\/www.europesays.com\/fr\/wp-json\/wp\/v2\/media?parent=662691"}],"wp:term":[{"taxonomy":"category","embeddable":true,"href":"https:\/\/www.europesays.com\/fr\/wp-json\/wp\/v2\/categories?post=662691"},{"taxonomy":"post_tag","embeddable":true,"href":"https:\/\/www.europesays.com\/fr\/wp-json\/wp\/v2\/tags?post=662691"}],"curies":[{"name":"wp","href":"https:\/\/api.w.org\/{rel}","templated":true}]}}