{"id":662695,"date":"2026-01-14T10:30:11","date_gmt":"2026-01-14T10:30:11","guid":{"rendered":"https:\/\/www.europesays.com\/fr\/662695\/"},"modified":"2026-01-14T10:30:11","modified_gmt":"2026-01-14T10:30:11","slug":"tell-me-lies-saison-3-fin-de-lepisode-1-expliquee-melty-fr","status":"publish","type":"post","link":"https:\/\/www.europesays.com\/fr\/662695\/","title":{"rendered":"Tell Me Lies saison 3 : fin de l&#039;\u00e9pisode 1 expliqu\u00e9e &#8211; melty.fr"},"content":{"rendered":"<ol>\n<li><a href=\"https:\/\/news.google.com\/rss\/articles\/CBMilAFBVV95cUxNRVpQTjREbFJMYmZhT1RMLXIzVWlFVjh5dmgwWjhhNFlHWExIY0JrdGpfY0NDWXo2Q0NvVHlrVXV3NWZsLTV5UGxwanA1LUtXa19rd0lDam1KVjBReGpOQlpnOGxuSThiekYweXdLLVVQOTUwVkp5UlM4aFNuanhpcHFjOWpfdjRfbG5XN3R3MGVhWWVa?oc=5\" target=\"_blank\" rel=\"noopener\">Tell Me Lies saison 3 : fin de l&rsquo;\u00e9pisode 1 expliqu\u00e9e<\/a>&nbsp;&nbsp;melty.fr<\/li>\n<li><a href=\"https:\/\/news.google.com\/rss\/articles\/CBMilAFBVV95cUxOWEphbE40UzVpdldyVFZQMndpN2NDS3pQcmRLVTg4N2RlWnBjcWdXcWlfZW5paExTX3IycHQ0Mmx3dFVEWHZRWHFYYVp6TzZXaEZLNXl5Z1d0SGo3dXZwM09hYTFMU0lGLTFnWms3RTVrMlUxRW1xdGZhb2xHdlQxdjdKU3V6clBXaXltTnFxdWptR1Np?oc=5\" target=\"_blank\" rel=\"noopener\">Tell Me Lies saison 3 : fin de l&rsquo;\u00e9pisode 2 expliqu\u00e9e<\/a>&nbsp;&nbsp;melty.fr<\/li>\n<li><a href=\"https:\/\/news.google.com\/rss\/articles\/CBMifEFVX3lxTE1FSWpLTmI1c2c3VGllYTRxYmRPbTUzdWYyTm5XSDBreXpULVZIckRDMFJhWW92dFIxNmhfeFp0aW1fUUFUWFVUaGY3bVNlM0pfaDhJWEtIcGlyX05EeW9nemtlbnJRSlFFYjBQek00a2MzeGx4dEwtV1BqMUc?oc=5\" target=\"_blank\" rel=\"noopener\">Disney+ : une s\u00e9rie tr\u00e8s populaire fait enfin son grand retour, c&rsquo;est dispo<\/a>&nbsp;&nbsp;Gameblog<\/li>\n<li><a href=\"https:\/\/news.google.com\/rss\/articles\/CBMi1AFBVV95cUxQY1NWZG1DdVV1clUxRzBxRE0zZWRVZDFPWGh6S0NOZVpReU1nYUQ4SnN1eWtGVEJ0VUltXzlLMnlVUEZFb2NMV0JfblpjTlRqd084VnoxTjdtSzVmRFpFdW9HbEtrU0ZLM3Fqc0ZvVXhDQ1BpTlg3VlFIUHNLQTEwcmZFbmM1ekRBd09Bc1MxYjZaQkJOUjNGdmpWdnkyS3hjUUExLUszWWNRN1k2Vk05RmVkbk9NOUVuQzEwMWI4d1RIazZseE5qZEJXZjhSZE1HdldOMw?oc=5\" target=\"_blank\" rel=\"noopener\">Tell Me Lies : quand sortiront les prochains \u00e9pisodes de la saison 3 sur Disney+ ?<\/a>&nbsp;&nbsp;sfr actus<\/li>\n<li><a href=\"https:\/\/news.google.com\/rss\/articles\/CBMinAFBVV95cUxPVnE1U05QemNSZ3pNaEpJNnAyM3dDWlRmdEdCUW15Xy1kZnBXbFR5T3k2U0xJR3JiVllXdFh0bm9rZHNkWU1kdEJQT1dKZzdRT1JRNkJRLUU3N0s0ckdkQkdqUEo0ZjRaSjktSHlWVE9pLWdBOWRhdkpuNzBCU091N0RwOVVrN2xlV0JPczFFMy0wZnNrUnVKSnZiem4?oc=5\" target=\"_blank\" rel=\"noopener\">Tell Me Lies saison 3 : l\u2019heure du chaos a sonn\u00e9, et \u00e7a va faire tr\u00e8s mal<\/a>&nbsp;&nbsp;Le Cri du Troll<\/li>\n<\/ol>\n","protected":false},"excerpt":{"rendered":"Tell Me Lies saison 3 : fin de l&rsquo;\u00e9pisode 1 expliqu\u00e9e&nbsp;&nbsp;melty.fr Tell Me Lies saison 3 : fin&hellip;\n","protected":false},"author":2,"featured_media":662696,"comment_status":"","ping_status":"","sticky":false,"template":"","format":"standard","meta":{"footnotes":""},"categories":[1356],"tags":[520,58,59,1011,27,252,1364],"class_list":{"0":"post-662695","1":"post","2":"type-post","3":"status-publish","4":"format-standard","5":"has-post-thumbnail","7":"category-television","8":"tag-disney","9":"tag-divertissement","10":"tag-entertainment","11":"tag-fr","12":"tag-france","13":"tag-television","14":"tag-tv"},"share_on_mastodon":{"url":"https:\/\/pubeurope.com\/@fr\/115892992720845793","error":""},"_links":{"self":[{"href":"https:\/\/www.europesays.com\/fr\/wp-json\/wp\/v2\/posts\/662695","targetHints":{"allow":["GET"]}}],"collection":[{"href":"https:\/\/www.europesays.com\/fr\/wp-json\/wp\/v2\/posts"}],"about":[{"href":"https:\/\/www.europesays.com\/fr\/wp-json\/wp\/v2\/types\/post"}],"author":[{"embeddable":true,"href":"https:\/\/www.europesays.com\/fr\/wp-json\/wp\/v2\/users\/2"}],"replies":[{"embeddable":true,"href":"https:\/\/www.europesays.com\/fr\/wp-json\/wp\/v2\/comments?post=662695"}],"version-history":[{"count":0,"href":"https:\/\/www.europesays.com\/fr\/wp-json\/wp\/v2\/posts\/662695\/revisions"}],"wp:featuredmedia":[{"embeddable":true,"href":"https:\/\/www.europesays.com\/fr\/wp-json\/wp\/v2\/media\/662696"}],"wp:attachment":[{"href":"https:\/\/www.europesays.com\/fr\/wp-json\/wp\/v2\/media?parent=662695"}],"wp:term":[{"taxonomy":"category","embeddable":true,"href":"https:\/\/www.europesays.com\/fr\/wp-json\/wp\/v2\/categories?post=662695"},{"taxonomy":"post_tag","embeddable":true,"href":"https:\/\/www.europesays.com\/fr\/wp-json\/wp\/v2\/tags?post=662695"}],"curies":[{"name":"wp","href":"https:\/\/api.w.org\/{rel}","templated":true}]}}