{"id":662697,"date":"2026-01-14T10:31:12","date_gmt":"2026-01-14T10:31:12","guid":{"rendered":"https:\/\/www.europesays.com\/fr\/662697\/"},"modified":"2026-01-14T10:31:12","modified_gmt":"2026-01-14T10:31:12","slug":"je-suis-choquee-alizee-reapparait-avec-une-nouvelle-coiffure-les-internautes-nen-reviennent-pas","status":"publish","type":"post","link":"https:\/\/www.europesays.com\/fr\/662697\/","title":{"rendered":"\u00ab\u00a0Je suis choqu\u00e9e\u2026\u00a0\u00bb\u00a0: Aliz\u00e9e r\u00e9appara\u00eet avec une nouvelle coiffure, les internautes n&rsquo;en reviennent pas"},"content":{"rendered":"<p>Moi Lolita, L&rsquo;Aliz\u00e9, J&rsquo;ai pas vingt ans\u2026 Qui n&rsquo;a jamais entonn\u00e9 un tube d&rsquo;Aliz\u00e9e\u00a0? <a href=\"https:\/\/www.public.fr\/alizee-et-gregoire-lyonnet-agresses-par-un-desequilibre-il-sest-jete-sur-lui-pour-le-frapper-au-visage\" target=\"_blank\" rel=\"noopener\">La chanteuse<\/a> <strong>a marqu\u00e9 l&rsquo;Histoire de la musique <\/strong>dans les ann\u00e9es 2000. Toutefois, il semblerait que <a href=\"https:\/\/www.public.fr\/je-retourne-au-mexique-alizee-a-pris-une-decision-majeure\" target=\"_blank\" rel=\"noopener\">la Corse de 41 ans<\/a> n&rsquo;ait pas fini cette aventure musicale incroyable. Preuve en est\u2026 Apr\u00e8s avoir <strong><a href=\"https:\/\/www.public.fr\/mort-du-pape-francois-alizee-et-sa-fille-maggy-tres-touchees-voici-pourquoi\" target=\"_blank\" rel=\"noopener\">chant\u00e9 pour le pape Fran\u00e7ois<\/a><\/strong> en d\u00e9cembre\u00a02024 \u00e0 Ajaccio, apr\u00e8s avoir fait <strong>salle comble en septembre\u00a02025 \u00e0 L&rsquo;Olympia<\/strong> \u00e0 Paris, Aliz\u00e9e pr\u00e9pare son come-back.<\/p>\n<p>En effet, ce qui attend <a href=\"https:\/\/www.public.fr\/tres-onereux-et-tres-douloureux-alizee-a-du-retirer-certains-tatouages-quelle-regrettait\" target=\"_blank\" rel=\"noopener\">l&rsquo;ancienne candidate de \u00ab\u00a0Danse avec les stars\u00a0\u00bb<\/a> en 2026 s&rsquo;annonce <strong>grandiose<\/strong>. Et pour cause\u2026 \u00c0 l&rsquo;occasion de ses 25 ans de carri\u00e8re (et oui, d\u00e9j\u00e0\u00a0!), Aliz\u00e9e va retrouver son public<strong> en septembre prochain.<\/strong> Une <strong>tourn\u00e9e de huit dates<\/strong> qui d\u00e9butera \u00e0 Ajaccio \u00e9videmment, puis qui l\u2019emm\u00e8nera \u00e0 Marseille, Montpellier, Lyon, Bordeaux, Li\u00e8ge (Belgique), Lille et Strasbourg.<\/p>\n<p>Ainsi, \u00e0 l&rsquo;occasion de ce come-back \u00e9v\u00e9nement, Aliz\u00e9e a accept\u00e9 de r\u00e9pondre aux questions de Christophe Beaugrand ce samedi 10\u00a0janvier sur M Radio. Pendant deux heures, <a href=\"https:\/\/www.public.fr\/elle-est-decedee-annily-la-fille-dalizee-fait-une-triste-confidence\" target=\"_blank\" rel=\"noopener\">l&rsquo;ex de J\u00e9r\u00e9my Chatelain<\/a> a abord\u00e9 tout un tas de sujets mais difficile pour l&rsquo;animateur de ne pas l&rsquo;interroger sur <strong>Myl\u00e8ne Farmer.<\/strong> Il faut dire que <a href=\"https:\/\/www.public.fr\/une-fois-par-semaine-alizee-et-mylene-farmer-toujours-tres-proches-elles-passent-meme-leurs-vacances-ensemble\" target=\"_blank\" rel=\"noopener\">la chanteuse ultra-discr\u00e8te<\/a> a \u00e9t\u00e9 <strong>un \u00e9norme tremplin pour la jeune femme qu&rsquo;elle \u00e9tait <\/strong>apr\u00e8s son passage dans \u00ab\u00a0Graines de star\u00a0\u00bb sur M6. <\/p>\n<p>Aliz\u00e9e\u00a0: son nouveau look suscite une vague de r\u00e9actions<\/p>\n<p>Sans passer par quatre chemins, <a href=\"https:\/\/www.google.com\/url?sa=t&amp;source=web&amp;rct=j&amp;opi=89978449&amp;url=https:\/\/vsd.fr\/62100-mes-plannings-vont-etre-plus-serres-que-dhabitude-la-nouvelle-organisation-sportive-de-christophe-beaugrand-pour-le-retour-de-secret-story\/&amp;ved=2ahUKEwiu55zYnYqSAxVERKQEHW53DhEQFnoECBsQAQ&amp;usg=AOvVaw2yZLC4yxR-O6FrGGpl8znF\" target=\"_blank\" rel=\"noopener\">le pr\u00e9sentateur de \u00ab\u00a0Secret Story\u00a0\u00bb<\/a> a demand\u00e9 \u00e0 son invit\u00e9e si elle comptait <strong>repartager prochainement un morceau avec <a href=\"https:\/\/www.google.com\/url?sa=t&amp;source=web&amp;rct=j&amp;opi=89978449&amp;url=https:\/\/vsd.fr\/69274-surprise-mylene-farmer-va-faire-son-come-back-au-cinema-en-2025\/&amp;ved=2ahUKEwi4h-fenYqSAxVrVqQEHe1eMDUQFnoECDAQAQ&amp;usg=AOvVaw08V90Kk8tdYZOYU4-PhIj1\" target=\"_blank\" rel=\"noopener\">son mentor<\/a><\/strong>. Malheureusement, cela s&rsquo;est d\u00e9j\u00e0 pr\u00e9sent\u00e9 par le pass\u00e9 mais, comme Aliz\u00e9e l&rsquo;explique, cette derni\u00e8re n&rsquo;avait \u00ab\u00a0<strong>pas envie de rechanter<\/strong>\u00a0\u00bb donc, cela ne semble pas d&rsquo;actualit\u00e9 au grand dam des fans des deux artistes. Des fans qui d&rsquo;ailleurs ont \u00e9t\u00e9 <strong>surpris par un d\u00e9tail <\/strong>\u00e0 l&rsquo;occasion de cet entretien, tout comme certains internautes.<\/p>\n<blockquote class=\"tiktok-embed\" cite=\"https:\/\/www.tiktok.com\/@mradiofr\/video\/7594520736673402134\" data-video-id=\"7594520736673402134\" data-embed-from=\"oembed\" style=\"max-width:605px; min-width:325px;\"><p>  <a target=\"_blank\" title=\"@mradiofr\" href=\"https:\/\/www.tiktok.com\/@mradiofr?refer=embed\" rel=\"noopener\">@mradiofr<\/a> <\/p>\n<p>Aliz\u00e9e va-t-elle collaborer avec Myl\u00e8ne Farmer prochainement ? \ud83d\udc40 Bienvenue Chez Beaugrand avec Christophe Beaugrand est \u00e0 retrouver en podcast sur l\u2019application et le site MRadio.fr ! \ud83c\udf89<\/p>\n<p> <a target=\"_blank\" title=\"\u266c Down on the Floor (Vox) - Ah2\" href=\"https:\/\/www.tiktok.com\/music\/Down-on-the-Floor-Vox-7399210792573323281?refer=embed\" rel=\"noopener\">\u266c Down on the Floor (Vox) &#8211; Ah2<\/a>  <\/p><\/blockquote>\n<p>En cause\u00a0: <strong>la coupe de cheveux <\/strong>de <a href=\"https:\/\/www.google.com\/url?sa=t&amp;source=web&amp;rct=j&amp;opi=89978449&amp;url=https:\/\/vsd.fr\/92614-alizee-en-larmes-ce-concert-quelle-noubliera-jamais\/&amp;ved=2ahUKEwijmYT7nYqSAxWpVaQEHW2KFxsQFnoECDcQAQ&amp;usg=AOvVaw3uSiTDjm_9ZIuBtj3LsEaU\" target=\"_blank\" rel=\"noopener\">la m\u00e8re de famille<\/a>, un carr\u00e9 tr\u00e8s court. \u00ab\u00a0<strong>La coiffeuse l&rsquo;a massacr\u00e9<\/strong>\u00a0\u00bb a notamment \u00e9crit un internaute sur TikTok. \u00ab\u00a0Elle ressemble \u00e0 Manon Aubry comme \u00e7a\u00a0\u00bb, \u00ab\u00a0<strong>je suis choqu\u00e9e<\/strong>\u00ab\u00a0, \u00ab\u00a0<strong>coupe ann\u00e9e 2000&Prime;<\/strong>, \u00ab\u00a0<strong>concurrence \u00e0 Mireille Mathieu\u00a0?\u00a0!<\/strong>\u00a0\u00bb a-t-on pu lire encore. Des messages une nouvelle fois tr\u00e8s durs pour <a href=\"https:\/\/www.google.com\/url?sa=t&amp;source=web&amp;rct=j&amp;opi=89978449&amp;url=https:\/\/vsd.fr\/87548-alizee-sest-offerte-lolympia-pour-ses-25-ans-de-carriere\/&amp;ved=2ahUKEwijmYT7nYqSAxWpVaQEHW2KFxsQFnoECCkQAQ&amp;usg=AOvVaw2V6mginiugTwQNMvNZUcpF\" target=\"_blank\" rel=\"noopener\">la ch\u00e9rie de Gr\u00e9goire Lyonnet<\/a> et sublime jeune femme.<\/p>\n<p>\n          Hits &amp; People en continu\n        <\/p>\n<p>\n          Public Radio\n        <\/p>\n<p>      Mentionn\u00e9s dans cet article<\/p>\n<p>      Sur le m\u00eame sujet<\/p>\n<p>  <script async src=\"\/\/www.tiktok.com\/embed.js\"><\/script><\/p>\n","protected":false},"excerpt":{"rendered":"Moi Lolita, L&rsquo;Aliz\u00e9, J&rsquo;ai pas vingt ans\u2026 Qui n&rsquo;a jamais entonn\u00e9 un tube d&rsquo;Aliz\u00e9e\u00a0? La chanteuse a marqu\u00e9&hellip;\n","protected":false},"author":2,"featured_media":662698,"comment_status":"","ping_status":"","sticky":false,"template":"","format":"standard","meta":{"footnotes":""},"categories":[1355],"tags":[21748,16788,1695,5551,5410,58,15824,59,1011,27,1361,873,13995,1825],"class_list":{"0":"post-662697","1":"post","2":"type-post","3":"status-publish","4":"format-standard","5":"has-post-thumbnail","7":"category-musique","8":"tag-alizee","9":"tag-animateur-de-radio","10":"tag-chanson","11":"tag-chanson-francaise","12":"tag-christophe-beaugrand","13":"tag-divertissement","14":"tag-emission-de-radio","15":"tag-entertainment","16":"tag-fr","17":"tag-france","18":"tag-music","19":"tag-musique","20":"tag-mylene-farmer","21":"tag-radio"},"share_on_mastodon":{"url":"https:\/\/pubeurope.com\/@fr\/115892996305932306","error":""},"_links":{"self":[{"href":"https:\/\/www.europesays.com\/fr\/wp-json\/wp\/v2\/posts\/662697","targetHints":{"allow":["GET"]}}],"collection":[{"href":"https:\/\/www.europesays.com\/fr\/wp-json\/wp\/v2\/posts"}],"about":[{"href":"https:\/\/www.europesays.com\/fr\/wp-json\/wp\/v2\/types\/post"}],"author":[{"embeddable":true,"href":"https:\/\/www.europesays.com\/fr\/wp-json\/wp\/v2\/users\/2"}],"replies":[{"embeddable":true,"href":"https:\/\/www.europesays.com\/fr\/wp-json\/wp\/v2\/comments?post=662697"}],"version-history":[{"count":0,"href":"https:\/\/www.europesays.com\/fr\/wp-json\/wp\/v2\/posts\/662697\/revisions"}],"wp:featuredmedia":[{"embeddable":true,"href":"https:\/\/www.europesays.com\/fr\/wp-json\/wp\/v2\/media\/662698"}],"wp:attachment":[{"href":"https:\/\/www.europesays.com\/fr\/wp-json\/wp\/v2\/media?parent=662697"}],"wp:term":[{"taxonomy":"category","embeddable":true,"href":"https:\/\/www.europesays.com\/fr\/wp-json\/wp\/v2\/categories?post=662697"},{"taxonomy":"post_tag","embeddable":true,"href":"https:\/\/www.europesays.com\/fr\/wp-json\/wp\/v2\/tags?post=662697"}],"curies":[{"name":"wp","href":"https:\/\/api.w.org\/{rel}","templated":true}]}}