{"id":662699,"date":"2026-01-14T10:32:18","date_gmt":"2026-01-14T10:32:18","guid":{"rendered":"https:\/\/www.europesays.com\/fr\/662699\/"},"modified":"2026-01-14T10:32:18","modified_gmt":"2026-01-14T10:32:18","slug":"filmer-la-zad-quoi-quil-arrive-elle-derange-toujours-la-camera-surtout-la-revolution-mediapart","status":"publish","type":"post","link":"https:\/\/www.europesays.com\/fr\/662699\/","title":{"rendered":"Filmer la ZAD : \u00ab Quoi qu\u2019il arrive, elle d\u00e9range toujours, la cam\u00e9ra. Surtout la r\u00e9volution ! \u00bb &#8211; Mediapart"},"content":{"rendered":"<ol>\n<li><a href=\"https:\/\/news.google.com\/rss\/articles\/CBMizwFBVV95cUxOQlhGOWFPZGduTkc5SnFjOEJWbFFPeTlwT1JXTFRfTGJ4VHZJajYybVpycUtGQ3BzS085UmJxUGhDbWNNZ0ljenJMem9lVkNqcXVGYlJYWEY3LUhyWWZRb3A3ZVhjdDRwb01vcnowUFdvYWRTZTk0NVZzaXFNVXlJbzEyeHFyUTYxUnBvQ1U5Q0VuMUl1NEszMEpoZ29UOU8yTEJjcFVTYzFsNDB1Q2JjSzJqeDAxZFdfTzNQTUozdTJIX2p4Yldxa2l3a09EYzQ?oc=5\" target=\"_blank\" rel=\"noopener\">Filmer la ZAD : \u00ab Quoi qu\u2019il arrive, elle d\u00e9range toujours, la cam\u00e9ra. Surtout la r\u00e9volution ! \u00bb<\/a>&nbsp;&nbsp;Mediapart<\/li>\n<li><a href=\"https:\/\/news.google.com\/rss\/articles\/CBMi8wFBVV95cUxPb0RQNVo3dm1IMW84OWstZjNoMjlBSXNwQ0pqZ3ZkYUhjZWVIb0tQSGViNVNiRmtjZ3RNeTF6bFFoMUZEYV9qSkVqcDQtS19taVRNU0ZJWDMxam1JZnBfVmdrVVA0SktodnA1OVQ4Yjk3LURMZW91NzNpRDVUalJQV0pSMTljaDhJQ1k5LWV0RVR5bV8tNmJGWFFjOU5za3gwc2h5M0dZcWdUYnozYTNTNkx2NzVSYUgzYXJiMWRHcjZ2dU1jUTd3Zm5XNjViZ19vQjNQbm50NmZHVWMyVFI5MVNmTmhZTVB6MEhkdlZmS1JXeGM?oc=5\" target=\"_blank\" rel=\"noopener\">\u201cFor\u00eat rouge\u201d : un documentaire qui offre un contre-r\u00e9cit salutaire aux caricatures m\u00e9diatiques des zadistes<\/a>&nbsp;&nbsp;Le Nouvel Obs<\/li>\n<li><a href=\"https:\/\/news.google.com\/rss\/articles\/CBMi3wFBVV95cUxQV3U3LTR6TGVGYnNyeUxnUU9TckV4RUpmTTZ6NkxyakhqaS1yeTdjbXNkZTBkOWlSSEp6WjNGOUtMNUdnZnIyMXlZR1pRM3BET21FLUV6YnVOSnJ1UUNBU1JmZ2FpdWNjNjNaM3FnbVRza1Z2VGZsamYzRUJZa1hwa1FaYTF4UGhpaGhRY2tZSVlIejVZOHhzSnI3WWlIV2NwVXBxQTlWY21BUHh6MnBLdTdrT1RqWmhqU1k0VGFRZWtoSXhOcHpKcllLVlB1b1Z5S21Ua0lsRDdfaXdLd1kw?oc=5\" target=\"_blank\" rel=\"noopener\">\u201cFor\u00eat rouge\u201d, de Laurie Lassalle : un film engag\u00e9 sur le collectif dans la ZAD de Notre-Dame-des-Landes<\/a>&nbsp;&nbsp;T\u00e9l\u00e9rama<\/li>\n<li><a href=\"https:\/\/news.google.com\/rss\/articles\/CBMi7wFBVV95cUxNVnhLVFJoSUprLWY1enJGWTJtUDdzWVh4Y1M0LUJzMVc0aGNISnVIZGl2QjUyTy1hdEVZdE1ZYWRqWjM1dlNjVFUzbmNyUkpNRDlRT3pnSS1ZR1NhYWRHUTFNUnNBaUtETmJOOE1Mbkp3eV9paVRYNVN5d2tLWm9YaWRiNGw1WWFqS25RbjlzQ2M0VU9xcnVZMkNMbGU0WGNtSE9NTU9MMHNNRUs5cUdMeGNuTk83bjBJdlI2ZDcwOWxocFdscHFkcUlGY19DdHZrTDVoZTBlZk9McFF6RmExREVDaXM5SHcwM1QyTEJ4dw?oc=5\" target=\"_blank\" rel=\"noopener\">De Notre-Dame-des-Landes \u00e0 Sainte-Soline, portrait choral d\u2019une jeunesse en lutte<\/a>&nbsp;&nbsp;Ouest-France<\/li>\n<li><a href=\"https:\/\/news.google.com\/rss\/articles\/CBMiywFBVV95cUxOWnNsZklQbTdCeG15Q0szSWVWbi0tdlNtOE9zVU1pa29jaEtOckNmZGwzd1E1Qkx4dVJyNUZVcUI5YjBaZVB5M1ZDdzNhTnpIaUR1QnlvY3ZPdzAtWVJZeVZaMU9GZE9OM1k1ZmN4MWpQUzhCT2xSVzAzTmg3a0VLZloyRXp4a2VxZC1aN0dBWEJKeW1LYTZLd1FreHpGNEloVld5YXFkaGk4QWxIRkxIQ2RweXRwUGdGWFlybWhQdG9lTlpyanZPaTUwOA?oc=5\" target=\"_blank\" rel=\"noopener\">\u00abFor\u00eat rouge \u00bb de Laurie Lassalle : des racines et des ZAD<\/a>&nbsp;&nbsp;Lib\u00e9ration<\/li>\n<\/ol>\n","protected":false},"excerpt":{"rendered":"Filmer la ZAD : \u00ab Quoi qu\u2019il arrive, elle d\u00e9range toujours, la cam\u00e9ra. Surtout la r\u00e9volution ! \u00bb&nbsp;&nbsp;Mediapart&hellip;\n","protected":false},"author":2,"featured_media":662700,"comment_status":"","ping_status":"","sticky":false,"template":"","format":"standard","meta":{"footnotes":""},"categories":[1354],"tags":[650,58,1190,59,1346,1011,27,1360,13273],"class_list":{"0":"post-662699","1":"post","2":"type-post","3":"status-publish","4":"format-standard","5":"has-post-thumbnail","7":"category-films","8":"tag-cinema","9":"tag-divertissement","10":"tag-documentaire","11":"tag-entertainment","12":"tag-films","13":"tag-fr","14":"tag-france","15":"tag-movies","16":"tag-notre-dame-des-landes"},"share_on_mastodon":{"url":"https:\/\/pubeurope.com\/@fr\/115893000218900372","error":""},"_links":{"self":[{"href":"https:\/\/www.europesays.com\/fr\/wp-json\/wp\/v2\/posts\/662699","targetHints":{"allow":["GET"]}}],"collection":[{"href":"https:\/\/www.europesays.com\/fr\/wp-json\/wp\/v2\/posts"}],"about":[{"href":"https:\/\/www.europesays.com\/fr\/wp-json\/wp\/v2\/types\/post"}],"author":[{"embeddable":true,"href":"https:\/\/www.europesays.com\/fr\/wp-json\/wp\/v2\/users\/2"}],"replies":[{"embeddable":true,"href":"https:\/\/www.europesays.com\/fr\/wp-json\/wp\/v2\/comments?post=662699"}],"version-history":[{"count":0,"href":"https:\/\/www.europesays.com\/fr\/wp-json\/wp\/v2\/posts\/662699\/revisions"}],"wp:featuredmedia":[{"embeddable":true,"href":"https:\/\/www.europesays.com\/fr\/wp-json\/wp\/v2\/media\/662700"}],"wp:attachment":[{"href":"https:\/\/www.europesays.com\/fr\/wp-json\/wp\/v2\/media?parent=662699"}],"wp:term":[{"taxonomy":"category","embeddable":true,"href":"https:\/\/www.europesays.com\/fr\/wp-json\/wp\/v2\/categories?post=662699"},{"taxonomy":"post_tag","embeddable":true,"href":"https:\/\/www.europesays.com\/fr\/wp-json\/wp\/v2\/tags?post=662699"}],"curies":[{"name":"wp","href":"https:\/\/api.w.org\/{rel}","templated":true}]}}