{"id":662704,"date":"2026-01-14T10:35:09","date_gmt":"2026-01-14T10:35:09","guid":{"rendered":"https:\/\/www.europesays.com\/fr\/662704\/"},"modified":"2026-01-14T10:35:09","modified_gmt":"2026-01-14T10:35:09","slug":"dans-laffaire-bojarski-le-cineaste-jean-paul-salome-dresse-le-portrait-dun-artiste-en-faux-monnayeur-le-monde-fr","status":"publish","type":"post","link":"https:\/\/www.europesays.com\/fr\/662704\/","title":{"rendered":"Dans \u00ab L\u2019Affaire Bojarski \u00bb, le cin\u00e9aste Jean-Paul Salom\u00e9 dresse le portrait d\u2019un artiste en faux-monnayeur &#8211; Le Monde.fr"},"content":{"rendered":"<ol>\n<li><a href=\"https:\/\/news.google.com\/rss\/articles\/CBMi_wFBVV95cUxOTktHSnNKRU96dkd6dEVtYkxzdzkwQ1c2S3ppZExxZ1NWdnZydEcwYXpzaUMxSlRfdnlseVNVV1MydFhnb19fV2xFeVowVXdxVWJUQXRKSUVTaWxvMGlKbWx1YXItcFNqVEFESnpBRTkzNkw0cXFibll4RHhJT1ZhY1kwQ0F2OVE0M0F3QTdXYUJMeWhvNHJrVTc4QnRxemkySEI3TTVqTGI5OERkM2xIVW1KckJXTDVkMzIzalJDR3N5TG5iNXFYbzFzQ2NVWmMtQkUwZ1htb1l5ZkRWLWtTeE0tXzBLMFNlMFNYZnBrQzRHMjNRT0ZYSlZsdzVWZ1U?oc=5\" target=\"_blank\" rel=\"noopener\">Dans \u00ab L\u2019Affaire Bojarski \u00bb, le cin\u00e9aste Jean-Paul Salom\u00e9 dresse le portrait d\u2019un artiste en faux-monnayeur<\/a>&nbsp;&nbsp;Le Monde.fr<\/li>\n<li><a href=\"https:\/\/news.google.com\/rss\/articles\/CBMi-gFBVV95cUxNU0FnZlBPc1JzR09Ga3pBQTB0VmhvOEpDdDlMc0JpNVRSb0YySll6a1pBQ1laOUhWUmtSSWxLMkNITXpvOGtpUDhocF82UjEzOVRDUG9laVV5OFgyRWNDUmIzeTF2dGZxbTlIY29pZXJKVFkxdmRPaHVDSFd0RldmUXFYWjRsTjlCVWFaRUg2Z2drN2F3TzA4NnE1Y1JuZDdCaHFpSXJaQ0VTUkhJa3NBN0VjdXNZSzZ4TUMxd2k4WVFKcTl0M1JYSlkzUWlZbnQ4ZVNpVzJRSUgzRkI5YXdjNGE0c2JsVUhFdW40ZE1jWU1GajNzdmVha0VB?oc=5\" target=\"_blank\" rel=\"noopener\">Nos critiques des sorties cin\u00e9ma de la semaine : \u00abJusqu\u2019\u00e0 l\u2019aube\u00bb, \u00abEleonora Duse\u00bb, \u00abFurcy, n\u00e9 libre\u00bb\u2026<\/a>&nbsp;&nbsp;Lib\u00e9ration<\/li>\n<li><a href=\"https:\/\/news.google.com\/rss\/articles\/CBMi4wFBVV95cUxQclVMUFItLTBrY3kydEhKMDJQdUx0VWZTdkNUbnB1SGhUUWFHUmJBMVdENm8yQjNVTWEyMzNOWUltY2F6Q2VSSHhjdUloQno0bTR5aTBhQkpiTmxVaHlYZ1JWOFdyUEhxTElEMDUxWHNvZXJhMHZJYUNJNjVQTmVGWjlVNW1wR0dSMFRONEhuQVU1VkV5M1dIYTVKM2ctTjByV3IxV0FNenk1U1Vaam1xWXFNR0h0cnZkejA5c0Eya21GOXBsZjZIOHRyR2dlU3NONVpRQlExUnRjc3pSOV9rOTJtdw?oc=5\" target=\"_blank\" rel=\"noopener\">\u201cL\u2019Affaire Bojarski\u201d, de Jean-Paul Salom\u00e9 : un film noir captivant sur le \u201cC\u00e9zanne de la fausse monnaie\u201d<\/a>&nbsp;&nbsp;T\u00e9l\u00e9rama<\/li>\n<li><a href=\"https:\/\/news.google.com\/rss\/articles\/CBMi2AFBVV95cUxPSnE4VGw3aXlzUFJVdUwwZVhOc2EtVEVERmJwamEyNll5WEhpY0x4LVIxSEhRMWNuQXlaM25MaWxJMWNLa05rVUdXNTBvNC1SZTJRVmJ3R1NvT0FFNWRPYjRSVkxFMTh0TC1OTThPR3p6NGUzSnU3RkdMT2UzSS1sSHlkX1hLNHo3d2hDYUZMV3lvNmVCb09TLTZHdWxROHVkYmFrN1V5dnVMSGJwUk1acHJiNG4zTmlueDFPQzh2WnRUcDF0RzQwalNxQ19VS1NYejNja211ZmE?oc=5\" target=\"_blank\" rel=\"noopener\">\u00ab L\u2019Affaire Bojarski \u00bb, l\u2019histoire vraie d\u2019un faux-monnayeur virtuose<\/a>&nbsp;&nbsp;20 Minutes<\/li>\n<li><a href=\"https:\/\/news.google.com\/rss\/articles\/CBMiyAFBVV95cUxPRk1BRDN1MEp1aFl1N0VNVGlPN195TVNrSlpfV2lyTFpJemNnVlBCZ1BTOUtubGNmLU9FTXpsVm56WlJJZ0pwSTktQmxDRlVNNTUwVWFDOS1CUTRWdzhJMEp1UGpENWpMQl9jcHZXQS1pUzM3VkN2aFU5RVdyLWdBbjhtQTE1RFNPbzJUdDAybzgwb09jdzVxX0NjSUNIbzlyeXhSTnhwbE5ITnY3NE43Z1p3RVJVc3FBNFZSSXphbHVxQVJNcVZfNA?oc=5\" target=\"_blank\" rel=\"noopener\">Furcy, n\u00e9 libre, L\u2019Affaire Bojarski, Palestine 36&#8230; Les films \u00e0 voir et \u00e0 \u00e9viter cette semaine<\/a>&nbsp;&nbsp;Le Figaro<\/li>\n<\/ol>\n","protected":false},"excerpt":{"rendered":"Dans \u00ab L\u2019Affaire Bojarski \u00bb, le cin\u00e9aste Jean-Paul Salom\u00e9 dresse le portrait d\u2019un artiste en faux-monnayeur&nbsp;&nbsp;Le Monde.fr Nos&hellip;\n","protected":false},"author":2,"featured_media":395849,"comment_status":"","ping_status":"","sticky":false,"template":"","format":"standard","meta":{"footnotes":""},"categories":[8],"tags":[58,59,1011,27],"class_list":{"0":"post-662704","1":"post","2":"type-post","3":"status-publish","4":"format-standard","5":"has-post-thumbnail","7":"category-divertissement","8":"tag-divertissement","9":"tag-entertainment","10":"tag-fr","11":"tag-france"},"share_on_mastodon":{"url":"https:\/\/pubeurope.com\/@fr\/115893012039143513","error":""},"_links":{"self":[{"href":"https:\/\/www.europesays.com\/fr\/wp-json\/wp\/v2\/posts\/662704","targetHints":{"allow":["GET"]}}],"collection":[{"href":"https:\/\/www.europesays.com\/fr\/wp-json\/wp\/v2\/posts"}],"about":[{"href":"https:\/\/www.europesays.com\/fr\/wp-json\/wp\/v2\/types\/post"}],"author":[{"embeddable":true,"href":"https:\/\/www.europesays.com\/fr\/wp-json\/wp\/v2\/users\/2"}],"replies":[{"embeddable":true,"href":"https:\/\/www.europesays.com\/fr\/wp-json\/wp\/v2\/comments?post=662704"}],"version-history":[{"count":0,"href":"https:\/\/www.europesays.com\/fr\/wp-json\/wp\/v2\/posts\/662704\/revisions"}],"wp:featuredmedia":[{"embeddable":true,"href":"https:\/\/www.europesays.com\/fr\/wp-json\/wp\/v2\/media\/395849"}],"wp:attachment":[{"href":"https:\/\/www.europesays.com\/fr\/wp-json\/wp\/v2\/media?parent=662704"}],"wp:term":[{"taxonomy":"category","embeddable":true,"href":"https:\/\/www.europesays.com\/fr\/wp-json\/wp\/v2\/categories?post=662704"},{"taxonomy":"post_tag","embeddable":true,"href":"https:\/\/www.europesays.com\/fr\/wp-json\/wp\/v2\/tags?post=662704"}],"curies":[{"name":"wp","href":"https:\/\/api.w.org\/{rel}","templated":true}]}}