{"id":662707,"date":"2026-01-14T10:37:11","date_gmt":"2026-01-14T10:37:11","guid":{"rendered":"https:\/\/www.europesays.com\/fr\/662707\/"},"modified":"2026-01-14T10:37:11","modified_gmt":"2026-01-14T10:37:11","slug":"le-patron-de-presse-engage-a-gauche-matthieu-pigasse-veut-peser-sur-la-presidentielle-2027","status":"publish","type":"post","link":"https:\/\/www.europesays.com\/fr\/662707\/","title":{"rendered":"le patron de presse engag\u00e9 \u00e0 gauche Matthieu Pigasse veut \u00abpeser\u00bb sur la pr\u00e9sidentielle 2027"},"content":{"rendered":"<p>\n    Le banquier d\u2019affaires, \u00e2g\u00e9 de 57 ans, estime que la gauche incarnait la \u00abseule alternative possible au Rassemblement national\u00bb.<\/p>\n<p class=\"fig-paragraph\"><a href=\"http:\/\/www.lefigaro.fr\/musique\/c-est-inacceptable-matthieu-pigasse-denonce-l-interdiction-du-concert-de-freeze-corleone-aux-eurockeennes-20250707\" data-fig-type=\"NewsFlash\" data-gtm-custom-categorie=\"navigation\" data-gtm-custom-action=\"crossclick\" data-gtm-custom-label=\"Contextuel\" data-gtm-event=\"customEventSPE\" data-fig-domain=\"LEFIGARO\" target=\"_blank\" rel=\"noopener\">Matthieu Pigasse<\/a>, banquier d&rsquo;affaires engag\u00e9 \u00e0 gauche et fondateur du groupe Combat qui comprend\u00a0<a href=\"http:\/\/tvmag.lefigaro.fr\/guillaume-meurice-installe-sa-zad-humoristique-sur-radio-nova-ce-n-etait-pas-gagne-les-amis-20240910\" data-fig-type=\"Article\" data-gtm-custom-categorie=\"navigation\" data-gtm-custom-action=\"crossclick\" data-gtm-custom-label=\"Contextuel\" data-gtm-event=\"customEventSPE\" data-fig-domain=\"TVMAG\" target=\"_blank\" rel=\"noopener\">Radio Nova<\/a>, a affirm\u00e9 mercredi vouloir \u00abpeser le plus possible sur\u00a0<a href=\"http:\/\/www.lefigaro.fr\/politique\/presidentielle-2027-la-bataille-des-lignes-s-amorce-chez-les-republicains-20260108\" data-fig-type=\"Article\" data-gtm-custom-categorie=\"navigation\" data-gtm-custom-action=\"crossclick\" data-gtm-custom-label=\"Contextuel\" data-gtm-event=\"customEventSPE\" data-fig-domain=\"LEFIGARO\" target=\"_blank\" rel=\"noopener\">la\u00a0pr\u00e9sidentielle de 2027<\/a> \u00bb afin de battre le Rassemblement national. \u00abMon ambition, c&rsquo;est de ne pas rester le long du chemin, indiff\u00e9rent, les bras ballants. Et donc en effet, c&rsquo;est de peser le plus possible sur la pr\u00e9sidentielle de 2027, parce que je consid\u00e8re que c&rsquo;est un enjeu central\u00bb, a-t-il d\u00e9clar\u00e9 au micro de France Inter.<\/p>\n<p class=\"fig-paragraph\">\u00abIl est trop t\u00f4t aujourd&rsquo;hui pour dire \u00e0 quelle place ou dans quel r\u00f4le peser\u00bb, a-t-il ajout\u00e9. Interrog\u00e9 sur une \u00e9ventuelle candidature de sa part \u00e0 cette \u00e9lection, Pigasse n&rsquo;a pas donn\u00e9 de r\u00e9ponse tranch\u00e9e. \u00abMoi par principe, je n&rsquo;exclus jamais rien\u00bb, a-t-il dit.<\/p>\n<p>                                            <a class=\"fig-a11y-skip\" href=\"#fig-a11y-skip-main-inarticle\" data-module=\"a11y-skip\" data-context=\"was @visible\"><br \/>\n    Passer la publicit\u00e9<br \/>\n<\/a>            <\/p>\n<p>                                            \u00abSe r\u00e9approprier les valeurs qui sont des siennes\u00bb<\/p>\n<p class=\"fig-paragraph\">Le banquier d&rsquo;affaires milliardaire de 57 ans a estim\u00e9 que la gauche incarnait la \u00abseule alternative possible au Rassemblement national\u00bb et qu&rsquo;elle pouvait gagner, \u00e0 condition de s&rsquo;unir et de \u00abse r\u00e9approprier les valeurs qui sont des siennes\u00bb comme \u00abprot\u00e9ger les plus vuln\u00e9rables\u00bb.<\/p>\n<p class=\"fig-paragraph\">Il avait d\u00e9j\u00e0 appel\u00e9 \u00e0 voter pour le Nouveau Front Populaire lors des l\u00e9gislatives de 2024. Matthieu Pigasse revendique mener une \u00abbataille culturelle\u00bb face notamment \u00e0 d&rsquo;autres m\u00e9dias comme CNews, Europe 1 et le JDD, dans le giron du milliardaire conservateur Vincent Bollor\u00e9. Son groupe, Combat, est propri\u00e9taire de Radio Nova, du magazine Les Inrockuptibles, de plusieurs festivals de musique majeurs dont Rock en Seine et actionnaire du g\u00e9ant de la production audiovisuelle Mediawan.<\/p>\n","protected":false},"excerpt":{"rendered":"Le banquier d\u2019affaires, \u00e2g\u00e9 de 57 ans, estime que la gauche incarnait la \u00abseule alternative possible au Rassemblement&hellip;\n","protected":false},"author":2,"featured_media":662708,"comment_status":"","ping_status":"","sticky":false,"template":"","format":"standard","meta":{"footnotes":""},"categories":[6],"tags":[35,33,34,3079,1011,27,52231],"class_list":{"0":"post-662707","1":"post","2":"type-post","3":"status-publish","4":"format-standard","5":"has-post-thumbnail","7":"category-economie","8":"tag-business","9":"tag-economie","10":"tag-economy","11":"tag-election-presidentielle-2027","12":"tag-fr","13":"tag-france","14":"tag-matthieu-pigasse"},"share_on_mastodon":{"url":"https:\/\/pubeurope.com\/@fr\/115893019890211789","error":""},"_links":{"self":[{"href":"https:\/\/www.europesays.com\/fr\/wp-json\/wp\/v2\/posts\/662707","targetHints":{"allow":["GET"]}}],"collection":[{"href":"https:\/\/www.europesays.com\/fr\/wp-json\/wp\/v2\/posts"}],"about":[{"href":"https:\/\/www.europesays.com\/fr\/wp-json\/wp\/v2\/types\/post"}],"author":[{"embeddable":true,"href":"https:\/\/www.europesays.com\/fr\/wp-json\/wp\/v2\/users\/2"}],"replies":[{"embeddable":true,"href":"https:\/\/www.europesays.com\/fr\/wp-json\/wp\/v2\/comments?post=662707"}],"version-history":[{"count":0,"href":"https:\/\/www.europesays.com\/fr\/wp-json\/wp\/v2\/posts\/662707\/revisions"}],"wp:featuredmedia":[{"embeddable":true,"href":"https:\/\/www.europesays.com\/fr\/wp-json\/wp\/v2\/media\/662708"}],"wp:attachment":[{"href":"https:\/\/www.europesays.com\/fr\/wp-json\/wp\/v2\/media?parent=662707"}],"wp:term":[{"taxonomy":"category","embeddable":true,"href":"https:\/\/www.europesays.com\/fr\/wp-json\/wp\/v2\/categories?post=662707"},{"taxonomy":"post_tag","embeddable":true,"href":"https:\/\/www.europesays.com\/fr\/wp-json\/wp\/v2\/tags?post=662707"}],"curies":[{"name":"wp","href":"https:\/\/api.w.org\/{rel}","templated":true}]}}