{"id":662719,"date":"2026-01-14T10:44:19","date_gmt":"2026-01-14T10:44:19","guid":{"rendered":"https:\/\/www.europesays.com\/fr\/662719\/"},"modified":"2026-01-14T10:44:19","modified_gmt":"2026-01-14T10:44:19","slug":"un-concert-solidaire-pour-soutenir-la-recherche-contre-le-cancer","status":"publish","type":"post","link":"https:\/\/www.europesays.com\/fr\/662719\/","title":{"rendered":"un concert solidaire pour soutenir la recherche contre le cancer"},"content":{"rendered":"<p><img decoding=\"async\" class=\"\" style=\"width:100%\" src=\"https:\/\/www.europesays.com\/fr\/wp-content\/uploads\/2026\/01\/577843675_854113687149739_4084622126257941213_n1768378191689.jpg\" alt=\"Un concert solidaire\"\/><\/p>\n<p>Cr\u00e9dit : Op\u00e9ra National de Nancy-Lorraine<\/p>\n<p data-start=\"184\" data-end=\"591\">Pour la deuxi\u00e8me ann\u00e9e cons\u00e9cutive, l\u2019Op\u00e9ra national de Nancy-Lorraine lance son <strong data-start=\"265\" data-end=\"293\">Janvier de la solidarit\u00e9<\/strong>, une initiative qui ouvre grand ses portes au public et aux personnes en situation de vuln\u00e9rabilit\u00e9. Au c\u0153ur de cette d\u00e9marche citoyenne, un <strong data-start=\"435\" data-end=\"469\">concert solidaire exceptionnel<\/strong> se tiendra le <strong data-start=\"484\" data-end=\"516\">samedi 17 janvier 2026 \u00e0 20h<\/strong>, au profit de l\u2019<strong data-start=\"533\" data-end=\"588\">Institut de Canc\u00e9rologie de Lorraine Alexis Vautrin<\/strong>.<\/p>\n<p data-start=\"593\" data-end=\"1139\">Apr\u00e8s le succ\u00e8s de la premi\u00e8re \u00e9dition, l\u2019Op\u00e9ra renforce ses partenariats avec les acteurs sociaux, m\u00e9dicaux et associatifs de la r\u00e9gion pour faire de cet \u00e9v\u00e9nement un moment fort de mobilisation et de g\u00e9n\u00e9rosit\u00e9. <strong data-start=\"807\" data-end=\"832\">L\u2019entr\u00e9e est gratuite<\/strong>, sur r\u00e9servation, et le public est invit\u00e9 \u00e0 soutenir la recherche m\u00e9dicale par un <strong data-start=\"915\" data-end=\"928\">don libre<\/strong> en ligne. Pour les particuliers, ce geste permet de b\u00e9n\u00e9ficier d\u2019une <strong data-start=\"998\" data-end=\"1027\">r\u00e9duction fiscale de 66 %<\/strong> sur l\u2019imp\u00f4t sur le revenu, et pour les entreprises, d\u2019une <strong data-start=\"1086\" data-end=\"1107\">r\u00e9duction de 60 %<\/strong> sur l\u2019imp\u00f4t sur les soci\u00e9t\u00e9s.<\/p>\n<p data-start=\"1141\" data-end=\"1604\">Le programme du concert propose un <strong data-start=\"1176\" data-end=\"1205\">parcours musical sensible<\/strong>, m\u00ealant nuits \u00e9toil\u00e9es, horizons marins et \u0153uvres empreintes d\u2019humour et de tendresse. Les pi\u00e8ces seront pr\u00e9sent\u00e9es avec le concours de la <strong data-start=\"1345\" data-end=\"1371\">musicologue Cora Joris<\/strong>, qui apportera des \u00e9clairages accessibles \u00e0 tous et enrichira l\u2019exp\u00e9rience du public. L\u2019Orchestre et le Ch\u0153ur de l\u2019Op\u00e9ra national de Nancy-Lorraine seront pleinement mobilis\u00e9s pour offrir un moment de <strong data-start=\"1573\" data-end=\"1601\">musique et de solidarit\u00e9<\/strong>.<\/p>\n<p data-start=\"1606\" data-end=\"2052\">Cette initiative s\u2019inscrit pleinement dans le cadre du <strong data-start=\"1661\" data-end=\"1689\">Janvier de la solidarit\u00e9<\/strong>, un \u00e9v\u00e9nement qui r\u00e9affirme l\u2019engagement citoyen de l\u2019Op\u00e9ra et souligne l\u2019importance du soutien \u00e0 la recherche contre le cancer. Les inscriptions sont ouvertes d\u00e8s maintenant et les dons peuvent \u00eatre effectu\u00e9s via le site de l\u2019ICL. Chaque contribution, petite ou grande, participe \u00e0 faire avancer la lutte contre la maladie et \u00e0 soutenir l\u2019innovation m\u00e9dicale.<\/p>\n<p data-start=\"2054\" data-end=\"2256\">Pour participer : <strong data-start=\"2072\" data-end=\"2096\">r\u00e9servation gratuite<\/strong> \ud83d\udc49\ufe0f <a class=\"decorated-link\" href=\"https:\/\/tr.ee\/Eo8J8D\" rel=\"noopener\" target=\"_new\" data-start=\"2101\" data-end=\"2137\">tr.ee\/Eo8J8D<\/a><br data-start=\"2137\" data-end=\"2140\"\/>Pour soutenir l\u2019Institut de Canc\u00e9rologie de Lorraine par un <strong data-start=\"2200\" data-end=\"2213\">don libre<\/strong> \ud83d\udc49\ufe0f <a class=\"decorated-link\" href=\"https:\/\/tr.ee\/ql3W59\" rel=\"noopener\" target=\"_new\" data-start=\"2218\" data-end=\"2254\">tr.ee\/ql3W59<\/a><\/p>\n","protected":false},"excerpt":{"rendered":"Cr\u00e9dit : Op\u00e9ra National de Nancy-Lorraine Pour la deuxi\u00e8me ann\u00e9e cons\u00e9cutive, l\u2019Op\u00e9ra national de Nancy-Lorraine lance son Janvier&hellip;\n","protected":false},"author":2,"featured_media":662720,"comment_status":"","ping_status":"","sticky":false,"template":"","format":"standard","meta":{"footnotes":""},"categories":[9635],"tags":[1111,11,1777,674,1011,27,775,71518,1702,12,25],"class_list":{"0":"post-662719","1":"post","2":"type-post","3":"status-publish","4":"format-standard","5":"has-post-thumbnail","7":"category-nancy","8":"tag-actu","9":"tag-actualites","10":"tag-eu","11":"tag-europe","12":"tag-fr","13":"tag-france","14":"tag-grand-est","15":"tag-magnum-la-radio","16":"tag-nancy","17":"tag-news","18":"tag-republique-francaise"},"share_on_mastodon":{"url":"https:\/\/pubeurope.com\/@fr\/115893047391208675","error":""},"_links":{"self":[{"href":"https:\/\/www.europesays.com\/fr\/wp-json\/wp\/v2\/posts\/662719","targetHints":{"allow":["GET"]}}],"collection":[{"href":"https:\/\/www.europesays.com\/fr\/wp-json\/wp\/v2\/posts"}],"about":[{"href":"https:\/\/www.europesays.com\/fr\/wp-json\/wp\/v2\/types\/post"}],"author":[{"embeddable":true,"href":"https:\/\/www.europesays.com\/fr\/wp-json\/wp\/v2\/users\/2"}],"replies":[{"embeddable":true,"href":"https:\/\/www.europesays.com\/fr\/wp-json\/wp\/v2\/comments?post=662719"}],"version-history":[{"count":0,"href":"https:\/\/www.europesays.com\/fr\/wp-json\/wp\/v2\/posts\/662719\/revisions"}],"wp:featuredmedia":[{"embeddable":true,"href":"https:\/\/www.europesays.com\/fr\/wp-json\/wp\/v2\/media\/662720"}],"wp:attachment":[{"href":"https:\/\/www.europesays.com\/fr\/wp-json\/wp\/v2\/media?parent=662719"}],"wp:term":[{"taxonomy":"category","embeddable":true,"href":"https:\/\/www.europesays.com\/fr\/wp-json\/wp\/v2\/categories?post=662719"},{"taxonomy":"post_tag","embeddable":true,"href":"https:\/\/www.europesays.com\/fr\/wp-json\/wp\/v2\/tags?post=662719"}],"curies":[{"name":"wp","href":"https:\/\/api.w.org\/{rel}","templated":true}]}}