{"id":662723,"date":"2026-01-14T10:46:19","date_gmt":"2026-01-14T10:46:19","guid":{"rendered":"https:\/\/www.europesays.com\/fr\/662723\/"},"modified":"2026-01-14T10:46:19","modified_gmt":"2026-01-14T10:46:19","slug":"le-temps-de-parcours-considerablement-rallonge-en-direction-de-marseille-et-toulon-plusieurs-entrees-interdites","status":"publish","type":"post","link":"https:\/\/www.europesays.com\/fr\/662723\/","title":{"rendered":"le temps de parcours consid\u00e9rablement rallong\u00e9 en direction de Marseille et Toulon, plusieurs entr\u00e9es interdites"},"content":{"rendered":"<p class=\"fs-5 \">Une op\u00e9ration escargot est actuellement en cours sur l\u2019A50, entre Bandol et Saint-Cyr. Toutes <strong>les voies de circulation sont paralys\u00e9es.<\/strong><\/p>\n<p class=\"fs-5 \">Les convois des agriculteurs se sont rejoints sur l\u2019A50\u00a0dans les deux sens de circulation \u00e0 hauteur du Pont de la Malissonne, entre l\u2019\u00e9changeur n\u00b010 de Saint-Cyr et l\u2019\u00e9changeur n\u00b011 de la Cadi\u00e8re d\u2019Azur.<\/p>\n<p class=\"fs-5 \">Actuellement, <strong>on compte 6 km de bouchons en direction de Toulon et 6,5 km en direction de Marseille.<\/strong><\/p>\n<p class=\"fs-5 \">Attention, la circulation se fait tr\u00e8s difficilement, les trois voies \u00e9tant bloqu\u00e9es, et la circulation se fait de mani\u00e8re intermittente.<\/p>\n<p class=\"fs-5 \">Plusieurs entr\u00e9es sont interdites ou d\u00e9conseill\u00e9es, ce mercredi matin\u00a0:<\/p>\n<p class=\"fs-5 \"><strong>Entr\u00e9e 10 St Cyr interdite <\/strong><\/p>\n<p class=\"fs-5 \"><strong>Entr\u00e9e 11 La Cardi\u00e8re interdite <\/strong><\/p>\n<p class=\"fs-5 \"><strong>Entr\u00e9e 12 Bandol d\u00e9conseill\u00e9e <\/strong><\/p>\n<p class=\"fs-5 \"><strong>Entr\u00e9e 13 Ollioules d\u00e9conseill\u00e9e <\/strong><\/p>\n<p class=\"fs-5 \"><strong>Sortie 12 Bandol conseill\u00e9e<\/strong><\/p>\n<p class=\"fs-5 \">Vinci indique qu\u2019il faudra <strong>environ une heure pour traverser la difficult\u00e9<\/strong> et recommande de ne surtout pas s\u2019ins\u00e9rer sur cet axe de circulation.<\/p>\n<p>        <img src=\"https:\/\/www.europesays.com\/fr\/wp-content\/uploads\/2026\/01\/1768387579_590_53427c2_upload-1-vlaeihwnjdfw-img-8599.JPG\"   loading=\"lazy\" decoding=\"async\" alt=\"A Bandol, ce mercredi matin, les agriculteurs manifestaient leur col\u00e8re. \" class=\"img-fluid position-absolute w-100 object-fit-cover rounded-2\" width=\"600\" height=\"400\"\/><\/p>\n","protected":false},"excerpt":{"rendered":"Une op\u00e9ration escargot est actuellement en cours sur l\u2019A50, entre Bandol et Saint-Cyr. Toutes les voies de circulation&hellip;\n","protected":false},"author":2,"featured_media":662724,"comment_status":"","ping_status":"","sticky":false,"template":"","format":"standard","meta":{"footnotes":""},"categories":[9619],"tags":[1111,11,76319,1777,674,1011,27,12,882,25,2310],"class_list":{"0":"post-662723","1":"post","2":"type-post","3":"status-publish","4":"format-standard","5":"has-post-thumbnail","7":"category-toulon","8":"tag-actu","9":"tag-actualites","10":"tag-colere-des-agriculteurs","11":"tag-eu","12":"tag-europe","13":"tag-fr","14":"tag-france","15":"tag-news","16":"tag-provence-alpes-cote-dazur","17":"tag-republique-francaise","18":"tag-toulon"},"share_on_mastodon":{"url":"https:\/\/pubeurope.com\/@fr\/115893055260831429","error":""},"_links":{"self":[{"href":"https:\/\/www.europesays.com\/fr\/wp-json\/wp\/v2\/posts\/662723","targetHints":{"allow":["GET"]}}],"collection":[{"href":"https:\/\/www.europesays.com\/fr\/wp-json\/wp\/v2\/posts"}],"about":[{"href":"https:\/\/www.europesays.com\/fr\/wp-json\/wp\/v2\/types\/post"}],"author":[{"embeddable":true,"href":"https:\/\/www.europesays.com\/fr\/wp-json\/wp\/v2\/users\/2"}],"replies":[{"embeddable":true,"href":"https:\/\/www.europesays.com\/fr\/wp-json\/wp\/v2\/comments?post=662723"}],"version-history":[{"count":0,"href":"https:\/\/www.europesays.com\/fr\/wp-json\/wp\/v2\/posts\/662723\/revisions"}],"wp:featuredmedia":[{"embeddable":true,"href":"https:\/\/www.europesays.com\/fr\/wp-json\/wp\/v2\/media\/662724"}],"wp:attachment":[{"href":"https:\/\/www.europesays.com\/fr\/wp-json\/wp\/v2\/media?parent=662723"}],"wp:term":[{"taxonomy":"category","embeddable":true,"href":"https:\/\/www.europesays.com\/fr\/wp-json\/wp\/v2\/categories?post=662723"},{"taxonomy":"post_tag","embeddable":true,"href":"https:\/\/www.europesays.com\/fr\/wp-json\/wp\/v2\/tags?post=662723"}],"curies":[{"name":"wp","href":"https:\/\/api.w.org\/{rel}","templated":true}]}}