{"id":662725,"date":"2026-01-14T10:47:13","date_gmt":"2026-01-14T10:47:13","guid":{"rendered":"https:\/\/www.europesays.com\/fr\/662725\/"},"modified":"2026-01-14T10:47:13","modified_gmt":"2026-01-14T10:47:13","slug":"municipales-2026-castelnau-est-devenu-une-ville-dortoir-jean-francois-vendrell-candidat-avec-une-3e-liste-a-droite","status":"publish","type":"post","link":"https:\/\/www.europesays.com\/fr\/662725\/","title":{"rendered":"Municipales 2026\u00a0: \u00ab\u00a0Castelnau est devenu une ville-dortoir\u00a0\u00bb, Jean-Fran\u00e7ois Vendrell candidat avec une 3e liste \u00e0 droite"},"content":{"rendered":"<p>\n                                                                M\u00e9decin radiologue de profession, le divers droite Jean-Fran\u00e7ois Vendrell monte sa liste \u00ab\u00a0Choisissons Castelnau\u00a0\u00bb pour le scrutin de mars.\n                            <\/p>\n<p class=\"txt-question\">Sans \u00e9tiquette, mais situ\u00e9 \u00e0 droite, vous annoncez vous pr\u00e9senter \u00e0 Castelnau. Qu\u2019est-ce qui vous motive\u00a0?<\/p>\n<p>J\u2019habite la commune depuis toujours, j\u2019y travaille puisque je suis radiologue \u00e0 la Clinique du Parc, et avec mon entourage, nous d\u00e9plorons la d\u00e9gradation de la vie du village (1). Je dis \u00ab\u00a0village\u00a0\u00bb car cela t\u00e9moigne de mon attachement, mais Castelnau est devenu une ville-dortoir, une ville de transit. Qu\u2019il s\u2019agisse de s\u00e9curit\u00e9, de circulation, d\u2019urbanisation, de lieux de vie dynamiques, tout s\u2019est d\u00e9grad\u00e9. Je me pr\u00e9sente dans une d\u00e9marche citoyenne, non pour faire une carri\u00e8re politique.<\/p>\n<p class=\"txt-question\">Quel est votre programme\u00a0?<\/p>\n<p>Nous avons choisi sept grands th\u00e8mes pour lesquels nous aurons une proposition coh\u00e9rente, avec \u00e0 chaque fois une expertise. Sur la sant\u00e9 par exemple, je pense qu\u2019il faut une maison de sant\u00e9 pour r\u00e9guler tous les soins de premi\u00e8re intention. Le d\u00e9m\u00e9nagement de la clinique\u00a0est indispensable, et plut\u00f4t vers Sablassou pour des raisons de transports, car nous avons un \u00e9norme probl\u00e8me d\u2019acc\u00e8s et de stationnement, et nous voyons des rendez-vous m\u00e9dicaux non honor\u00e9s pour des raisons d\u2019accessibilit\u00e9. Mais soyons lucides, \u00e7a ne se fera pas dans le mandat qui vient. En attendant, il faut des solutions transitoires et une offre coh\u00e9rente. Sur la circulation nous devons d\u00e9sengorger l\u2019avenue Jean-Jaur\u00e8s, fluidifier tout en repensant certains axes qui sont extr\u00eamement dangereux pour les pi\u00e9tons et les cyclistes.<\/p>\n<p>Dynamiser le march\u00e9<\/p>\n<p class=\"txt-question\">L\u2019urbanisation est un sujet clivant sur la commune, qu\u2019en dites-vous\u00a0?<\/p>\n<p>On ne peut pas la bloquer, mais aboutir \u00e0 quelque chose de raisonn\u00e9, oui. Et harmoniser car actuellement, sans charte, chacun construit comme il veut. Je pense que le maire ne doit pas d\u00e9cider seul, les prises de d\u00e9cisions en mati\u00e8re d\u2019urbanisme doivent \u00eatre coll\u00e9giales.<\/p>\n<p class=\"txt-question\">Quant \u00e0 la s\u00e9curit\u00e9, voulez-vous augmenter les effectifs de policiers\u00a0?<\/p>\n<p>Non, ce que nous voudrions c\u2019est avoir un \u00ab\u00a0Monsieur s\u00e9curit\u00e9\u00a0\u00bb quelqu\u2019un qui coordonne les actions, avec la gendarmerie, avec les pompiers\u2026 Nous avons des points de deal, des incivilit\u00e9s, bref c\u2019est un sujet de haute technicit\u00e9, qui demande de l\u2019expertise.<\/p>\n<p class=\"txt-question\">Vous voulez combattre le c\u00f4t\u00e9 \u00ab\u00a0ville-dortoir\u00a0\u00bb, de quelle mani\u00e8re\u00a0?<\/p>\n<p>Quand je vois le march\u00e9 de Lattes et celui de Castelnau, je pense qu\u2019on a une marge de progression\u00a0! Nous pourrions \u00e9galement proposer des animations estivales, cr\u00e9er des lieux de partage.<\/p>\n<p class=\"txt-question\">Que r\u00e9pondrez-vous \u00e0 ceux qui vous diront qu\u2019avec un emploi du temps de radiologue, vous \u00eates d\u00e9j\u00e0 tr\u00e8s occup\u00e9\u00a0?<\/p>\n<p>Qu\u2019une fa\u00e7on de g\u00e9rer un peu plus moderne, c\u2019est aussi d\u2019\u00eatre dans un fonctionnement participatif, d\u2019avoir des adjoints tr\u00e8s impliqu\u00e9s et des liens forts avec l\u2019\u00e9quipe administrative.<\/p>\n<p>La liste Choisissons Castelnau n\u2019est pas encore enti\u00e8rement boucl\u00e9e. Jean-Paul Simo, Hakim El Idrissi, Serge Valastro, Val\u00e9rie Deloffre en sont d\u00e9j\u00e0 membres. Contact\u00a0: contact@choisissonscastelnau.fr<\/p>\n<p>(1) La m\u00e8re de Jean-Fran\u00e7ois Vendrell, Micheline Vendrell, s\u2019\u00e9tait pr\u00e9sent\u00e9e face \u00e0 Jean-Pierre Grand au scrutin de 2014.<\/p>\n<p>\u00a0<\/p>\n","protected":false},"excerpt":{"rendered":"M\u00e9decin radiologue de profession, le divers droite Jean-Fran\u00e7ois Vendrell monte sa liste \u00ab\u00a0Choisissons Castelnau\u00a0\u00bb pour le scrutin de&hellip;\n","protected":false},"author":2,"featured_media":662726,"comment_status":"","ping_status":"","sticky":false,"template":"","format":"standard","meta":{"footnotes":""},"categories":[9599],"tags":[1111,11,70976,5949,1777,674,1011,27,7089,2208,3434,12,2680,316,25],"class_list":{"0":"post-662725","1":"post","2":"type-post","3":"status-publish","4":"format-standard","5":"has-post-thumbnail","7":"category-montpellier","8":"tag-actu","9":"tag-actualites","10":"tag-castelnaulelez","11":"tag-elections","12":"tag-eu","13":"tag-europe","14":"tag-fr","15":"tag-france","16":"tag-herault","17":"tag-montpellier","18":"tag-municipales-2026","19":"tag-news","20":"tag-occitanie","21":"tag-politique","22":"tag-republique-francaise"},"share_on_mastodon":{"url":"https:\/\/pubeurope.com\/@fr\/115893059151252745","error":""},"_links":{"self":[{"href":"https:\/\/www.europesays.com\/fr\/wp-json\/wp\/v2\/posts\/662725","targetHints":{"allow":["GET"]}}],"collection":[{"href":"https:\/\/www.europesays.com\/fr\/wp-json\/wp\/v2\/posts"}],"about":[{"href":"https:\/\/www.europesays.com\/fr\/wp-json\/wp\/v2\/types\/post"}],"author":[{"embeddable":true,"href":"https:\/\/www.europesays.com\/fr\/wp-json\/wp\/v2\/users\/2"}],"replies":[{"embeddable":true,"href":"https:\/\/www.europesays.com\/fr\/wp-json\/wp\/v2\/comments?post=662725"}],"version-history":[{"count":0,"href":"https:\/\/www.europesays.com\/fr\/wp-json\/wp\/v2\/posts\/662725\/revisions"}],"wp:featuredmedia":[{"embeddable":true,"href":"https:\/\/www.europesays.com\/fr\/wp-json\/wp\/v2\/media\/662726"}],"wp:attachment":[{"href":"https:\/\/www.europesays.com\/fr\/wp-json\/wp\/v2\/media?parent=662725"}],"wp:term":[{"taxonomy":"category","embeddable":true,"href":"https:\/\/www.europesays.com\/fr\/wp-json\/wp\/v2\/categories?post=662725"},{"taxonomy":"post_tag","embeddable":true,"href":"https:\/\/www.europesays.com\/fr\/wp-json\/wp\/v2\/tags?post=662725"}],"curies":[{"name":"wp","href":"https:\/\/api.w.org\/{rel}","templated":true}]}}