{"id":662745,"date":"2026-01-14T10:57:13","date_gmt":"2026-01-14T10:57:13","guid":{"rendered":"https:\/\/www.europesays.com\/fr\/662745\/"},"modified":"2026-01-14T10:57:13","modified_gmt":"2026-01-14T10:57:13","slug":"luja-de-nice-propose-une-formation-pratique-sur-les-outils-du-numerique","status":"publish","type":"post","link":"https:\/\/www.europesays.com\/fr\/662745\/","title":{"rendered":"L\u2019UJA de Nice propose une formation pratique sur les outils du num\u00e9rique"},"content":{"rendered":"<p>                    <img loading=\"lazy\" decoding=\"async\" src=\"https:\/\/www.europesays.com\/fr\/wp-content\/uploads\/2026\/01\/8313d64181ab54965fbe6a81c78e23.png\" class=\"img-responsive post-image\" width=\"680\" height=\"510\" alt=\"L'UJA de Nice propose (\u2026)\" title=\"L'UJA de Nice propose une formation pratique sur les outils du num\u00e9rique\"\/><\/p>\n<p class=\"chapo\">L\u2019Union des Jeunes Avocats de Nice organise une nouvelle formation d\u00e9di\u00e9e aux outils num\u00e9riques indispensables \u00e0 la pratique quotidienne de l\u2019avocat. Intitul\u00e9e \u00ab\u00a0Les outils du num\u00e9rique (eBarreau, eCarpa, RPVA, etc.)\u00a0\u00bb, cette session se tiendra le jeudi 22 janvier 2026, de 11h \u00e0 13h, \u00e0 la Biblioth\u00e8que de l\u2019Ordre.<\/p>\n<p>Anim\u00e9e par<strong> Ma\u00eetre Xavier Fruton<\/strong>, avocat au Barreau de Nice, cette formation a pour objectif d\u2019accompagner les jeunes confr\u00e8res dans la ma\u00eetrise des plateformes et services num\u00e9riques devenus incontournables dans l\u2019exercice de la profession. eBarreau, eCarpa, RPVA\u00a0: autant d\u2019outils qui structurent aujourd\u2019hui les \u00e9changes avec les juridictions et les acteurs institutionnels, et dont l\u2019utilisation efficace constitue un v\u00e9ritable gain de temps et de s\u00e9curit\u00e9.<\/p>\n<p>Dispens\u00e9e en pr\u00e9sentiel, la formation est gratuite pour les adh\u00e9rents UJA 2026 et propos\u00e9e au tarif de 10 euros pour les non-adh\u00e9rents. Elle valide deux heures au titre de la formation continue.<\/p>\n<p>Modalit\u00e9s d\u2019inscription <\/p>\n<p><strong>Pour les adh\u00e9rents UJA 2026 <\/strong>\u00a0: inscription <a href=\"https:\/\/www.formationsfnuja.com\/formation\/ecec70e1\" class=\"spip_out\" rel=\"external noopener\" target=\"_blank\">sur le site de la FNUJA<\/a>, avec d\u00e9p\u00f4t de l\u2019attestation URSSAF et du num\u00e9ro SIRET dans l\u2019espace personnel FNUJA.<br class=\"autobr\"\/><br \/>\n<strong>Pour les non-adh\u00e9rents\u00a0:<\/strong> inscription <a href=\"https:\/\/www.formationsfnuja.com\/formation\/ecec70e1\" class=\"spip_out\" rel=\"external noopener\" target=\"_blank\">sur le site de la FNUJA<\/a>, d\u00e9p\u00f4t des m\u00eames documents, puis<a href=\"https:\/\/www.helloasso.com\/associations\/union-des-jeunes-avocats-du-barreau-de-nice\/evenements\/formation-le-numerique\" class=\"spip_out\" rel=\"external noopener\" target=\"_blank\">r\u00e8glement via HelloAsso.<\/a><\/p>\n<p>Cette formation s\u2019inscrit dans la <a href=\"https:\/\/www.petitesaffiches.fr\/actualites,069\/droit,044\/l-uja-de-nice-veut-redevenir-le,39589.html\" target=\"_blank\" rel=\"noopener\">volont\u00e9 de l\u2019UJA de Nice de proposer des rendez-vous concrets et utiles,<\/a> adapt\u00e9s aux r\u00e9alit\u00e9s du terrain, afin d\u2019accompagner les jeunes avocats dans leur pratique quotidienne.<\/p>\n<p> <a href=\"https:\/\/www.europesays.com\/fr\/wp-content\/uploads\/2026\/01\/uja_de_nice_formation.jpg\" class=\"spip_doc_lien mediabox\" type=\"image\/jpeg\"><br \/>\n\t\t<img loading=\"lazy\" decoding=\"async\" src=\"https:\/\/www.europesays.com\/fr\/wp-content\/uploads\/2026\/01\/uja_de_nice_formation.jpg\" width=\"800\" height=\"1200\" alt=\"\"\/><\/a><\/p>\n<p>Visuel de Une \u00a9UJA DE NICE (d\u00e9tail de l\u2019affiche de l\u2019\u00e9v\u00e9nement)<\/p>\n","protected":false},"excerpt":{"rendered":"L\u2019Union des Jeunes Avocats de Nice organise une nouvelle formation d\u00e9di\u00e9e aux outils num\u00e9riques indispensables \u00e0 la pratique&hellip;\n","protected":false},"author":2,"featured_media":662746,"comment_status":"","ping_status":"","sticky":false,"template":"","format":"standard","meta":{"footnotes":""},"categories":[2819],"tags":[1111,11,2408,1777,674,1011,27,12,2401,882,25],"class_list":{"0":"post-662745","1":"post","2":"type-post","3":"status-publish","4":"format-standard","5":"has-post-thumbnail","7":"category-nice","8":"tag-actu","9":"tag-actualites","10":"tag-appels-d","11":"tag-eu","12":"tag-europe","13":"tag-fr","14":"tag-france","15":"tag-news","16":"tag-nice","17":"tag-provence-alpes-cote-dazur","18":"tag-republique-francaise"},"share_on_mastodon":{"url":"https:\/\/pubeurope.com\/@fr\/115893098608951179","error":""},"_links":{"self":[{"href":"https:\/\/www.europesays.com\/fr\/wp-json\/wp\/v2\/posts\/662745","targetHints":{"allow":["GET"]}}],"collection":[{"href":"https:\/\/www.europesays.com\/fr\/wp-json\/wp\/v2\/posts"}],"about":[{"href":"https:\/\/www.europesays.com\/fr\/wp-json\/wp\/v2\/types\/post"}],"author":[{"embeddable":true,"href":"https:\/\/www.europesays.com\/fr\/wp-json\/wp\/v2\/users\/2"}],"replies":[{"embeddable":true,"href":"https:\/\/www.europesays.com\/fr\/wp-json\/wp\/v2\/comments?post=662745"}],"version-history":[{"count":0,"href":"https:\/\/www.europesays.com\/fr\/wp-json\/wp\/v2\/posts\/662745\/revisions"}],"wp:featuredmedia":[{"embeddable":true,"href":"https:\/\/www.europesays.com\/fr\/wp-json\/wp\/v2\/media\/662746"}],"wp:attachment":[{"href":"https:\/\/www.europesays.com\/fr\/wp-json\/wp\/v2\/media?parent=662745"}],"wp:term":[{"taxonomy":"category","embeddable":true,"href":"https:\/\/www.europesays.com\/fr\/wp-json\/wp\/v2\/categories?post=662745"},{"taxonomy":"post_tag","embeddable":true,"href":"https:\/\/www.europesays.com\/fr\/wp-json\/wp\/v2\/tags?post=662745"}],"curies":[{"name":"wp","href":"https:\/\/api.w.org\/{rel}","templated":true}]}}