{"id":662753,"date":"2026-01-14T11:01:21","date_gmt":"2026-01-14T11:01:21","guid":{"rendered":"https:\/\/www.europesays.com\/fr\/662753\/"},"modified":"2026-01-14T11:01:21","modified_gmt":"2026-01-14T11:01:21","slug":"les-bons-plans-de-la-semaine-du-12-au-18-janvier-2026","status":"publish","type":"post","link":"https:\/\/www.europesays.com\/fr\/662753\/","title":{"rendered":"Les bons plans de la semaine (du 12 au 18 janvier 2026)"},"content":{"rendered":"<p>Liquidation totale chez Fabrique de Styles B\u00e8gles<\/p>\n<p data-start=\"789\" data-end=\"1302\">C\u2019est la fin d\u2019une aventure locale, mais l\u2019occasion r\u00eav\u00e9e de faire de bonnes affaires. Fabrique de Styles B\u00e8gles ferme d\u00e9finitivement ses portes et affiche <strong data-start=\"945\" data-end=\"974\">\u201350% sur tout le magasin<\/strong>, meubles compris. Une liquidation massive depuis le 10 janvier, dans la limite des stocks. L&rsquo;\u00e9quipe invite les clients \u00e0 venir \u00e9quip\u00e9s de sacs\u2026 et d\u2019un v\u00e9hicule capable d\u2019emporter leurs trouvailles. Le magasin reste ouvert <strong data-start=\"1212\" data-end=\"1247\">du lundi au samedi de 10h \u00e0 20h<\/strong>. Derni\u00e8res heures avant disparition\u00a0!<\/p>\n<p data-start=\"789\" data-end=\"1302\">\n<p>Fabrique de Styles &#8211; B\u00e8gles Mascaret<\/p>\n<li class=\"opening-hours\">Lundi &#8211; samedi : 10:00 &#8211; 20:00<\/li>\n<li class=\"opening-hours close\">Dimanche : Ferm\u00e9<\/li>\n<p>Une nouvelle boulangerie Qu4tre-Qu4rts \u00e0 Bordeaux<\/p>\n<p data-start=\"1385\" data-end=\"1893\">La famille Qu4tre-Qu4rts s\u2019agrandit\u00a0: apr\u00e8s<strong> Ambar\u00e8s, La Bastide et Tourny<\/strong>, la 4\u1d49 boulangerie artisanale ouvre <strong data-start=\"1495\" data-end=\"1519\">place de la Victoire<\/strong>. \u00c0 la carte\u00a0: une offre 100% maison, simple et bio, avec baguette tradition \u00e0 1,20\u20ac, chocolatine \u00e0 1,50\u20ac, flan \u00e0 3,50\u20ac\u2026 Le nouveau local, trois fois plus grand que les pr\u00e9c\u00e9dents, accueillera aussi les bureaux et un espace intimiste pour les d\u00e9monstrations. Ouvert du lundi au samedi, de 7h \u00e0 20h.<\/p>\n<blockquote class=\"instagram-media\" data-instgrm-captioned=\"\" data-instgrm-permalink=\"https:\/\/www.instagram.com\/p\/DRXkErCCKqA\/?utm_source=ig_embed&amp;utm_campaign=loading\" data-instgrm-version=\"14\" style=\"background: #FFF; border: 0; border-radius: 3px; box-shadow: 0 0 1px 0 rgba(0,0,0,0.5),0 1px 10px 0 rgba(0,0,0,0.15); margin: 1px; max-width: 540px; min-width: 326px; padding: 0; width: calc(100% - 2px);\">\n<\/blockquote>\n<p>Un afterwork Champagne \u00e0 la Cit\u00e9 du Vin<\/p>\n<p data-start=\"1950\" data-end=\"2393\">Jeudi, la Cit\u00e9 du Vin inaugure son ann\u00e9e anniversaire avec un afterwork p\u00e9tillant. En partenariat avec le <strong>Syndicat des Vignerons de Champagne<\/strong>, deux sessions <strong data-start=\"2107\" data-end=\"2127\">\u00e0 18h30 et 20h30<\/strong> proposent de d\u00e9couvrir quatre cuv\u00e9es selon trois grands styles\u00a0: vif, fruit\u00e9, intense. Anim\u00e9 par Geoffrey Orban, l\u2019atelier promet une exploration des terroirs champenois et des accords possibles. Une mani\u00e8re \u00e9l\u00e9gante et p\u00e9dagogique de d\u00e9buter 2026\u2026 dans les bulles.<\/p>\n<blockquote class=\"instagram-media\" data-instgrm-captioned=\"\" data-instgrm-permalink=\"https:\/\/www.instagram.com\/p\/DTYMTRpjUEk\/?utm_source=ig_embed&amp;utm_campaign=loading\" data-instgrm-version=\"14\" style=\"background: #FFF; border: 0; border-radius: 3px; box-shadow: 0 0 1px 0 rgba(0,0,0,0.5),0 1px 10px 0 rgba(0,0,0,0.15); margin: 1px; max-width: 540px; min-width: 326px; padding: 0; width: calc(100% - 2px);\">\n<\/blockquote>\n<p>Cit\u00e9 du Vin<\/p>\n<li class=\"address info\">134, quai de Bacalan Bordeaux<\/li>\n<li class=\"opening-hours\">Lundi &#8211; dimanche : 10:00 &#8211; 19:00<\/li>\n<p>Le Cirque \u00c9loize \u00e9lectrise le Pin Galant<\/p>\n<p data-start=\"2451\" data-end=\"2969\">Ce week-end, place \u00e0 la po\u00e9sie acrobatique\u00a0: le <strong data-start=\"2499\" data-end=\"2516\">Cirque \u00c9loize<\/strong> pose ses valises au Pin Galant avec \u201cID \u00c9volution\u201d, un spectacle inspir\u00e9 de West Side Story. Samedi \u00e0 20h30 et dimanche \u00e0 16h, la compagnie qu\u00e9b\u00e9coise d\u00e9ploie dix artistes dans un<strong> univers urbain futuriste m\u00ealant cirque contemporain, street-art, danse et arts visuels<\/strong>. Jonglage, roue Cyr, m\u00e2t chinois, breakdance ou VTT trial s\u2019encha\u00eenent dans un tourbillon d\u2019\u00e9nergie pure. Une r\u00e9f\u00e9rence mondiale \u00e0 voir absolument. <a href=\"https:\/\/www.lepingalant.com\/fr\/evenement\/cirque-eloize\/\" rel=\"nofollow noreferrer noopener\" target=\"_blank\">Billetterie <\/a>: 37\u20ac.<\/p>\n<blockquote class=\"instagram-media\" data-instgrm-captioned=\"\" data-instgrm-permalink=\"https:\/\/www.instagram.com\/p\/DR49KUsjvCs\/?utm_source=ig_embed&amp;utm_campaign=loading\" data-instgrm-version=\"14\" style=\"background: #FFF; border: 0; border-radius: 3px; box-shadow: 0 0 1px 0 rgba(0,0,0,0.5),0 1px 10px 0 rgba(0,0,0,0.15); margin: 1px; max-width: 540px; min-width: 326px; padding: 0; width: calc(100% - 2px);\">\n<\/blockquote>\n<p>Le Pin Galant<\/p>\n<li class=\"address info\">34, avenue du Mar\u00e9chal de Lattre de Tassigny M\u00e9rignac<\/li>\n<li class=\"opening-hours\">Lundi &#8211; vendredi : 11:00 &#8211; 18:00<\/li>\n<li class=\"opening-hours close\">Samedi &#8211; dimanche : Ferm\u00e9<\/li>\n<p>On r\u00e9invente le Dry January avec les r\u00e9sidences Mix &amp; Mix par Badoit Rouge<\/p>\n<p data-start=\"2451\" data-end=\"2969\">Quand une eau min\u00e9rale naturelle intens\u00e9ment p\u00e9tillante se met en mode f\u00eate sans alcool, \u00e7a donne des soir\u00e9es qui vibrent, bullent et r\u00e9inventent le mois de janvier. \u00c0 l\u2019occasion du Dry January, Badoit Rouge d\u00e9voile son concept Mix &amp; Mix\u00a0: des r\u00e9sidences m\u00ealant mix musical et mixologie sans alcool, pens\u00e9es pour rendre la sobri\u00e9t\u00e9 festive et intense. Pour intensifier l\u2019exp\u00e9rience, des blind tests rythment la soir\u00e9e et viennent challenger les participants. Pour cette premi\u00e8re r\u00e9sidence bordelaise, le rendez-vous est donn\u00e9 ce samedi 17 janvier 2026, \u00e0 La Belle en Folie\u00a0!<br role=\"presentation\"\/><\/p>\n<p data-start=\"2451\" data-end=\"2969\"><img loading=\"lazy\" decoding=\"async\" src=\"https:\/\/www.europesays.com\/fr\/wp-content\/uploads\/2026\/01\/1768388481_978_badoit-rouge-cocktail-sans-alcool.jpg\" width=\"1000\" height=\"563\" alt=\"badoit-rouge\"\/><\/p>\n<p>La Belle en Folie &#8211; Bordeaux<\/p>\n<li class=\"address info\">7, quai des Queyries Bordeaux<\/li>\n<li class=\"opening-hours\">Dimanche : 11:30 &#8211; 16:00<\/li>\n<li class=\"opening-hours\">Lundi &#8211; jeudi : 12:00 &#8211; 14:30, 19:00 &#8211; 0:00<\/li>\n<li class=\"opening-hours\">Vendredi &#8211; samedi : 12:00 &#8211; 14:30, 19:00 &#8211; 2:00<\/li>\n<p><script async src=\"\/\/www.instagram.com\/embed.js\"><\/script><\/p>\n","protected":false},"excerpt":{"rendered":"Liquidation totale chez Fabrique de Styles B\u00e8gles C\u2019est la fin d\u2019une aventure locale, mais l\u2019occasion r\u00eav\u00e9e de faire&hellip;\n","protected":false},"author":2,"featured_media":662754,"comment_status":"","ping_status":"","sticky":false,"template":"","format":"standard","meta":{"footnotes":""},"categories":[2817],"tags":[1111,11,1997,1777,674,1011,27,12,2219,25],"class_list":{"0":"post-662753","1":"post","2":"type-post","3":"status-publish","4":"format-standard","5":"has-post-thumbnail","7":"category-bordeaux","8":"tag-actu","9":"tag-actualites","10":"tag-bordeaux","11":"tag-eu","12":"tag-europe","13":"tag-fr","14":"tag-france","15":"tag-news","16":"tag-nouvelle-aquitaine","17":"tag-republique-francaise"},"share_on_mastodon":{"url":"https:\/\/pubeurope.com\/@fr\/115893114321012970","error":""},"_links":{"self":[{"href":"https:\/\/www.europesays.com\/fr\/wp-json\/wp\/v2\/posts\/662753","targetHints":{"allow":["GET"]}}],"collection":[{"href":"https:\/\/www.europesays.com\/fr\/wp-json\/wp\/v2\/posts"}],"about":[{"href":"https:\/\/www.europesays.com\/fr\/wp-json\/wp\/v2\/types\/post"}],"author":[{"embeddable":true,"href":"https:\/\/www.europesays.com\/fr\/wp-json\/wp\/v2\/users\/2"}],"replies":[{"embeddable":true,"href":"https:\/\/www.europesays.com\/fr\/wp-json\/wp\/v2\/comments?post=662753"}],"version-history":[{"count":0,"href":"https:\/\/www.europesays.com\/fr\/wp-json\/wp\/v2\/posts\/662753\/revisions"}],"wp:featuredmedia":[{"embeddable":true,"href":"https:\/\/www.europesays.com\/fr\/wp-json\/wp\/v2\/media\/662754"}],"wp:attachment":[{"href":"https:\/\/www.europesays.com\/fr\/wp-json\/wp\/v2\/media?parent=662753"}],"wp:term":[{"taxonomy":"category","embeddable":true,"href":"https:\/\/www.europesays.com\/fr\/wp-json\/wp\/v2\/categories?post=662753"},{"taxonomy":"post_tag","embeddable":true,"href":"https:\/\/www.europesays.com\/fr\/wp-json\/wp\/v2\/tags?post=662753"}],"curies":[{"name":"wp","href":"https:\/\/api.w.org\/{rel}","templated":true}]}}