{"id":662755,"date":"2026-01-14T11:02:12","date_gmt":"2026-01-14T11:02:12","guid":{"rendered":"https:\/\/www.europesays.com\/fr\/662755\/"},"modified":"2026-01-14T11:02:12","modified_gmt":"2026-01-14T11:02:12","slug":"lizarazu-devrait-parler-de-foot-plutot-que-de-ce-quil-ne-connait-pas-gerard-lopez-allume-lancien-bleu","status":"publish","type":"post","link":"https:\/\/www.europesays.com\/fr\/662755\/","title":{"rendered":"\u00abLizarazu devrait parler de foot plut\u00f4t que de ce qu\u2019il ne conna\u00eet pas\u00bb, G\u00e9rard Lopez allume l\u2019ancien Bleu"},"content":{"rendered":"<p>\n    Le pr\u00e9sident des Girondins de Bordeaux a attaqu\u00e9 l\u2019ancien international qui l\u2019avait \u00e9gratign\u00e9 en juin dernier lors de l\u2019\u00e9chec des n\u00e9gociations autour de la revente du club.<\/p>\n<p class=\"fig-paragraph\">Dans\u00a0<a href=\"https:\/\/www.lequipe.fr\/Football\/Article\/Gerard-lopez-on-doute-de-l-amour-que-je-peux-avoir-pour-ce-club\/1633337\" target=\"_blank\" rel=\"sponsored noopener\" data-gtm-custom-categorie=\"navigation\" data-gtm-custom-action=\"crossclick\" data-gtm-custom-label=\"Contextuel\" data-gtm-event=\"customEventSPE\">un long entretien accord\u00e9 \u00e0 L\u2019Equipe ce mercredi<\/a>, G\u00e9rard Lopez revient sur la situation compliqu\u00e9e des Girondins de Bordeaux, club pass\u00e9 entre les mains de l\u2019homme d\u2019affaires hispano-luxembourgeois depuis 2020. Le dirigeant \u00e9voque les difficult\u00e9s financi\u00e8res, le mercato et l\u2019avenir des Bordelais qui esp\u00e8rent pouvoir remonter en National la saison prochaine.<\/p>\n<p>                                            La r\u00e9ponse cinglante de Lopez \u00e0 ses d\u00e9tracteurs<\/p>\n<p class=\"fig-paragraph\">G\u00e9rard Lopez profite de ce long \u00e9change pour r\u00e9pondre \u00e0 ses d\u00e9tracteurs et notamment \u00e0 Bixente Lizarazu qui lui avait reproch\u00e9 en juin dernier d\u2019avoir fait capoter\u00a0<a href=\"http:\/\/www.lefigaro.fr\/sports\/football\/girondins-de-bordeaux-oliver-kahn-renonce-a-reprendre-le-club-20250602\" data-fig-type=\"NewsFlash\" data-gtm-custom-categorie=\"navigation\" data-gtm-custom-action=\"crossclick\" data-gtm-custom-label=\"Contextuel\" data-gtm-event=\"customEventSPE\" data-fig-domain=\"LEFIGARO\" target=\"_blank\" rel=\"noopener\">le projet de reprise men\u00e9e par l\u2019ex gardien allemand du Bayern Munich, Oliver Kahn<\/a>. \u00abLizarazu devrait parler de foot plut\u00f4t que des choses qu\u2019il ne comprend pas. Quand je suis arriv\u00e9 dans le club, la situation \u00e9tait celle qu\u2019elle \u00e9tait. Quand on parle de la dette, une grosse partie de la dette correspond \u00e0 l\u2019argent que j\u2019ai mis dans le club et j\u2019ai abandonn\u00e9 cette dette-l\u00e0\u00bb, a r\u00e9pondu le patron du club.<\/p>\n<blockquote class=\"fig-quote&#10;    \">\n<p class=\"fig-quote__text\">J\u2019ai mis beaucoup plus que lui ou d\u2019autres qui n\u2019ont jamais rien mis.<\/p>\n<p>            G\u00e9rard Lopez \u00e0 propos de Bixente Lizarazu\n    <\/p><\/blockquote>\n<p>                                            <a class=\"fig-a11y-skip\" href=\"#fig-a11y-skip-main-inarticle\" data-module=\"a11y-skip\" data-context=\"was @visible\"><br \/>\n    Passer la publicit\u00e9<br \/>\n<\/a>            <\/p>\n<p class=\"fig-paragraph\">\u00ab J\u2019ai mis beaucoup plus que lui ou d\u2019autres qui n\u2019ont jamais rien mis. J\u2019ai \u00e9t\u00e9 l\u00e0 quand personne n\u2019a voulu s\u2019occuper du club la premi\u00e8re fois. Ce n\u2019est pas parce que vous avez jou\u00e9 dans un club et que vous \u00eates un grand footballeur que \u00e7a vous donne le droit de dire tout ce que vous voulez sans pour autant faire quelque chose ou a minima vous informer. La critique fond\u00e9e, je veux bien. Mais une critique comme \u00e7a, sans conna\u00eetre, sans savoir de quoi on parle, non, \u00e7a ne me va pas\u00bb, a ajout\u00e9 G\u00e9rard Lopez qui n\u2019avait d\u00e9j\u00e0 pas pris de gants l\u2019an dernier pour r\u00e9pondre au champion du monde 98.<\/p>\n<p>                                            Un clash qui date de plusieurs mois<\/p>\n<p class=\"fig-paragraph\">\u00abPas besoin de sortir d\u2019une \u00e9cole de commerce pour s\u2019apercevoir qu\u2019il n\u2019y avait sans doute rien. Il tentait d\u2019acheter l\u2019opinion pour mettre la pression mais les affaires se font avec de l\u2019argent et des prises de risques, pas avec des clics\u00bb, avait l\u00e2ch\u00e9 l\u2019ancien patron de l\u2019\u00e9curie Lotus F1 qui affirme que les Girondins sont \u00absouvent contact\u00e9s par des fonds d\u2019investissement, des investisseurs\u00bb car le club \u00abreste attractif\u00bb.<\/p>\n<p class=\"fig-paragraph\">\u00abQuand quelqu\u2019un reproche quelque chose \u00e0 un autre, il se parle \u00e0 lui-m\u00eame. 94 millions de dettes, 400 entreprises pas pay\u00e9es, 86 employ\u00e9s licenci\u00e9s, descente Ligue 1 \u00e0 N2\u2026 L\u2019as des as de la finance a parl\u00e9\u00bb,\u00a0<a href=\"http:\/\/www.lefigaro.fr\/sports\/football\/foot-l-as-des-as-de-la-finance-lizarazu-critique-lopez-president-des-girondins-de-bordeaux-20250616\" data-fig-type=\"NewsFlash\" data-gtm-custom-categorie=\"navigation\" data-gtm-custom-action=\"crossclick\" data-gtm-custom-label=\"Contextuel\" data-gtm-event=\"customEventSPE\" data-fig-domain=\"LEFIGARO\" target=\"_blank\" rel=\"noopener\">avait alors raill\u00e9 Lizarazu<\/a>.<\/p>\n<p class=\"fig-paragraph\"><strong>\u00c0 VOIR AUSSI &#8211; <\/strong>Didier Deschamps visite le futur camp de base des Bleus \u00e0 Boston pour le Mondial 2026<\/p>\n","protected":false},"excerpt":{"rendered":"Le pr\u00e9sident des Girondins de Bordeaux a attaqu\u00e9 l\u2019ancien international qui l\u2019avait \u00e9gratign\u00e9 en juin dernier lors de&hellip;\n","protected":false},"author":2,"featured_media":662756,"comment_status":"","ping_status":"","sticky":false,"template":"","format":"standard","meta":{"footnotes":""},"categories":[2817],"tags":[1111,11,1997,1777,674,1011,27,8379,2908,12,2219,25],"class_list":{"0":"post-662755","1":"post","2":"type-post","3":"status-publish","4":"format-standard","5":"has-post-thumbnail","7":"category-bordeaux","8":"tag-actu","9":"tag-actualites","10":"tag-bordeaux","11":"tag-eu","12":"tag-europe","13":"tag-fr","14":"tag-france","15":"tag-gerard-lopez","16":"tag-girondins-de-bordeaux","17":"tag-news","18":"tag-nouvelle-aquitaine","19":"tag-republique-francaise"},"share_on_mastodon":{"url":"https:\/\/pubeurope.com\/@fr\/115893118162608471","error":""},"_links":{"self":[{"href":"https:\/\/www.europesays.com\/fr\/wp-json\/wp\/v2\/posts\/662755","targetHints":{"allow":["GET"]}}],"collection":[{"href":"https:\/\/www.europesays.com\/fr\/wp-json\/wp\/v2\/posts"}],"about":[{"href":"https:\/\/www.europesays.com\/fr\/wp-json\/wp\/v2\/types\/post"}],"author":[{"embeddable":true,"href":"https:\/\/www.europesays.com\/fr\/wp-json\/wp\/v2\/users\/2"}],"replies":[{"embeddable":true,"href":"https:\/\/www.europesays.com\/fr\/wp-json\/wp\/v2\/comments?post=662755"}],"version-history":[{"count":0,"href":"https:\/\/www.europesays.com\/fr\/wp-json\/wp\/v2\/posts\/662755\/revisions"}],"wp:featuredmedia":[{"embeddable":true,"href":"https:\/\/www.europesays.com\/fr\/wp-json\/wp\/v2\/media\/662756"}],"wp:attachment":[{"href":"https:\/\/www.europesays.com\/fr\/wp-json\/wp\/v2\/media?parent=662755"}],"wp:term":[{"taxonomy":"category","embeddable":true,"href":"https:\/\/www.europesays.com\/fr\/wp-json\/wp\/v2\/categories?post=662755"},{"taxonomy":"post_tag","embeddable":true,"href":"https:\/\/www.europesays.com\/fr\/wp-json\/wp\/v2\/tags?post=662755"}],"curies":[{"name":"wp","href":"https:\/\/api.w.org\/{rel}","templated":true}]}}