{"id":66277,"date":"2025-05-01T06:40:11","date_gmt":"2025-05-01T06:40:11","guid":{"rendered":"https:\/\/www.europesays.com\/fr\/66277\/"},"modified":"2025-05-01T06:40:11","modified_gmt":"2025-05-01T06:40:11","slug":"multimedia-le-pm-canadien-carney-souligne-les-liens-economiques-avec-lue-xinhua","status":"publish","type":"post","link":"https:\/\/www.europesays.com\/fr\/66277\/","title":{"rendered":"(Multim\u00e9dia) Le PM canadien Carney souligne les liens \u00e9conomiques avec l&rsquo;UE &#8211; Xinhua"},"content":{"rendered":"<p><img decoding=\"async\" controls=\"controls\" src=\"https:\/\/www.europesays.com\/fr\/wp-content\/uploads\/2025\/05\/20250501c0e70b09939c4859978f33e033770fa0_XxjifrF007020_20250501_CBMFN0A001.JPG\"\/>Capture d&rsquo;\u00e9cran d&rsquo;une vid\u00e9o montrant Mark Carney s&rsquo;adressant le 14 mars 2025 \u00e0 la presse apr\u00e8s la c\u00e9r\u00e9monie de prestation de serment \u00e0 Ottawa, au Canada. (Xinhua\/Mick Gzowski)<\/p>\n<p><strong>Le Premier ministre canadien Mark Carney s&rsquo;est entretenu mercredi avec le pr\u00e9sident du Conseil europ\u00e9en Antonio Costa, soulignant les liens \u00e9conomiques du pays avec l&rsquo;Union europ\u00e9enne (UE).<\/strong><\/p>\n<p>OTTAWA, 30 avril (Xinhua) &#8212; Le Premier ministre canadien Mark Carney s&rsquo;est entretenu mercredi avec le pr\u00e9sident du Conseil europ\u00e9en Antonio Costa, soulignant les liens \u00e9conomiques du pays avec l&rsquo;Union europ\u00e9enne (UE).<\/p>\n<p>Selon un communiqu\u00e9 publi\u00e9 par le bureau du Premier ministre, M. Carney a soulign\u00e9 le r\u00f4le du Canada en tant que partenaire commercial stable et fiable.<\/p>\n<p>Toujours d&rsquo;apr\u00e8s le communiqu\u00e9, les dirigeants sont convenus de renforcer les relations \u00e9conomiques \u00e9troites entre le Canada et l&rsquo;UE.<\/p>\n<p>M. Carney s&rsquo;est \u00e9galement entretenu avec le pr\u00e9sident fran\u00e7ais Emmanuel Macron mardi. Les deux dirigeants ont discut\u00e9 de leur travail en cours pour approfondir les liens commerciaux et de d\u00e9fense entre les deux pays.<\/p>\n<p>Le Parti lib\u00e9ral de M. Carney a remport\u00e9 les \u00e9lections l\u00e9gislatives de lundi au Canada et formera un gouvernement minoritaire. \u25a0<\/p>\n","protected":false},"excerpt":{"rendered":"Capture d&rsquo;\u00e9cran d&rsquo;une vid\u00e9o montrant Mark Carney s&rsquo;adressant le 14 mars 2025 \u00e0 la presse apr\u00e8s la c\u00e9r\u00e9monie&hellip;\n","protected":false},"author":2,"featured_media":66278,"comment_status":"","ping_status":"","sticky":false,"template":"","format":"standard","meta":{"footnotes":""},"categories":[1586],"tags":[11,574,1777,674,1779,1011,27,12,25,1778,364],"class_list":{"0":"post-66277","1":"post","2":"type-post","3":"status-publish","4":"format-standard","5":"has-post-thumbnail","7":"category-europe","8":"tag-actualites","9":"tag-canada","10":"tag-eu","11":"tag-europe","12":"tag-european-union","13":"tag-fr","14":"tag-france","15":"tag-news","16":"tag-republique-francaise","17":"tag-ue","18":"tag-union-europeenne"},"share_on_mastodon":{"url":"https:\/\/pubeurope.com\/@fr\/114431211977413743","error":""},"_links":{"self":[{"href":"https:\/\/www.europesays.com\/fr\/wp-json\/wp\/v2\/posts\/66277","targetHints":{"allow":["GET"]}}],"collection":[{"href":"https:\/\/www.europesays.com\/fr\/wp-json\/wp\/v2\/posts"}],"about":[{"href":"https:\/\/www.europesays.com\/fr\/wp-json\/wp\/v2\/types\/post"}],"author":[{"embeddable":true,"href":"https:\/\/www.europesays.com\/fr\/wp-json\/wp\/v2\/users\/2"}],"replies":[{"embeddable":true,"href":"https:\/\/www.europesays.com\/fr\/wp-json\/wp\/v2\/comments?post=66277"}],"version-history":[{"count":0,"href":"https:\/\/www.europesays.com\/fr\/wp-json\/wp\/v2\/posts\/66277\/revisions"}],"wp:featuredmedia":[{"embeddable":true,"href":"https:\/\/www.europesays.com\/fr\/wp-json\/wp\/v2\/media\/66278"}],"wp:attachment":[{"href":"https:\/\/www.europesays.com\/fr\/wp-json\/wp\/v2\/media?parent=66277"}],"wp:term":[{"taxonomy":"category","embeddable":true,"href":"https:\/\/www.europesays.com\/fr\/wp-json\/wp\/v2\/categories?post=66277"},{"taxonomy":"post_tag","embeddable":true,"href":"https:\/\/www.europesays.com\/fr\/wp-json\/wp\/v2\/tags?post=66277"}],"curies":[{"name":"wp","href":"https:\/\/api.w.org\/{rel}","templated":true}]}}