{"id":662770,"date":"2026-01-14T11:13:11","date_gmt":"2026-01-14T11:13:11","guid":{"rendered":"https:\/\/www.europesays.com\/fr\/662770\/"},"modified":"2026-01-14T11:13:11","modified_gmt":"2026-01-14T11:13:11","slug":"apres-cinq-jours-de-coupure-le-rer-d-circule-a-nouveau-entre-melun-et-corbeil","status":"publish","type":"post","link":"https:\/\/www.europesays.com\/fr\/662770\/","title":{"rendered":"Apr\u00e8s cinq jours de coupure, le RER\u00a0D circule \u00e0 nouveau entre Melun et Corbeil"},"content":{"rendered":"<p class=\"paragraph text_align_left lp-f-body-02\">Il aura fallu cinq jours pour retrouver une situation normale. Mais ce mercredi matin, le RER D a circul\u00e9 pour la premi\u00e8re fois depuis jeudi entre les gares de Melun <a href=\"https:\/\/www.leparisien.fr\/seine-et-marne-77\/\" target=\"_self\" rel=\"noopener\">(Seine-et-Marne)<\/a> et Corbeil-Essonnes <a href=\"https:\/\/www.leparisien.fr\/essonne-91\/\" target=\"_self\" rel=\"noopener\">(Essonne)<\/a>. Un retour \u00e0 la normale <a href=\"https:\/\/www.leparisien.fr\/info-paris-ile-de-france-oise\/transports\/rer-d-pourquoi-aucun-train-ne-circulera-jusqua-mercredi-entre-melun-et-corbeil-11-01-2026-T7OHCBYGM5A4TLHXNTURHNCTUE.php\" target=\"_self\" rel=\"noopener\">apr\u00e8s l\u2019interruption du trafic qu\u2019a caus\u00e9 la temp\u00eate Goretti<\/a>.<\/p>\n<p class=\"\">Dans la nuit de jeudi \u00e0 vendredi, <a href=\"https:\/\/www.leparisien.fr\/info-paris-ile-de-france-oise\/transports\/tempete-goretti-aucun-rer-d-entre-corbeil-essonnes-et-melun-ce-weekend-transilien-encore-des-perturbations-dans-les-transports-09-01-2026-5KNY4QYOXZHBHBUTR3TED7GWVQ.php\" target=\"_self\" rel=\"noopener\">de nombreux arbres avaient \u00e9t\u00e9 couch\u00e9s sur les voies de la gare de Vosves<\/a>, sur la commune de Dammarie-les-Lys, faisant m\u00eame plier les poteaux qui soutenaient les cat\u00e9naires. De quoi rendre la circulation impossible, et ce pendant un moment.<\/p>\n<p>Des arbres \u00e0 enlever et des poteaux \u00e0 fixer<\/p>\n<p class=\"\">Ce mercredi matin, SNCF R\u00e9seau fait savoir que les \u00e9quipes ont \u00ab pu rouvrir Corbeil-Melun sur le RER D apr\u00e8s remise en \u00e9tat des \u00e9quipements cat\u00e9naires \u00bb. La fin de la gal\u00e8re pour le millier d\u2019usagers quotidiens de cette branche \u00ab Littoral \u00bb, la moins fr\u00e9quent\u00e9e du <a href=\"https:\/\/www.leparisien.fr\/info-paris-ile-de-france-oise\/transports\/rer-d\/\" target=\"_self\" rel=\"noopener\">RER D<\/a>.<\/p>\n<p class=\"\">Ce week-end, des \u00e9quipes de b\u00fbcherons \u00e9taient intervenues en gare de Vosves pour tron\u00e7onner et \u00e9vacuer les nombreuses branches tomb\u00e9es sur les voies. Dans le m\u00eame temps, <a href=\"https:\/\/www.leparisien.fr\/economie\/sncf\/\" target=\"_self\" rel=\"noopener\">SNCF R\u00e9seau<\/a> s\u2019est charg\u00e9e de retirer les poteaux des cat\u00e9naires endommag\u00e9s.<\/p>\n<p><img decoding=\"async\" class=\"image \" loading=\"lazy\" src=\"https:\/\/www.europesays.com\/fr\/wp-content\/uploads\/2026\/01\/AQGBBPYKA5GF3BI46IIIR7U4CA.jpg\" alt=\"Une trentaine d'agents ont travaill\u00e9 au retour \u00e0 la normale en gare de Vosves. SNCF R\u00e9seau\" align=\"\" data-rubrique-principale=\"\" data-article-type=\"\" fetchpriority=\"auto\"\/>Une trentaine d&rsquo;agents ont travaill\u00e9 au retour \u00e0 la normale en gare de Vosves. SNCF R\u00e9seau<\/p>\n<p class=\"\">Apr\u00e8s quoi il a fallu pr\u00e9parer des massifs de b\u00e9ton coul\u00e9 \u00e0 la base des nouveaux poteaux. Une op\u00e9ration longue, qui explique que le trafic n\u2019a pu reprendre que ce mercredi. Vendredi soir, des bus de substitution avaient \u00e9t\u00e9 mis en place pour permettre de relier Corbeil \u00e0 Melun ainsi que les huit gares qui les s\u00e9parent.<\/p>\n","protected":false},"excerpt":{"rendered":"Il aura fallu cinq jours pour retrouver une situation normale. Mais ce mercredi matin, le RER D a&hellip;\n","protected":false},"author":2,"featured_media":662771,"comment_status":"","ping_status":"","sticky":false,"template":"","format":"standard","meta":{"footnotes":""},"categories":[1592],"tags":[1111,11,1777,674,1011,27,662,1944,12,626,25,2382],"class_list":{"0":"post-662770","1":"post","2":"type-post","3":"status-publish","4":"format-standard","5":"has-post-thumbnail","7":"category-ile-de-france","8":"tag-actu","9":"tag-actualites","10":"tag-eu","11":"tag-europe","12":"tag-fr","13":"tag-france","14":"tag-ile-de-france","15":"tag-ma-ville","16":"tag-news","17":"tag-paris","18":"tag-republique-francaise","19":"tag-transport-idf-oise"},"share_on_mastodon":{"url":"https:\/\/pubeurope.com\/@fr\/115893161495747215","error":""},"_links":{"self":[{"href":"https:\/\/www.europesays.com\/fr\/wp-json\/wp\/v2\/posts\/662770","targetHints":{"allow":["GET"]}}],"collection":[{"href":"https:\/\/www.europesays.com\/fr\/wp-json\/wp\/v2\/posts"}],"about":[{"href":"https:\/\/www.europesays.com\/fr\/wp-json\/wp\/v2\/types\/post"}],"author":[{"embeddable":true,"href":"https:\/\/www.europesays.com\/fr\/wp-json\/wp\/v2\/users\/2"}],"replies":[{"embeddable":true,"href":"https:\/\/www.europesays.com\/fr\/wp-json\/wp\/v2\/comments?post=662770"}],"version-history":[{"count":0,"href":"https:\/\/www.europesays.com\/fr\/wp-json\/wp\/v2\/posts\/662770\/revisions"}],"wp:featuredmedia":[{"embeddable":true,"href":"https:\/\/www.europesays.com\/fr\/wp-json\/wp\/v2\/media\/662771"}],"wp:attachment":[{"href":"https:\/\/www.europesays.com\/fr\/wp-json\/wp\/v2\/media?parent=662770"}],"wp:term":[{"taxonomy":"category","embeddable":true,"href":"https:\/\/www.europesays.com\/fr\/wp-json\/wp\/v2\/categories?post=662770"},{"taxonomy":"post_tag","embeddable":true,"href":"https:\/\/www.europesays.com\/fr\/wp-json\/wp\/v2\/tags?post=662770"}],"curies":[{"name":"wp","href":"https:\/\/api.w.org\/{rel}","templated":true}]}}