{"id":662772,"date":"2026-01-14T11:14:19","date_gmt":"2026-01-14T11:14:19","guid":{"rendered":"https:\/\/www.europesays.com\/fr\/662772\/"},"modified":"2026-01-14T11:14:19","modified_gmt":"2026-01-14T11:14:19","slug":"la-bourse-de-paris-touche-un-nouveau-record-en-seance-actualites","status":"publish","type":"post","link":"https:\/\/www.europesays.com\/fr\/662772\/","title":{"rendered":"La Bourse de Paris touche un nouveau record en s\u00e9ance : Actualit\u00e9s"},"content":{"rendered":"<p class=\"lead \">L&rsquo;indice vedette de la Bourse de Paris, le CAC 40, a touch\u00e9 un nouveau sommet historique en s\u00e9ance mercredi, de concert avec de nombreuses autres places europ\u00e9ennes, port\u00e9 par un vent d&rsquo;enthousiasme sur les march\u00e9s apr\u00e8s la publication de l&rsquo;inflation am\u00e9ricaine.<\/p>\n<p class=\"lead \">L&rsquo;indice vedette CAC 40 prenait 0,43% soit un gain de 35,80 points, pour atteindre 8.383,00 points vers 10H15 heure de Paris.<\/p>\n<p class=\"lead \">Dans les premiers \u00e9changes, l&rsquo;indice a touch\u00e9 un nouveau record absolu \u00e0 8.996,72 points, d\u00e9passant son pr\u00e9c\u00e9dent sommet en s\u00e9ance datant de lundi. Mardi, le CAC 40 avait c\u00e9d\u00e9 0,14% pour s&rsquo;\u00e9tablir \u00e0 8.347,20 points.<\/p>\n<p class=\"lead \">Les march\u00e9s mondiaux, notamment les Bourses europ\u00e9ennes, \u00e9voluent \u00e0 des niveaux \u00ab\u00a0records, alors que la d\u00e9tente des donn\u00e9es d&rsquo;inflation am\u00e9ricaines a apais\u00e9 les craintes li\u00e9es \u00e0 la hausse des prix, alimentant l&rsquo;enthousiasme des investisseurs dans un contexte de boom toujours port\u00e9 par l&rsquo;intelligence artificielle\u00a0\u00bb, commente Patrick Munnelly, strat\u00e9giste de march\u00e9 chez Tickmill Group.<\/p>\n<p class=\"lead \">Le rythme de l&rsquo;inflation am\u00e9ricaine s&rsquo;est calm\u00e9 en fin d&rsquo;ann\u00e9e 2025. Selon les donn\u00e9es officielles publi\u00e9es mardi, l&rsquo;indice des prix \u00e0 la consommation (CPI) a progress\u00e9 en d\u00e9cembre de 2,7% sur un an, une hausse stable par rapport \u00e0 novembre.<\/p>\n<p class=\"lead \">\u00ab\u00a0L&rsquo;inflation sous-jacente s&rsquo;est maintenue \u00e0 2,6%, son plus bas niveau depuis 2021, en dessous des 2,7% attendus\u00a0\u00bb, rel\u00e8ve Neil Wilson, de Saxo Markets. \u00ab\u00a0Cela maintient la Fed sur la voie de baisses de taux plus tard cette ann\u00e9e.\u00a0\u00bb<\/p>\n<p class=\"lead \">\u00ab\u00a0Les inqui\u00e9tudes du march\u00e9 quant au risque que Donald Trump ne surchauffe l&rsquo;\u00e9conomie avant les \u00e9lections de mi-mandat semblent pr\u00e9matur\u00e9es, les risques inflationnistes \u00e9tant probablement diff\u00e9r\u00e9s\u00a0\u00bb, estime M. Munnelly.<\/p>\n<p class=\"lead \">Les investisseurs attendent d\u00e9sormais la publication d\u00e9cal\u00e9e de l&rsquo;indice des prix \u00e0 la production PPI en novembre.<\/p>\n<p class=\"lead \">Engie solide<\/p>\n<p class=\"lead \">Le groupe Engie (+0,98% \u00e0 23,63 euros vers 10H15 heure de Paris) a remport\u00e9 en Inde un projet hybride combinant \u00e9nergie solaire et stockage d&rsquo;\u00e9lectricit\u00e9 par batteries, son premier dans le pays o\u00f9 l&rsquo;\u00e9nerg\u00e9ticien fran\u00e7ais affiche de grandes ambitions sur un march\u00e9 en pleine expansion pour les \u00e9nergies renouvelables, a-t-il annonc\u00e9 mardi.<\/p>\n<p class=\"lead \"><a href=\"https:\/\/www.euronext.com\/fr\/products\/indices\/FR0003500008-XPAR\" target=\"_blank\" rel=\"noopener\">Euronext CAC40<\/a><\/p>\n<p class=\"small font-weight-bold text-gray3 \"> publi\u00e9 le 14 janvier \u00e0 11h08, AFP<\/p>\n<p>                             Partager<\/p>\n","protected":false},"excerpt":{"rendered":"L&rsquo;indice vedette de la Bourse de Paris, le CAC 40, a touch\u00e9 un nouveau sommet historique en s\u00e9ance&hellip;\n","protected":false},"author":2,"featured_media":662773,"comment_status":"","ping_status":"","sticky":false,"template":"","format":"standard","meta":{"footnotes":""},"categories":[1888],"tags":[1111,1928,11,1927,340,1777,674,1011,27,6205,12,1926,626,1925,25],"class_list":{"0":"post-662772","1":"post","2":"type-post","3":"status-publish","4":"format-standard","5":"has-post-thumbnail","7":"category-paris","8":"tag-actu","9":"tag-actu-paris","10":"tag-actualites","11":"tag-actualites-paris","12":"tag-bourse","13":"tag-eu","14":"tag-europe","15":"tag-fr","16":"tag-france","17":"tag-marchs","18":"tag-news","19":"tag-news-paris","20":"tag-paris","21":"tag-paris-news","22":"tag-republique-francaise"},"share_on_mastodon":{"url":"https:\/\/pubeurope.com\/@fr\/115893165354183148","error":""},"_links":{"self":[{"href":"https:\/\/www.europesays.com\/fr\/wp-json\/wp\/v2\/posts\/662772","targetHints":{"allow":["GET"]}}],"collection":[{"href":"https:\/\/www.europesays.com\/fr\/wp-json\/wp\/v2\/posts"}],"about":[{"href":"https:\/\/www.europesays.com\/fr\/wp-json\/wp\/v2\/types\/post"}],"author":[{"embeddable":true,"href":"https:\/\/www.europesays.com\/fr\/wp-json\/wp\/v2\/users\/2"}],"replies":[{"embeddable":true,"href":"https:\/\/www.europesays.com\/fr\/wp-json\/wp\/v2\/comments?post=662772"}],"version-history":[{"count":0,"href":"https:\/\/www.europesays.com\/fr\/wp-json\/wp\/v2\/posts\/662772\/revisions"}],"wp:featuredmedia":[{"embeddable":true,"href":"https:\/\/www.europesays.com\/fr\/wp-json\/wp\/v2\/media\/662773"}],"wp:attachment":[{"href":"https:\/\/www.europesays.com\/fr\/wp-json\/wp\/v2\/media?parent=662772"}],"wp:term":[{"taxonomy":"category","embeddable":true,"href":"https:\/\/www.europesays.com\/fr\/wp-json\/wp\/v2\/categories?post=662772"},{"taxonomy":"post_tag","embeddable":true,"href":"https:\/\/www.europesays.com\/fr\/wp-json\/wp\/v2\/tags?post=662772"}],"curies":[{"name":"wp","href":"https:\/\/api.w.org\/{rel}","templated":true}]}}