{"id":662777,"date":"2026-01-14T11:17:27","date_gmt":"2026-01-14T11:17:27","guid":{"rendered":"https:\/\/www.europesays.com\/fr\/662777\/"},"modified":"2026-01-14T11:17:27","modified_gmt":"2026-01-14T11:17:27","slug":"video-les-agriculteurs-quittent-paris-les-tensions-montent-a-toulouse-sur-laccord-ue-mercosur","status":"publish","type":"post","link":"https:\/\/www.europesays.com\/fr\/662777\/","title":{"rendered":"Vid\u00e9o. Les agriculteurs quittent Paris, les tensions montent \u00e0 Toulouse sur l&rsquo;accord UE-Mercosur"},"content":{"rendered":"<p>Mercredi, la France s\u2019est r\u00e9veill\u00e9e dans des rues plus calmes, alors que les tracteurs qui avaient encercl\u00e9 l\u2019Assembl\u00e9e nationale ont commenc\u00e9 \u00e0 quitter Paris avant l\u2019aube. Les engins, conduits par des membres de la FNSEA et de Jeunes Agriculteurs, \u00e9taient entr\u00e9s dans la capitale la veille au matin pour faire valoir leurs revendications. Les agriculteurs affirment qu\u2019ils peinent \u00e0 faire face \u00e0 la hausse des co\u00fbts, \u00e0 la baisse des revenus et \u00e0 des r\u00e8gles qu\u2019ils jugent injustes.<\/p>\n<p>Alors que la situation se calmait \u00e0 Paris, la tension s\u2019est d\u00e9plac\u00e9e vers le sud. Tard mardi soir, des agriculteurs ont conduit des tracteurs dans le centre de Toulouse malgr\u00e9 une interdiction locale. Une quinzaine d\u2019engins se sont gar\u00e9s pr\u00e8s de b\u00e2timents gouvernementaux, sous \u00e9troite surveillance polici\u00e8re.<\/p>\n<p>Les manifestants ont de nouveau point\u00e9 la pression \u00e9conomique et leur col\u00e8re face \u00e0 un projet d\u2019accord commercial entre l\u2019Union europ\u00e9enne et le Mercosur. Les responsables syndicaux affirment que ces actions visent \u00e0 maintenir la pression sur le gouvernement pendant que les discussions se poursuivent.<\/p>\n","protected":false},"excerpt":{"rendered":"Mercredi, la France s\u2019est r\u00e9veill\u00e9e dans des rues plus calmes, alors que les tracteurs qui avaient encercl\u00e9 l\u2019Assembl\u00e9e&hellip;\n","protected":false},"author":2,"featured_media":662778,"comment_status":"","ping_status":"","sticky":false,"template":"","format":"standard","meta":{"footnotes":""},"categories":[1888],"tags":[73966,37666,76409,76405,50016,11,1777,674,1011,27,12,626,25,76406,37667,73967,50017,76410,76408,37669,73969,50019,76412,76407,37668,73968,50018,76411],"class_list":{"0":"post-662777","1":"post","2":"type-post","3":"status-publish","4":"format-standard","5":"has-post-thumbnail","7":"category-paris","8":"tag-id10829","9":"tag-id117","10":"tag-id12241","11":"tag-id319","12":"tag-id412","13":"tag-actualites","14":"tag-eu","15":"tag-europe","16":"tag-fr","17":"tag-france","18":"tag-news","19":"tag-paris","20":"tag-republique-francaise","21":"tag-slugagriculture","22":"tag-slugfrance","23":"tag-slugmercosur","24":"tag-slugparis","25":"tag-slugtoulouse","26":"tag-titleagriculture","27":"tag-titlefrance","28":"tag-titlemercosur","29":"tag-titleparis","30":"tag-titletoulouse","31":"tag-urlsafevalueagriculture","32":"tag-urlsafevaluefrance","33":"tag-urlsafevaluemercosur","34":"tag-urlsafevalueparis","35":"tag-urlsafevaluetoulouse"},"share_on_mastodon":{"url":"","error":"Validation failed: Text character limit of 500 exceeded"},"_links":{"self":[{"href":"https:\/\/www.europesays.com\/fr\/wp-json\/wp\/v2\/posts\/662777","targetHints":{"allow":["GET"]}}],"collection":[{"href":"https:\/\/www.europesays.com\/fr\/wp-json\/wp\/v2\/posts"}],"about":[{"href":"https:\/\/www.europesays.com\/fr\/wp-json\/wp\/v2\/types\/post"}],"author":[{"embeddable":true,"href":"https:\/\/www.europesays.com\/fr\/wp-json\/wp\/v2\/users\/2"}],"replies":[{"embeddable":true,"href":"https:\/\/www.europesays.com\/fr\/wp-json\/wp\/v2\/comments?post=662777"}],"version-history":[{"count":0,"href":"https:\/\/www.europesays.com\/fr\/wp-json\/wp\/v2\/posts\/662777\/revisions"}],"wp:featuredmedia":[{"embeddable":true,"href":"https:\/\/www.europesays.com\/fr\/wp-json\/wp\/v2\/media\/662778"}],"wp:attachment":[{"href":"https:\/\/www.europesays.com\/fr\/wp-json\/wp\/v2\/media?parent=662777"}],"wp:term":[{"taxonomy":"category","embeddable":true,"href":"https:\/\/www.europesays.com\/fr\/wp-json\/wp\/v2\/categories?post=662777"},{"taxonomy":"post_tag","embeddable":true,"href":"https:\/\/www.europesays.com\/fr\/wp-json\/wp\/v2\/tags?post=662777"}],"curies":[{"name":"wp","href":"https:\/\/api.w.org\/{rel}","templated":true}]}}