{"id":662783,"date":"2026-01-14T11:20:16","date_gmt":"2026-01-14T11:20:16","guid":{"rendered":"https:\/\/www.europesays.com\/fr\/662783\/"},"modified":"2026-01-14T11:20:16","modified_gmt":"2026-01-14T11:20:16","slug":"usa-deces-a-86-ans-de-claudette-colvin-pionniere-de-la-lutte-contre-la-segregation-raciale","status":"publish","type":"post","link":"https:\/\/www.europesays.com\/fr\/662783\/","title":{"rendered":"USA : d\u00e9c\u00e8s \u00e0 86 ans de Claudette Colvin, pionni\u00e8re de la lutte contre la s\u00e9gr\u00e9gation raciale"},"content":{"rendered":"<p class=\"justifyText  add-more-font-size-dep\" dir=\"ltr\">\u00ab\u00a0Pour nous, elle \u00e9tait plus qu\u2019une figure historique. Elle \u00e9tait le c\u0153ur de notre famille, sage, r\u00e9siliente et bas\u00e9e sur la foi\u00a0\u00bb, a \u00e9crit la fondation Claudette Colvin dans un communiqu\u00e9.<\/p>\n<p>Son nom demeure indissociable d\u2019un acte de r\u00e9sistance pr\u00e9coce contre les lois s\u00e9gr\u00e9gationnistes dites \u00ab\u00a0Jim Crow\u00a0\u00bb dans le sud am\u00e9ricain. Bien avant que Rosa Parks n\u2019entre dans l\u2019histoire pour son refus, le 1er d\u00e9cembre 1955, de c\u00e9der son si\u00e8ge \u00e0 un passager blanc, un geste qui d\u00e9clencha le premier grand mouvement de r\u00e9sistance pacifique contre la s\u00e9gr\u00e9gation, Claudette Colvin s\u2019\u00e9tait d\u00e9j\u00e0 illustr\u00e9e par un acte similaire \u00e0 Montgomery, en Alabama.<\/p>\n<p>En effet, le 2 mars 1955, alors \u00e2g\u00e9e de seulement 15 ans, elle refusa de c\u00e9der sa place \u00e0 une passag\u00e8re blanche dans un bus municipal de la ville. Ce geste, intervenu plusieurs mois avant celui de Rosa Parks, fit d\u2019elle l\u2019une des premi\u00e8res figures de la d\u00e9sob\u00e9issance civile ayant contribu\u00e9 \u00e0 \u00e9branler le syst\u00e8me s\u00e9gr\u00e9gationniste dans les transports publics am\u00e9ricains.<\/p>\n<p>\u00c0 cette \u00e9poque, le syst\u00e8me de s\u00e9gr\u00e9gation imposait aux passagers afro-am\u00e9ricains de s\u2019asseoir \u00e0 l\u2019arri\u00e8re des bus et de c\u00e9der leurs si\u00e8ges d\u00e8s lors que la section r\u00e9serv\u00e9e aux Blancs \u00e9tait pleine. C\u2019est dans ce contexte que Claudette Colvin refusa d\u2019obtemp\u00e9rer \u00e0 l\u2019ordre du chauffeur.<\/p>\n<p>Si deux des trois passagers noirs concern\u00e9s se pli\u00e8rent \u00e0 l\u2019injonction, la jeune adolescente resta assise. Le bus fut immobilis\u00e9 et la police appel\u00e9e. Tra\u00een\u00e9e de force hors du v\u00e9hicule, menott\u00e9e et conduite au poste, elle fut incarc\u00e9r\u00e9e pour trouble \u00e0 l\u2019ordre public, violation des lois s\u00e9gr\u00e9gationnistes et agression d\u2019un agent.<\/p>\n<p>Condamn\u00e9e par un tribunal pour mineurs, elle \u00e9copa d\u2019une amende et d\u2019une mise \u00e0 l\u2019\u00e9preuve, apr\u00e8s que deux chefs d\u2019accusation eurent \u00e9t\u00e9 annul\u00e9s en appel. Cet \u00e9pisode provoqua une vive \u00e9motion au sein de la communaut\u00e9 afro-am\u00e9ricaine de Montgomery et alimenta le d\u00e9bat sur l\u2019opportunit\u00e9 d\u2019une mobilisation de masse contre la s\u00e9gr\u00e9gation dans les transports publics.<\/p>\n<p>Quelques mois plus tard, en d\u00e9cembre 1955, l\u2019arrestation de Rosa Parks d\u00e9clencha le c\u00e9l\u00e8bre boycott des bus de Montgomery, conduit par Martin Luther King Jr., \u00e9v\u00e9nement fondateur du mouvement moderne des droits civiques et pr\u00e9lude \u00e0 l\u2019adoption, en 1964, de la loi sur les droits civiques interdisant notamment la discrimination dans les lieux publics.<\/p>\n<p>Pour autant, Claudette Colvin joua un r\u00f4le d\u00e9terminant dans la bataille judiciaire contre la s\u00e9gr\u00e9gation. En 1956, elle figura parmi les quatre plaignants afro-am\u00e9ricains dans l\u2019affaire f\u00e9d\u00e9rale \u00ab\u00a0Browder v. Gayle\u00a0\u00bb, intent\u00e9e contre le r\u00e9seau de bus de Montgomery. T\u00e9moin central du proc\u00e8s, elle relata avec pr\u00e9cision les abus et humiliations subis.<\/p>\n<p>La victoire des plaignants, confirm\u00e9e par la Cour supr\u00eame des \u00c9tats-Unis \u00e0 la fin de la m\u00eame ann\u00e9e, mit fin \u00e0 la s\u00e9gr\u00e9gation dans les transports publics non seulement \u00e0 Montgomery, mais \u00e0 l\u2019\u00e9chelle nationale.<\/p>\n<p>Malgr\u00e9 cette avanc\u00e9e historique, la notori\u00e9t\u00e9 soudaine rendit sa vie particuli\u00e8rement difficile. Marginalis\u00e9e tant par une partie de la population blanche que par certains membres de sa propre communaut\u00e9, Claudette Colvin quitta l\u2019Alabama en 1958 pour s\u2019installer dans le Bronx, \u00e0 New York, o\u00f9 elle travailla d\u2019abord comme domestique, puis durant pr\u00e8s de trois d\u00e9cennies comme infirmi\u00e8re. Pendant longtemps, elle garda le silence sur son r\u00f4le dans l\u2019histoire des droits civiques.<\/p>\n<p>Ce n\u2019est que tardivement que sa contribution commen\u00e7a \u00e0 \u00eatre pleinement reconnue. En 2009, une biographie consacr\u00e9e \u00e0 son parcours remporta le National Book Award for Young People\u2019s Literature. En 2019, une plaque comm\u00e9morative fut d\u00e9voil\u00e9e \u00e0 Montgomery en son honneur, aux c\u00f4t\u00e9s des autres plaignants de l\u2019affaire Browder v. Gayle. En 2021, un tribunal local effa\u00e7a d\u00e9finitivement sa condamnation de son casier judiciaire.<\/p>\n<p>N\u00e9e le 5 septembre 1939 \u00e0 Birmingham, en Alabama, Claudette Austin fut \u00e9lev\u00e9e par des proches apr\u00e8s le d\u00e9part de son p\u00e8re et l\u2019incapacit\u00e9 de sa m\u00e8re \u00e0 subvenir aux besoins de la famille. Elle laisse derri\u00e8re elle son fils Randy, sept petits-enfants, huit arri\u00e8re-petits-enfants, ainsi que plusieurs s\u0153urs. Son fils a\u00een\u00e9, Raymond, est d\u00e9c\u00e9d\u00e9 en 1993.<\/p>\n<p>Longtemps rel\u00e9gu\u00e9e au second plan de l\u2019histoire officielle, Claudette Colvin est aujourd\u2019hui reconnue comme l\u2019une des pionni\u00e8res de la r\u00e9sistance civile contre la s\u00e9gr\u00e9gation raciale aux \u00c9tats-Unis, dont le courage pr\u00e9coce a contribu\u00e9 \u00e0 fa\u00e7onner l\u2019un des combats les plus marquants du 20e si\u00e8cle.<\/p>\n","protected":false},"excerpt":{"rendered":"\u00ab\u00a0Pour nous, elle \u00e9tait plus qu\u2019une figure historique. Elle \u00e9tait le c\u0153ur de notre famille, sage, r\u00e9siliente et&hellip;\n","protected":false},"author":2,"featured_media":662784,"comment_status":"","ping_status":"","sticky":false,"template":"","format":"standard","meta":{"footnotes":""},"categories":[1589],"tags":[76415,13041,11,1764,12224,76416,76417,1444,1805,3983,18579,73,1866,4743,7998,12,44812,76414,76418,76397,1864,1865,1863,308,76413],"class_list":{"0":"post-662783","1":"post","2":"type-post","3":"status-publish","4":"format-standard","5":"has-post-thumbnail","7":"category-etats-unis","8":"tag-76415","9":"tag-a","10":"tag-actualites","11":"tag-ans","12":"tag-atlasinfo","13":"tag-claudette","14":"tag-colvin","15":"tag-contre","16":"tag-de","17":"tag-deces","18":"tag-en-direct","19":"tag-etats-unis","20":"tag-etats-unis-damerique","21":"tag-la","22":"tag-lutte","23":"tag-news","24":"tag-pionniere","25":"tag-pionniere-de-la-lutte-contre-la-segregation-raciale","26":"tag-raciale","27":"tag-segregation","28":"tag-united-states","29":"tag-united-states-of-america","30":"tag-us","31":"tag-usa","32":"tag-usa-deces-a-86-ans-de-claudette-colvin"},"share_on_mastodon":{"url":"https:\/\/pubeurope.com\/@fr\/115893189118403489","error":""},"_links":{"self":[{"href":"https:\/\/www.europesays.com\/fr\/wp-json\/wp\/v2\/posts\/662783","targetHints":{"allow":["GET"]}}],"collection":[{"href":"https:\/\/www.europesays.com\/fr\/wp-json\/wp\/v2\/posts"}],"about":[{"href":"https:\/\/www.europesays.com\/fr\/wp-json\/wp\/v2\/types\/post"}],"author":[{"embeddable":true,"href":"https:\/\/www.europesays.com\/fr\/wp-json\/wp\/v2\/users\/2"}],"replies":[{"embeddable":true,"href":"https:\/\/www.europesays.com\/fr\/wp-json\/wp\/v2\/comments?post=662783"}],"version-history":[{"count":0,"href":"https:\/\/www.europesays.com\/fr\/wp-json\/wp\/v2\/posts\/662783\/revisions"}],"wp:featuredmedia":[{"embeddable":true,"href":"https:\/\/www.europesays.com\/fr\/wp-json\/wp\/v2\/media\/662784"}],"wp:attachment":[{"href":"https:\/\/www.europesays.com\/fr\/wp-json\/wp\/v2\/media?parent=662783"}],"wp:term":[{"taxonomy":"category","embeddable":true,"href":"https:\/\/www.europesays.com\/fr\/wp-json\/wp\/v2\/categories?post=662783"},{"taxonomy":"post_tag","embeddable":true,"href":"https:\/\/www.europesays.com\/fr\/wp-json\/wp\/v2\/tags?post=662783"}],"curies":[{"name":"wp","href":"https:\/\/api.w.org\/{rel}","templated":true}]}}