{"id":662785,"date":"2026-01-14T11:21:12","date_gmt":"2026-01-14T11:21:12","guid":{"rendered":"https:\/\/www.europesays.com\/fr\/662785\/"},"modified":"2026-01-14T11:21:12","modified_gmt":"2026-01-14T11:21:12","slug":"la-france-interdit-de-territoire-dix-militants-britanniques-dextreme-droite-pour-des-actions-contre-des-migrants","status":"publish","type":"post","link":"https:\/\/www.europesays.com\/fr\/662785\/","title":{"rendered":"La France interdit de territoire dix militants britanniques d\u2019extr\u00eame droite pour des actions contre des migrants"},"content":{"rendered":"<p>Dix militants d\u2019extr\u00eame droite britanniques se livrant notamment \u00e0 des actions contre des migrants sur le littoral du Nord et du Pas-de-Calais, qui souhaitaient rejoindre le Royaume-Uni, ont \u00e9t\u00e9 interdits de territoire, <a href=\"https:\/\/www.interieur.gouv.fr\/actualites\/communiques-de-presse\/dix-interdictions-administratives-de-territoire-prononcees-a-lencontre-de-militants-britanniques-du\" target=\"_blank\" rel=\"noopener\">a annonc\u00e9 ce mercredi le minist\u00e8re de l\u2019Int\u00e9rieur<\/a>.<\/p>\n<p>Destructions d\u2019embarcations<\/p>\n<p>L\u2019attention des services du minist\u00e8re a \u00e9t\u00e9 appel\u00e9e \u00ab \u00e0 plusieurs reprises, et par diff\u00e9rents acteurs, sur la pr\u00e9sence d\u2019activistes d\u2019extr\u00eame droite \u00bb, du mouvement \u00ab Raise the colours \u00bb, se livrant \u00e0 des actions de destruction de \u00ab small boats \u00bb, pr\u00e9cise le minist\u00e8re. Ces actions sont \u00ab de nature \u00e0 occasionner de graves troubles \u00e0 l\u2019ordre public \u00bb, a-t-il justifi\u00e9. Il explique avoir pris mardi en cons\u00e9quence des mesures d&rsquo;interdiction administrative du territoire \u00e0 l&rsquo;encontre de dix ressortissants britanniques, \u00ab\u00a0identifi\u00e9s comme militants au sein du mouvement\u00a0\u00bb. \u00ab\u00a0D\u00e8s lors, l&rsquo;entr\u00e9e et le s\u00e9jour en France leur sont interdits\u00a0\u00bb, \u00e9crit-il. <\/p>\n<p>Enqu\u00eate pr\u00e9liminaire pour des violences en septembre<\/p>\n<p>La justice fran\u00e7aise avait ouvert une enqu\u00eate pr\u00e9liminaire pour \u00ab\u00a0violences aggrav\u00e9es\u00a0\u00bb commises sur des migrants dans la nuit du 9 au 10 septembre \u00e0 Grand-Fort-Philippe, pr\u00e8s de Dunkerque, \u00e0 la suite du signalement par une association.<\/p>\n<p>Dans la nuit du 9 au 10 septembre, quatre hommes arborant des drapeaux anglais et du Royaume-Uni ont agress\u00e9 verbalement et physiquement un groupe de migrants \u00e0 Grand-Fort-Philippe, en leur disant qu&rsquo;ils n&rsquo;\u00e9taient pas les bienvenus en Angleterre et en volant certaines de leurs affaires, avait rapport\u00e9 \u00e0 l&rsquo;AFP F\u00e9licie Penneron, coordinatrice d&rsquo;Utopia 56 pr\u00e8s de Dunkerque.<\/p>\n<p>Accord sign\u00e9 cet \u00e9t\u00e9<\/p>\n<p>En 2025, 41.472 migrants ont r\u00e9ussi \u00e0 traverser la Manche depuis la France sur de petites embarcations pour rejoindre la Grande-Bretagne, <a href=\"https:\/\/www.letelegramme.fr\/monde\/au-royaume-uni-le-nombre-darrivees-de-migrants-par-la-manche-en-2025-est-le-deuxieme-plus-haut-jamais-enregistre-6956051.php\" target=\"_blank\" rel=\"noopener\">le deuxi\u00e8me nombre le plus \u00e9lev\u00e9<\/a> apr\u00e8s le record enregistr\u00e9 en 2022. <a href=\"https:\/\/www.letelegramme.fr\/france\/immigration-ce-que-contient-laccord-franco-britannique-sur-lechange-de-migrants-qui-entre-en-vigueur-ce-mardi-6866953.php\" target=\"_blank\" rel=\"noopener\">Un accord a \u00e9t\u00e9 sign\u00e9 cet \u00e9t\u00e9 entre les deux pays<\/a> pour tenter d&rsquo;y mettre fin alors que le Premier ministre britannique est confront\u00e9 \u00e0 la mont\u00e9e du parti anti-immigration Reform UK. L&rsquo;accord pr\u00e9voit le renvoi en France de migrants arriv\u00e9s \u00e0 bord de petits bateaux au Royaume-Uni, en \u00e9change de l&rsquo;accueil par ce pays de migrants se trouvant en France, sur le principe du \u00ab\u00a0un pour un\u00a0\u00bb.<\/p>\n","protected":false},"excerpt":{"rendered":"Dix militants d\u2019extr\u00eame droite britanniques se livrant notamment \u00e0 des actions contre des migrants sur le littoral du&hellip;\n","protected":false},"author":2,"featured_media":662786,"comment_status":"","ping_status":"","sticky":false,"template":"","format":"standard","meta":{"footnotes":""},"categories":[1588],"tags":[11,765,1777,674,1076,27,1061,74,12,473,1853,1851,1850,1852],"class_list":{"0":"post-662785","1":"post","2":"type-post","3":"status-publish","4":"format-standard","5":"has-post-thumbnail","7":"category-royaume-uni","8":"tag-actualites","9":"tag-en-continu","10":"tag-eu","11":"tag-europe","12":"tag-extreme-droite","13":"tag-france","14":"tag-immigration","15":"tag-monde","16":"tag-news","17":"tag-royaume-uni","18":"tag-royaume-uni-de-grande-bretagne-et-dirlande-du-nord","19":"tag-uk","20":"tag-united-kingdom","21":"tag-united-kingdom-of-great-britain-and-northern-ireland"},"share_on_mastodon":{"url":"https:\/\/pubeurope.com\/@fr\/115893192921498866","error":""},"_links":{"self":[{"href":"https:\/\/www.europesays.com\/fr\/wp-json\/wp\/v2\/posts\/662785","targetHints":{"allow":["GET"]}}],"collection":[{"href":"https:\/\/www.europesays.com\/fr\/wp-json\/wp\/v2\/posts"}],"about":[{"href":"https:\/\/www.europesays.com\/fr\/wp-json\/wp\/v2\/types\/post"}],"author":[{"embeddable":true,"href":"https:\/\/www.europesays.com\/fr\/wp-json\/wp\/v2\/users\/2"}],"replies":[{"embeddable":true,"href":"https:\/\/www.europesays.com\/fr\/wp-json\/wp\/v2\/comments?post=662785"}],"version-history":[{"count":0,"href":"https:\/\/www.europesays.com\/fr\/wp-json\/wp\/v2\/posts\/662785\/revisions"}],"wp:featuredmedia":[{"embeddable":true,"href":"https:\/\/www.europesays.com\/fr\/wp-json\/wp\/v2\/media\/662786"}],"wp:attachment":[{"href":"https:\/\/www.europesays.com\/fr\/wp-json\/wp\/v2\/media?parent=662785"}],"wp:term":[{"taxonomy":"category","embeddable":true,"href":"https:\/\/www.europesays.com\/fr\/wp-json\/wp\/v2\/categories?post=662785"},{"taxonomy":"post_tag","embeddable":true,"href":"https:\/\/www.europesays.com\/fr\/wp-json\/wp\/v2\/tags?post=662785"}],"curies":[{"name":"wp","href":"https:\/\/api.w.org\/{rel}","templated":true}]}}