{"id":662787,"date":"2026-01-14T11:22:13","date_gmt":"2026-01-14T11:22:13","guid":{"rendered":"https:\/\/www.europesays.com\/fr\/662787\/"},"modified":"2026-01-14T11:22:13","modified_gmt":"2026-01-14T11:22:13","slug":"la-dreame-nebula-next-01-de-1800-chevaux-sera-produite-en-allemagne","status":"publish","type":"post","link":"https:\/\/www.europesays.com\/fr\/662787\/","title":{"rendered":"La Dreame Nebula Next 01 de +1800 chevaux sera produite en Allemagne. &#8211;"},"content":{"rendered":"<p>Alors que Dreame est surtout connu pour ses produits domestiques tels que les aspirateurs robotis\u00e9s, son dernier produit est, eh bien, tr\u00e8s diff\u00e9rent.<\/p>\n<p>Trois voitures conceptuelles ont \u00e9t\u00e9 pr\u00e9sent\u00e9es, dont un prototype de la Nebula Next 01, un v\u00e9hicule \u00e9lectrique \u00e0 quatre moteurs de 1 876 CV que Dreame esp\u00e8re pouvoir commencer \u00e0 produire en Europe &#8211; plus pr\u00e9cis\u00e9ment dans une usine Tesla situ\u00e9e dans la banlieue de Berlin, en Allemagne.<\/p>\n<p>Cette voiture d\u00e9passe de loin ce que les deux autres voitures \u00e9lectriques du salon &#8211; les deux mod\u00e8les Kosmera &#8211; peuvent produire, avec une vitesse et une puissance qui rivalisent \u00e0 la fois avec la Porsche Taycan et les mod\u00e8les SU7 et YU7 de Xiaomi.<\/p>\n<p>La voiture arbore de grands \u00e9triers de frein jaunes, des feux arri\u00e8re \u00e0 LED sur toute la largeur et des phares modernes en forme de L. Sa conception lui conf\u00e8re un coefficient de tra\u00een\u00e9e de seulement 0,1815, selon Dreame, gr\u00e2ce \u00e0 une \u00ab\u00a0a\u00e9rodynamique avanc\u00e9e\u00a0\u00bb, et son poids est maintenu bas gr\u00e2ce \u00e0 l&rsquo;utilisation intensive de fibre de carbone.<\/p>\n<p>Le prix n&rsquo;a pas encore \u00e9t\u00e9 rendu public, mais la voiture devrait \u00eatre mise en vente l&rsquo;ann\u00e9e prochaine. \u00c9tant donn\u00e9 qu&rsquo;elle dispose d&rsquo;un \u00ab\u00a0mode super boost\u00a0\u00bb pour les d\u00e9passements qui peut momentan\u00e9ment augmenter la puissance de 30 % &#8211; selon Dreame &#8211; il s&rsquo;agira tr\u00e8s probablement d&rsquo;un sc\u00e9nario du type \u00ab\u00a0si tu dois demander, c&rsquo;est que tu n&rsquo;as pas les moyens de te l&rsquo;offrir\u00a0\u00bb.<\/p>\n<p>Comme Gamereactor a beaucoup parl\u00e9 des v\u00e9hicules \u00e9lectriques, nous esp\u00e9rons que cette voiture sera produite et qu&rsquo;il sera possible de l&rsquo;essayer.<\/p>\n<p><img loading=\"lazy\" decoding=\"async\" id=\"img-2016533-4782743\" data-fullsize=\"\/media\/27\/dreamenebulanext_4782743b.jpg\" data-lazy=\"\" src=\"https:\/\/www.gamereactor.frhttps:\/\/www.gamereactor.fr\/media\/27\/dreamenebulanext_4782743_650x.jpg\" width=\"650\" onclick=\"if (!window.__cfRLUnblockHandlers) return false; gallery_openmodal('2016533','4782743',false,'41f0c8fdffd77076dbeabebc5b2d07d6');\" height=\"433\" alt=\"La Dreame Nebula Next 01 de +1800 chevaux sera produite en Allemagne.\" class=\"rwd_col_content lazy\" data-cf-modified-9460fb3030728cad139ef6f8-=\"\"\/>Dreame<\/p>\n","protected":false},"excerpt":{"rendered":"Alors que Dreame est surtout connu pour ses produits domestiques tels que les aspirateurs robotis\u00e9s, son dernier produit&hellip;\n","protected":false},"author":2,"featured_media":662788,"comment_status":"","ping_status":"","sticky":false,"template":"","format":"standard","meta":{"footnotes":""},"categories":[1587],"tags":[11,672,1804,1805,1803,1777,674,1801,12,1802],"class_list":{"0":"post-662787","1":"post","2":"type-post","3":"status-publish","4":"format-standard","5":"has-post-thumbnail","7":"category-allemagne","8":"tag-actualites","9":"tag-allemagne","10":"tag-bundesrepublik-deutschland","11":"tag-de","12":"tag-deutschland","13":"tag-eu","14":"tag-europe","15":"tag-germany","16":"tag-news","17":"tag-republique-federale-dallemagne"},"share_on_mastodon":{"url":"https:\/\/pubeurope.com\/@fr\/115893196977578088","error":""},"_links":{"self":[{"href":"https:\/\/www.europesays.com\/fr\/wp-json\/wp\/v2\/posts\/662787","targetHints":{"allow":["GET"]}}],"collection":[{"href":"https:\/\/www.europesays.com\/fr\/wp-json\/wp\/v2\/posts"}],"about":[{"href":"https:\/\/www.europesays.com\/fr\/wp-json\/wp\/v2\/types\/post"}],"author":[{"embeddable":true,"href":"https:\/\/www.europesays.com\/fr\/wp-json\/wp\/v2\/users\/2"}],"replies":[{"embeddable":true,"href":"https:\/\/www.europesays.com\/fr\/wp-json\/wp\/v2\/comments?post=662787"}],"version-history":[{"count":0,"href":"https:\/\/www.europesays.com\/fr\/wp-json\/wp\/v2\/posts\/662787\/revisions"}],"wp:featuredmedia":[{"embeddable":true,"href":"https:\/\/www.europesays.com\/fr\/wp-json\/wp\/v2\/media\/662788"}],"wp:attachment":[{"href":"https:\/\/www.europesays.com\/fr\/wp-json\/wp\/v2\/media?parent=662787"}],"wp:term":[{"taxonomy":"category","embeddable":true,"href":"https:\/\/www.europesays.com\/fr\/wp-json\/wp\/v2\/categories?post=662787"},{"taxonomy":"post_tag","embeddable":true,"href":"https:\/\/www.europesays.com\/fr\/wp-json\/wp\/v2\/tags?post=662787"}],"curies":[{"name":"wp","href":"https:\/\/api.w.org\/{rel}","templated":true}]}}