{"id":662790,"date":"2026-01-14T11:24:15","date_gmt":"2026-01-14T11:24:15","guid":{"rendered":"https:\/\/www.europesays.com\/fr\/662790\/"},"modified":"2026-01-14T11:24:15","modified_gmt":"2026-01-14T11:24:15","slug":"a-pledran-leur-collecte-de-soutiens-gorge-pour-le-benin-a-eu-un-retentissement-national","status":"publish","type":"post","link":"https:\/\/www.europesays.com\/fr\/662790\/","title":{"rendered":"\u00c0 Pl\u00e9dran, leur collecte de soutiens-gorge pour le B\u00e9nin a eu un retentissement national"},"content":{"rendered":"<p>En mars dernier, \u00e0 Pl\u00e9dran, une belle initiative solidaire a vu le jour gr\u00e2ce \u00e0 la mobilisation conjointe de<a href=\"https:\/\/www.letelegramme.fr\/cotes-d-armor\/pledran-22960\/la-boutique-tata-culotte-lingerie-feminine-est-ouverte-a-pledran-6378976.php\" target=\"_blank\" rel=\"noopener\"> la boutique de lingerie Tata Culotte<\/a> et de <a href=\"https:\/\/www.letelegramme.fr\/cotes-d-armor\/pledran-22960\/ovigbe-a-tenu-sa-premiere-assemblee-generale-a-pledran-6710119.php\" target=\"_blank\" rel=\"noopener\">l\u2019association Ovigb\u00e9<\/a>, engag\u00e9e aupr\u00e8s des femmes au B\u00e9nin. Ensemble, avec l\u2019aide de leurs r\u00e9seaux respectifs, elles ont lanc\u00e9 une collecte de soutiens-gorge qui a d\u00e9pass\u00e9 toutes les esp\u00e9rances.<\/p>\n<p>Une collecte lanc\u00e9e en mars<\/p>\n<p>Tout commence par un \u00e9change entre la g\u00e9rante de Tata Culotte, Gwendoline Le Cant, et Magali Herv\u00e9, pr\u00e9sidente de l\u2019association Ovigb\u00e9. De retour d\u2019un voyage au B\u00e9nin, cette derni\u00e8re partage une r\u00e9alit\u00e9 frappante\u00a0: de nombreuses femmes n\u2019y ont tout simplement pas acc\u00e8s \u00e0 des soutiens-gorge. Une situation qui interpelle imm\u00e9diatement la commer\u00e7ante. L\u2019id\u00e9e d\u2019agir ensemble s\u2019impose alors naturellement. Une collecte est lanc\u00e9e d\u00e8s le mois de mars dernier et dure huit mois.<\/p>\n<p>L\u2019information circule rapidement via les r\u00e9seaux sociaux, par la mobilisation en boutique et l\u2019engagement des membres de l\u2019association Ovigb\u00e9.<\/p>\n<p>530 soutiens-gorge r\u00e9unis<\/p>\n<p>En quelques semaines, la collecte d\u00e9passe largement les fronti\u00e8res des C\u00f4tes-d\u2019Armor. Des soutiens-gorge arrivent par colis depuis Paris, la Vend\u00e9e, Bordeaux et d\u2019autres r\u00e9gions de France. Au total, plus de 530 soutiens-gorge sont r\u00e9unis, destin\u00e9s aux femmes accompagn\u00e9es par l\u2019association au B\u00e9nin.<\/p>\n<p>Cette action collective d\u00e9montre \u00e9galement que chacun peut s\u2019engager, m\u00eame \u00e0 son \u00e9chelle. \u00ab\u00a0Il n\u2019est pas n\u00e9cessaire de consacrer beaucoup de temps pour agir. Il suffit d\u2019avoir l\u2019envie de s\u2019investir et de porter des valeurs de solidarit\u00e9 et de respect\u00a0\u00bb, souligne la g\u00e9rante de Tata Culotte. Prochaine manifestation d\u2019Ovigb\u00e9\u00a0: une soir\u00e9e music-hall le 14 f\u00e9vrier \u00e0 la salle des C\u00f4teaux \u00e0 Pl\u00e9dran.<\/p>\n<p>Pratique<\/p>\n<p class=\"note\">Soir\u00e9e Saint-Valentin du 14 f\u00e9vrier \u00e0 Pl\u00e9dran, anim\u00e9e par trois artistes d\u2019Angers, avec d\u00eener spectacle au prix de 30 \u20ac. R\u00e9servations au t\u00e9l. 06\u00a060\u00a079\u00a037\u00a037.<\/p>\n","protected":false},"excerpt":{"rendered":"En mars dernier, \u00e0 Pl\u00e9dran, une belle initiative solidaire a vu le jour gr\u00e2ce \u00e0 la mobilisation conjointe&hellip;\n","protected":false},"author":2,"featured_media":662791,"comment_status":"","ping_status":"","sticky":false,"template":"","format":"standard","meta":{"footnotes":""},"categories":[1586],"tags":[11,829,2171,1777,674,1779,1011,27,12,14930,25,4937,3400,1778,364],"class_list":{"0":"post-662790","1":"post","2":"type-post","3":"status-publish","4":"format-standard","5":"has-post-thumbnail","7":"category-europe","8":"tag-actualites","9":"tag-bretagne","10":"tag-cotes-darmor","11":"tag-eu","12":"tag-europe","13":"tag-european-union","14":"tag-fr","15":"tag-france","16":"tag-news","17":"tag-pledran","18":"tag-republique-francaise","19":"tag-saint-brieuc","20":"tag-solidarite","21":"tag-ue","22":"tag-union-europeenne"},"share_on_mastodon":{"url":"https:\/\/pubeurope.com\/@fr\/115893204807576298","error":""},"_links":{"self":[{"href":"https:\/\/www.europesays.com\/fr\/wp-json\/wp\/v2\/posts\/662790","targetHints":{"allow":["GET"]}}],"collection":[{"href":"https:\/\/www.europesays.com\/fr\/wp-json\/wp\/v2\/posts"}],"about":[{"href":"https:\/\/www.europesays.com\/fr\/wp-json\/wp\/v2\/types\/post"}],"author":[{"embeddable":true,"href":"https:\/\/www.europesays.com\/fr\/wp-json\/wp\/v2\/users\/2"}],"replies":[{"embeddable":true,"href":"https:\/\/www.europesays.com\/fr\/wp-json\/wp\/v2\/comments?post=662790"}],"version-history":[{"count":0,"href":"https:\/\/www.europesays.com\/fr\/wp-json\/wp\/v2\/posts\/662790\/revisions"}],"wp:featuredmedia":[{"embeddable":true,"href":"https:\/\/www.europesays.com\/fr\/wp-json\/wp\/v2\/media\/662791"}],"wp:attachment":[{"href":"https:\/\/www.europesays.com\/fr\/wp-json\/wp\/v2\/media?parent=662790"}],"wp:term":[{"taxonomy":"category","embeddable":true,"href":"https:\/\/www.europesays.com\/fr\/wp-json\/wp\/v2\/categories?post=662790"},{"taxonomy":"post_tag","embeddable":true,"href":"https:\/\/www.europesays.com\/fr\/wp-json\/wp\/v2\/tags?post=662790"}],"curies":[{"name":"wp","href":"https:\/\/api.w.org\/{rel}","templated":true}]}}