{"id":662798,"date":"2026-01-14T11:30:25","date_gmt":"2026-01-14T11:30:25","guid":{"rendered":"https:\/\/www.europesays.com\/fr\/662798\/"},"modified":"2026-01-14T11:30:25","modified_gmt":"2026-01-14T11:30:25","slug":"lobjectif-est-de-reconnaitre-la-formation-narbonnaise-lecole-de-rugby-du-racing-club-narbonnais-en-quete-dune-troisieme-etoile","status":"publish","type":"post","link":"https:\/\/www.europesays.com\/fr\/662798\/","title":{"rendered":"\u00ab\u00a0L\u2019objectif est de reconna\u00eetre la formation narbonnaise\u00a0\u00bb\u00a0: l\u2019\u00e9cole de rugby du Racing Club Narbonnais en qu\u00eate d\u2019une troisi\u00e8me \u00e9toile"},"content":{"rendered":"<p>\n                                                                L\u2019\u00e9cole de rugby du Racing Club Narbonnais vise la labellisation et une troisi\u00e8me \u00e9toile symbolique avec 262 licenci\u00e9s, dont 40 filles, et une \u00e9cole d\u2019arbitrage prim\u00e9e.\n                            <\/p>\n<p>\u00ab\u00a0L\u2019objectif est de reconna\u00eetre la formation narbonnaise et le travail des \u00e9coles de rugby des alentours\u00a0\u00bb, mart\u00e8le Patrick Santamaria, responsable de l\u2019\u00e9cole de rugby du Racing Club Narbonnais\u00a0depuis six ans, dans sa volont\u00e9 d\u2019obtenir une troisi\u00e8me \u00e9toile, certes symbolique.<\/p>\n<p>        <img decoding=\"async\" class=\"std-img__img responsive-img\" src=\"https:\/\/www.europesays.com\/fr\/wp-content\/uploads\/2026\/01\/1768390223_378_image.jpg\" alt=\"De bons moments de convivialit\u00e9.\"\/><\/p>\n<p>                De bons moments de convivialit\u00e9.<br \/>\n                                    L&rsquo;Ind\u00e9pendant &#8211; DR<\/p>\n<p>La labellisation d\u2019une \u00e9cole de rugby d\u00e9pend de plusieurs crit\u00e8res, et le RCN esp\u00e8re remplir des cases suppl\u00e9mentaires afin de recueillir la reconnaissance supr\u00eame\u00a0: \u00ab\u00a0Nous ajoutons quelques cordes \u00e0 notre arc, comme la distinction obtenue par notre \u00e9cole d\u2019arbitrage qui, riche de plus de 50 gamines et gamins, a obtenu les \u00ab\u00a03 sifflets\u00a0\u00bb. En termes de parit\u00e9, nous \u00e9voluons \u00e9galement dans le bon sens, puisque le nombre de dirigeantes et d\u2019\u00e9ducatrices a fortement augment\u00e9\u00a0\u00bb, argumente Patrick Santamaria. Le verdict tombera tr\u00e8s bient\u00f4t.<\/p>\n<p>        <img decoding=\"async\" class=\"std-img__img responsive-img\" src=\"https:\/\/www.europesays.com\/fr\/wp-content\/uploads\/2026\/01\/1768390224_830_image.jpg\" alt=\"De belles photos d\u2019\u00e9quipe.\"\/><\/p>\n<p>                De belles photos d\u2019\u00e9quipe.<br \/>\n                                    L&rsquo;Ind\u00e9pendant &#8211; DR<\/p>\n<p>En attendant, les affaires courantes occupent l\u2019ensemble du club, avec pas moins de 262 licenci\u00e9s sur le pr\u00e9, dont une quarantaine de filles, soit un effectif en l\u00e9g\u00e8re augmentation par rapport \u00e0 la saison pr\u00e9c\u00e9dente. Tout ce petit monde, r\u00e9parti en sept cat\u00e9gories d\u2019\u00e2ge, est pris en charge du lundi au samedi par une \u00e9quipe d\u2019\u00e9ducateurs\u00a0: \u00ab\u00a0Ce sont essentiellement des parents, mais ils sont tous form\u00e9s. Aujourd\u2019hui, environ 70\u00a0% d\u2019entre eux sont dipl\u00f4m\u00e9s, et les autres sont en cours d\u2019obtention du dipl\u00f4me. Tous ces \u00e9ducateurs sont chapeaut\u00e9s par le directeur sportif de l\u2019\u00e9cole de rugby, F\u00e9lix Delaunay. Il faut \u00e9galement souligner le travail qui est fait avec le secteur pro, et qui permet \u00e0 certains joueurs de l\u2019\u00e9quipe fanion de venir travailler en bin\u00f4me avec nos \u00e9ducateurs\u00a0\u00bb, appr\u00e9cie le responsable de l\u2019\u00e9cole de rugby.<\/p>\n<p>        <img decoding=\"async\" class=\"std-img__img responsive-img\" src=\"https:\/\/www.europesays.com\/fr\/wp-content\/uploads\/2026\/01\/1768390225_242_image.jpg\" alt=\"De belles photos d\u2019\u00e9quipe.\"\/><\/p>\n<p>                De belles photos d\u2019\u00e9quipe.<br \/>\n                                    L&rsquo;Ind\u00e9pendant &#8211; DR<\/p>\n<p>Bien \u00e9videmment, cette p\u00e9pini\u00e8re de jeunes rugbymen, garante de la notori\u00e9t\u00e9 et de l\u2019avenir du club orange et noir, ne demande qu\u2019\u00e0 s\u2019exprimer sur les terrains. Les diff\u00e9rentes cat\u00e9gories participent \u00e0 des plateaux organis\u00e9s dans le d\u00e9partement et parfois au-del\u00e0, \u00e0 l\u2019image de la cat\u00e9gorie minimes (U14), vitrine de l\u2019\u00e9cole, qui \u00e9volue en Super Challenge\u00a0: \u00ab\u00a0L\u2019entente entre le Racing et les clubs voisins s\u2019est am\u00e9lior\u00e9e au fil des saisons, et notre travail en commun est important. Dans le cadre de rassemblements, nous pouvons int\u00e9resser jusqu\u2019\u00e0 52 jeunes joueurs pour ce Super Challenge\u00a0\u00bb, rapporte Patrick Santamaria. Samedi dernier, les Racingmen \u00e9taient \u00e0 Aix-en-Provence pour en d\u00e9coudre avec l\u2019\u00e9quipe locale et avec Grenoble. Le 24\u00a0janvier, ils partiront dans le Var pour y affronter Toulon et Lyon, avant d\u2019accueillir, le 7\u00a0f\u00e9vrier \u00e0 Narbonne, les \u00e9quipes de Pau et de Brive. Arriveront ensuite le printemps et ces nombreux tournois qui mettront en lumi\u00e8re, du moins l\u2019esp\u00e9rons-nous, de jeunes talents en herbe.<\/p>\n","protected":false},"excerpt":{"rendered":"L\u2019\u00e9cole de rugby du Racing Club Narbonnais vise la labellisation et une troisi\u00e8me \u00e9toile symbolique avec 262 licenci\u00e9s,&hellip;\n","protected":false},"author":2,"featured_media":662799,"comment_status":"","ping_status":"","sticky":false,"template":"","format":"standard","meta":{"footnotes":""},"categories":[1416],"tags":[4086,1011,27,35514,479,1468,68796,517,60],"class_list":{"0":"post-662798","1":"post","2":"type-post","3":"status-publish","4":"format-standard","5":"has-post-thumbnail","7":"category-rugby","8":"tag-aude","9":"tag-fr","10":"tag-france","11":"tag-narbonne","12":"tag-rugby","13":"tag-rugby-football","14":"tag-rugby-u00e0-xv","15":"tag-sport","16":"tag-sports"},"share_on_mastodon":{"url":"https:\/\/pubeurope.com\/@fr\/115893228532453323","error":""},"_links":{"self":[{"href":"https:\/\/www.europesays.com\/fr\/wp-json\/wp\/v2\/posts\/662798","targetHints":{"allow":["GET"]}}],"collection":[{"href":"https:\/\/www.europesays.com\/fr\/wp-json\/wp\/v2\/posts"}],"about":[{"href":"https:\/\/www.europesays.com\/fr\/wp-json\/wp\/v2\/types\/post"}],"author":[{"embeddable":true,"href":"https:\/\/www.europesays.com\/fr\/wp-json\/wp\/v2\/users\/2"}],"replies":[{"embeddable":true,"href":"https:\/\/www.europesays.com\/fr\/wp-json\/wp\/v2\/comments?post=662798"}],"version-history":[{"count":0,"href":"https:\/\/www.europesays.com\/fr\/wp-json\/wp\/v2\/posts\/662798\/revisions"}],"wp:featuredmedia":[{"embeddable":true,"href":"https:\/\/www.europesays.com\/fr\/wp-json\/wp\/v2\/media\/662799"}],"wp:attachment":[{"href":"https:\/\/www.europesays.com\/fr\/wp-json\/wp\/v2\/media?parent=662798"}],"wp:term":[{"taxonomy":"category","embeddable":true,"href":"https:\/\/www.europesays.com\/fr\/wp-json\/wp\/v2\/categories?post=662798"},{"taxonomy":"post_tag","embeddable":true,"href":"https:\/\/www.europesays.com\/fr\/wp-json\/wp\/v2\/tags?post=662798"}],"curies":[{"name":"wp","href":"https:\/\/api.w.org\/{rel}","templated":true}]}}