{"id":662806,"date":"2026-01-14T11:37:11","date_gmt":"2026-01-14T11:37:11","guid":{"rendered":"https:\/\/www.europesays.com\/fr\/662806\/"},"modified":"2026-01-14T11:37:11","modified_gmt":"2026-01-14T11:37:11","slug":"familles-nombreuses-ce-corps-je-lai-repris-en-main-diana-blois-devoile-son-avant-apres-et-elle-est-transformee-divertissements","status":"publish","type":"post","link":"https:\/\/www.europesays.com\/fr\/662806\/","title":{"rendered":"Familles nombreuses : \u00ab\u00a0Ce corps je l&rsquo;ai repris en main\u00a0\u00bb, Diana Blois d\u00e9voile son avant\/apr\u00e8s et elle est transform\u00e9e ! : Divertissements"},"content":{"rendered":"<p class=\"lead\">R\u00e9v\u00e9l\u00e9e dans Familles nombreuses, la vie en XXL, Diana Blois a r\u00e9cemment surpris ses fans en publiant sur Instagram une vid\u00e9o d&rsquo;elle en sous-v\u00eatement noir, mettant en avant sa transformation physique. La maman de huit enfants a voulu partager son parcours et montrer \u00e0 quel point elle est fi\u00e8re de ses efforts.<\/p>\n<p class=\"lead\"><strong>Familles nombreuses : reprise en main pour Diana Blois<\/strong><\/p>\n<p class=\"lead\"> Sur le m\u00eame sujet\u00a0:  <\/p>\n<p class=\"lead\">\u00c2g\u00e9e de 47 ans, Diana Blois s&rsquo;\u00e9tait lanc\u00e9e le d\u00e9fi de perdre quelques kilos. Apr\u00e8s huit enfants, il est normal que le corps change, mais pour elle, il \u00e9tait essentiel de se reprendre en main afin de se sentir mieux dans sa peau. Aujourd&rsquo;hui, avec ses objectifs atteints gr\u00e2ce au sport et \u00e0 un r\u00e9\u00e9quilibrage alimentaire, comme elle l&rsquo;explique, elle s&rsquo;affiche fi\u00e8rement devant ses abonn\u00e9s, esp\u00e9rant aussi les inspirer. En l\u00e9gende de sa vid\u00e9o o\u00f9 elle montre fi\u00e8rement son avant\/apr\u00e8s, elle \u00e9crit : \u00ab\u00a0Ce corps, je l&rsquo;ai repris en main pour moi\u00a0\u00bb, avant de poursuivre \u00ab\u00a0Apr\u00e8s 8 enfants, une vie \u00e0 100 \u00e0 l&rsquo;heure, 47 ans et mille excuses possibles. Mais quand on d\u00e9cide, vraiment&#8230; tout devient possible\u00a0\u00bb.<\/p>\n<p class=\"lead\"><strong>D\u00e9fi relev\u00e9 pour Diana Blois<\/strong><\/p>\n<p class=\"lead\">Pour la m\u00e8re d&rsquo;Ana\u00efs, Clara, Math\u00e9o, des jumelles Lola et Sarah, d&rsquo;Ethan, d&rsquo;Ilona et de Juliette, sa transformation d\u00e9passe largement l&rsquo;aspect physique : il s&rsquo;agit avant tout de se sentir bien dans son corps. \u00ab\u00a0Pas pour \u00eatre parfaite, oh non&#8230; juste pour me sentir forte, align\u00e9e, vivante\u00a0\u00bb, a-t-elle confi\u00e9 en description de sa vid\u00e9o Instagram.<\/p>\n<p class=\"lead\">La compagne de G\u00e9rome a souhait\u00e9 partager son exp\u00e9rience avec ses abonn\u00e9s pour les inspirer et les motiver. Sous sa vid\u00e9o, qui a d\u00e9j\u00e0 r\u00e9colt\u00e9 plus de 8 000 likes, elle a \u00e9crit : \u00ab\u00a0Si tu penses que ce n&rsquo;est pas pour toi, si tu te dis \u00ab\u00a0trop tard\u00a0\u00bb, \u00ab\u00a0pas le temps\u00a0\u00bb, \u00ab\u00a0pas la force\u00a0\u00bb&#8230; sache une chose : tu peux. Un pas apr\u00e8s l&rsquo;autre. Avec d\u00e9termination. Et tellement de fiert\u00e9 \u00e0 la cl\u00e9\u00a0\u00bb, exprimant ainsi fi\u00e8rement son message d&rsquo;encouragement. Si la maman de huit enfants a relev\u00e9 ce d\u00e9fi si exigeant, c&rsquo;est la preuve que tout le monde peut y parvenir !<\/p>\n","protected":false},"excerpt":{"rendered":"R\u00e9v\u00e9l\u00e9e dans Familles nombreuses, la vie en XXL, Diana Blois a r\u00e9cemment surpris ses fans en publiant sur&hellip;\n","protected":false},"author":2,"featured_media":662807,"comment_status":"","ping_status":"","sticky":false,"template":"","format":"standard","meta":{"footnotes":""},"categories":[1359],"tags":[58,59,1011,27,69278,973,69277],"class_list":{"0":"post-662806","1":"post","2":"type-post","3":"status-publish","4":"format-standard","5":"has-post-thumbnail","7":"category-people","8":"tag-divertissement","9":"tag-entertainment","10":"tag-fr","11":"tag-france","12":"tag-generic_tvactu","13":"tag-people","14":"tag-tlrealit"},"share_on_mastodon":{"url":"https:\/\/pubeurope.com\/@fr\/115893255826423951","error":""},"_links":{"self":[{"href":"https:\/\/www.europesays.com\/fr\/wp-json\/wp\/v2\/posts\/662806","targetHints":{"allow":["GET"]}}],"collection":[{"href":"https:\/\/www.europesays.com\/fr\/wp-json\/wp\/v2\/posts"}],"about":[{"href":"https:\/\/www.europesays.com\/fr\/wp-json\/wp\/v2\/types\/post"}],"author":[{"embeddable":true,"href":"https:\/\/www.europesays.com\/fr\/wp-json\/wp\/v2\/users\/2"}],"replies":[{"embeddable":true,"href":"https:\/\/www.europesays.com\/fr\/wp-json\/wp\/v2\/comments?post=662806"}],"version-history":[{"count":0,"href":"https:\/\/www.europesays.com\/fr\/wp-json\/wp\/v2\/posts\/662806\/revisions"}],"wp:featuredmedia":[{"embeddable":true,"href":"https:\/\/www.europesays.com\/fr\/wp-json\/wp\/v2\/media\/662807"}],"wp:attachment":[{"href":"https:\/\/www.europesays.com\/fr\/wp-json\/wp\/v2\/media?parent=662806"}],"wp:term":[{"taxonomy":"category","embeddable":true,"href":"https:\/\/www.europesays.com\/fr\/wp-json\/wp\/v2\/categories?post=662806"},{"taxonomy":"post_tag","embeddable":true,"href":"https:\/\/www.europesays.com\/fr\/wp-json\/wp\/v2\/tags?post=662806"}],"curies":[{"name":"wp","href":"https:\/\/api.w.org\/{rel}","templated":true}]}}