{"id":662808,"date":"2026-01-14T11:38:31","date_gmt":"2026-01-14T11:38:31","guid":{"rendered":"https:\/\/www.europesays.com\/fr\/662808\/"},"modified":"2026-01-14T11:38:31","modified_gmt":"2026-01-14T11:38:31","slug":"ain-sculpteur-de-lextreme-jean-claude-ramboz-nous-a-quittes","status":"publish","type":"post","link":"https:\/\/www.europesays.com\/fr\/662808\/","title":{"rendered":"Ain. Sculpteur de l\u2019extr\u00eame, Jean-Claude Ramboz nous a quitt\u00e9s"},"content":{"rendered":"<p>Redonner vie \u00e0 des mat\u00e9riaux inertes, travailler le bois, tailler la pierre, fa\u00e7onner le m\u00e9tal mais aussi sculpter la glace, c\u2019\u00e9tait la passion de sa vie, dont il a fait son m\u00e9tier, et qui a fait sa renomm\u00e9e. Artiste sculpteur bressan de r\u00e9putation mondiale originaire du Jura, Jean-Claude Ramboz s\u2019est \u00e9teint ce dimanche 11\u00a0janvier \u00e0 l\u2019\u00e2ge de 85 ans.<\/p>\n<p>Contrema\u00eetre chaudronnier devenu enseignant en technologie au lyc\u00e9e professionnel Gabriel-Voisin \u00e0 Bourg-en-Bresse, le professeur de transformation plastique \u00e9galement sculpteur de pi\u00e8ces m\u00e9talliques s\u2019\u00e9tait fait conna\u00eetre dans les ann\u00e9es 1980-1990 en participant \u00e0 une vingtaine de concours internationaux de sculpture sur glace et neige. Un art sublim\u00e9, qui l\u2019aura conduit, de concours en concours, de Valloire (Savoie, 1975) \u00e0 Rovaniemi (Finlande), aux \u00c9tats-Unis (Breckenridge, Milwaukee, Rockford), en Suisse et en Autriche, ou encore en Russie.<\/p>\n<p>  \u00ab\u00a0Le plus populaire\u00a0\u00bb<\/p>\n<p>Notre ancien confr\u00e8re Jean-Paul Callamand l\u2019avait accompagn\u00e9 en f\u00e9vrier\u00a01995 pour sa quatri\u00e8me participation au concours organis\u00e9 sur la Place Rouge, \u00e0 Moscou. \u00c0 l\u2019\u00e9poque, Ramboz \u00e9tait devenu \u00ab\u00a0le plus populaire des sculpteurs de l\u2019\u00e9ph\u00e9m\u00e8re\u00a0\u00bb, \u00e9crivait  Le Progr\u00e8s.<\/p>\n<p>Presque 20 ans plus tard, en ao\u00fbt\u00a02014, le sculpteur de l\u2019extr\u00eame, install\u00e9 \u00e0 Saint-Etienne-du-Bois, puis \u00e0 Coligny, <a href=\"https:\/\/www.leprogres.fr\/ain\/2014\/08\/24\/jean-claude-ramboz-un-amoureux-de-l-art-et-de-la-sculpture\" target=\"_blank\" rel=\"noopener\">se rem\u00e9morait dans nos colonnes<\/a> les conditions dantesques de la comp\u00e9tition\u00a0: \u00ab\u00a0C\u2019\u00e9tait tr\u00e8s sportif, on \u00e9tait 24 \u00e9quipes venues du monde entier. Je me rappelle que je travaillais \u00e0 mains nues pour \u00eatre pr\u00e9cis. Les Canadiens \u00e9taient \u00e9quipes de peaux de loups, et voulaient absolument me pr\u00eater des gants, mais avec des gants, je n\u2019y arrivais pas\u00a0\u00bb. Au Cercle polaire (Finlande), il aura m\u00eame connu un concours \u00e0 -47 degr\u00e9s.<\/p>\n<p>D\u2019o\u00f9 lui venait cet amour du travail de la glace\u00a0? \u00ab\u00a0Il y avait beaucoup de neige dans le Jura quand on \u00e9tait gamins. Pour moi, \u00e7a a commenc\u00e9 avec des bonhommes de neige\u00a0\u00bb, pr\u00e9cisait Jean-Claude Ramboz en 2009, dans <a href=\"https:\/\/www.dailymotion.com\/video\/xb577m\" target=\"_blank\" rel=\"noopener\">une interview \u00e0 Bresse-TV<\/a> , dans laquelle il expliquait avoir pass\u00e9 beaucoup de temps \u00e0 r\u00e9cup\u00e9rer de la ferraille dans les fermes, pour donner une deuxi\u00e8me vie \u00e0 de vieux outils m\u00e9talliques r\u00e9assembl\u00e9s pour les transformer en libellules, en \u00e9cureuils, en fourmis\u2026 De jour comme de nuit. \u00ab\u00a0Il m\u2019arrive de descendre en pleine nuit \u00e0 mon atelier pour dessiner \u00e0 la craie une plaque de m\u00e9tal\u00a0\u00bb racontait-il dans un autre article du Progr\u00e8s , en juin\u00a02000.<\/p>\n<p>  \u00ab\u00a0Quelle que soit la mati\u00e8re\u00a0\u00bb<\/p>\n<p>De la glace ou du m\u00e9tal, \u00ab\u00a0quelle que soit la mati\u00e8re, l\u2019essentiel, c\u2019est de la dompter\u00a0\u00bb, disait encore le sculpteur, ayant commenc\u00e9 tout petit, dans son Jura natal, \u00e0 tailler des personnages dans des morceaux de bois, avec l\u2019Opinel que lui avait pay\u00e9 son p\u00e8re boulanger. Cinqui\u00e8me d\u2019une famille de dix enfants, et lui-m\u00eame p\u00e8re de deux enfants, Jean-Claude Ramboz laisse derri\u00e8re lui ces milliers de sculptures animali\u00e8res, mais aussi de nombreuses structures m\u00e9talliques monumentales, notamment ses fameux coqs, dont l\u2019un d\u2019eux a \u00e9t\u00e9 offert par la mairie de Bourg-en-Bresse \u00e0 la mairie de Bad Kreuznach dans le cadre du jumelage.<\/p>\n","protected":false},"excerpt":{"rendered":"Redonner vie \u00e0 des mat\u00e9riaux inertes, travailler le bois, tailler la pierre, fa\u00e7onner le m\u00e9tal mais aussi sculpter&hellip;\n","protected":false},"author":2,"featured_media":662809,"comment_status":"","ping_status":"","sticky":false,"template":"","format":"standard","meta":{"footnotes":""},"categories":[1358],"tags":[2738,1348,1384,1385,9223,1386,58,59,1011,27,1391,2429,104],"class_list":{"0":"post-662808","1":"post","2":"type-post","3":"status-publish","4":"format-standard","5":"has-post-thumbnail","7":"category-arts-et-design","8":"tag-ain","9":"tag-arts","10":"tag-arts-and-design","11":"tag-arts-et-design","12":"tag-carnet-du-jour","13":"tag-design","14":"tag-divertissement","15":"tag-entertainment","16":"tag-fr","17":"tag-france","18":"tag-necrologie","19":"tag-rhone","20":"tag-societe"},"share_on_mastodon":{"url":"https:\/\/pubeurope.com\/@fr\/115893259601030849","error":""},"_links":{"self":[{"href":"https:\/\/www.europesays.com\/fr\/wp-json\/wp\/v2\/posts\/662808","targetHints":{"allow":["GET"]}}],"collection":[{"href":"https:\/\/www.europesays.com\/fr\/wp-json\/wp\/v2\/posts"}],"about":[{"href":"https:\/\/www.europesays.com\/fr\/wp-json\/wp\/v2\/types\/post"}],"author":[{"embeddable":true,"href":"https:\/\/www.europesays.com\/fr\/wp-json\/wp\/v2\/users\/2"}],"replies":[{"embeddable":true,"href":"https:\/\/www.europesays.com\/fr\/wp-json\/wp\/v2\/comments?post=662808"}],"version-history":[{"count":0,"href":"https:\/\/www.europesays.com\/fr\/wp-json\/wp\/v2\/posts\/662808\/revisions"}],"wp:featuredmedia":[{"embeddable":true,"href":"https:\/\/www.europesays.com\/fr\/wp-json\/wp\/v2\/media\/662809"}],"wp:attachment":[{"href":"https:\/\/www.europesays.com\/fr\/wp-json\/wp\/v2\/media?parent=662808"}],"wp:term":[{"taxonomy":"category","embeddable":true,"href":"https:\/\/www.europesays.com\/fr\/wp-json\/wp\/v2\/categories?post=662808"},{"taxonomy":"post_tag","embeddable":true,"href":"https:\/\/www.europesays.com\/fr\/wp-json\/wp\/v2\/tags?post=662808"}],"curies":[{"name":"wp","href":"https:\/\/api.w.org\/{rel}","templated":true}]}}