{"id":66281,"date":"2025-05-01T06:42:09","date_gmt":"2025-05-01T06:42:09","guid":{"rendered":"https:\/\/www.europesays.com\/fr\/66281\/"},"modified":"2025-05-01T06:42:09","modified_gmt":"2025-05-01T06:42:09","slug":"selon-le-wall-street-journal-tesla-chercherait-a-remplacer-elon-musk","status":"publish","type":"post","link":"https:\/\/www.europesays.com\/fr\/66281\/","title":{"rendered":"Selon le Wall Street Journal, Tesla chercherait \u00e0 remplacer Elon Musk"},"content":{"rendered":"<p>Le patron du groupe automobile avait annonc\u00e9 r\u00e9cemment qu\u2019il comptait s\u2019\u00e9loigner du gouvernement Trump \u00e0 partir du mois de mai pour se recentrer sur ses activit\u00e9s \u00e0 la t\u00eate de Tesla, dont les ventes ont chut\u00e9 dans le monde entier.<\/p>\n<p class=\"fig-paragraph\">Selon le Wall Street Journal ce mercredi 30 avril, les membres du conseil d\u2019administration de Tesla, \u00e9chaud\u00e9s par les frasques d\u2019<a href=\"https:\/\/www.lefigaro.fr\/tag\/elon-musk\" target=\"_blank\" rel=\"noopener\" data-gtm-custom-categorie=\"navigation\" data-gtm-custom-action=\"crossclick\" data-gtm-custom-label=\"Contextuel\" data-gtm-event=\"customEventSPE\">Elon Musk<\/a>\u00a0et les mauvais r\u00e9sultats du constructeur automobile, sont \u00e0 la recherche d\u2019un nouveau directeur g\u00e9n\u00e9ral. Contact\u00e9 par l\u2019AFP, le service de presse du groupe n\u2019a pas r\u00e9agi dans l\u2019imm\u00e9diat.<\/p>\n<p class=\"fig-paragraph\">De nombreux actionnaires de Tesla ont fait part de leur m\u00e9contentement apr\u00e8s l\u2019arriv\u00e9e d\u2019Elon Musk dans l\u2019\u00e9quipe Trump, estimant qu\u2019il d\u00e9laissait son entreprise, dont le titre a perdu pr\u00e8s de 35% depuis l\u2019investiture. Les coupes budg\u00e9taires op\u00e9r\u00e9es par la Commission pour l\u2019efficacit\u00e9 gouvernementale (Doge), sous l\u2019autorit\u00e9 d\u2019Elon Musk, et le rapprochement du patron embl\u00e9matique avec Donald Trump et des personnalit\u00e9s d\u2019extr\u00eame droite ont, en outre, suscit\u00e9 un mouvement de m\u00e9contentement contre la marque Tesla. Il s\u2019est traduit par des manifestations, des appels au boycott et\u00a0<a href=\"http:\/\/www.lefigaro.fr\/f-ck-doge-des-activistes-ecologistes-s-en-prennent-a-elon-musk-en-vandalisant-une-boutique-tesla-a-manhattan-20250423\" target=\"_blank\" data-fig-type=\"NewsFlash\" rel=\"noopener\" data-gtm-custom-categorie=\"navigation\" data-gtm-custom-action=\"crossclick\" data-gtm-custom-label=\"Contextuel\" data-gtm-event=\"customEventSPE\" data-fig-domain=\"LEFIGARO\">des actes de vandalisme<\/a>\u00a0dans plusieurs pays du monde.<\/p>\n<p>Le budget du gouvernement en hausse de 5,9%<\/p>\n<p class=\"fig-paragraph\">Elon Musk est devenu directeur g\u00e9n\u00e9ral de Tesla en 2008, supervisant la mont\u00e9e en puissance de la soci\u00e9t\u00e9 devenue depuis l\u2019une des plus valoris\u00e9es en mati\u00e8re de capitalisation boursi\u00e8re. En janvier, il a \u00e9t\u00e9 plac\u00e9 par le pr\u00e9sident am\u00e9ricain \u00e0 la t\u00eate du Doge qui dit sur son site Internet avoir permis d\u2019\u00e9viter 160 milliards de dollars de d\u00e9penses publiques.<\/p>\n<p class=\"fig-paragraph\">L\u2019homme le plus riche du monde avait initialement promis de r\u00e9aliser 2.000 milliards de dollars d\u2019\u00e9conomies, avant d\u2019abaisser son objectif \u00e0 1.000 milliards. En trois mois, le Doge a conduit une charge contre les emplois de fonctionnaires f\u00e9d\u00e9raux, supprim\u00e9s par milliers, et taill\u00e9 dans les subventions f\u00e9d\u00e9rales. Plusieurs agences du gouvernement am\u00e9ricain ont \u00e9t\u00e9 soit d\u00e9mantel\u00e9es, soit priv\u00e9es de l\u2019essentiel de leurs capacit\u00e9s d\u2019action, notamment\u00a0<a href=\"http:\/\/www.lefigaro.fr\/conjoncture\/etats-unis-la-purge-de-l-agence-usaid-s-accelere-20250224\" target=\"_blank\" data-fig-type=\"Article\" rel=\"noopener\" data-gtm-custom-categorie=\"navigation\" data-gtm-custom-action=\"crossclick\" data-gtm-custom-label=\"Contextuel\" data-gtm-event=\"customEventSPE\" data-fig-domain=\"LEFIGARO\">l\u2019Agence d\u2019aide humanitaire USAID<\/a>.<\/p>\n<p class=\"fig-paragraph\">Plusieurs enqu\u00eates de m\u00e9dias ont\u00a0<a href=\"http:\/\/www.lefigaro.fr\/conjoncture\/le-doge-d-elon-musk-annonce-une-economie-de-8-milliards-de-dollars-en-mettant-fin-a-un-contrat-qui-valait-8-millions-20250220\" target=\"_blank\" data-fig-type=\"NewsFlash\" rel=\"noopener\" data-gtm-custom-categorie=\"navigation\" data-gtm-custom-action=\"crossclick\" data-gtm-custom-label=\"Contextuel\" data-gtm-event=\"customEventSPE\" data-fig-domain=\"LEFIGARO\">remis en cause les montants publi\u00e9s<\/a>\u00a0par Doge, les estimant sur\u00e9valu\u00e9s. Selon le site de mod\u00e9lisation de l\u2019universit\u00e9 de Pennsylvanie, le budget du gouvernement f\u00e9d\u00e9ral est en hausse de 5,9% depuis le d\u00e9but de l\u2019ann\u00e9e par rapport \u00e0 la m\u00eame p\u00e9riode de 2024, une tendance qui s\u2019est m\u00eame acc\u00e9l\u00e9r\u00e9e ces derni\u00e8res semaines.<\/p>\n<p>\u00abIls aiment bien br\u00fbler mes voitures, ce qui n\u2019est pas g\u00e9nial\u00bb<\/p>\n<p class=\"fig-paragraph\">Elon Musk avait annonc\u00e9 r\u00e9cemment qu\u2019il comptait\u00a0<a href=\"http:\/\/www.lefigaro.fr\/societes\/suite-aux-pietres-resultats-de-tesla-elon-musk-se-detourne-du-doge-20250423\" target=\"_blank\" data-fig-type=\"Article\" rel=\"noopener\" data-gtm-custom-categorie=\"navigation\" data-gtm-custom-action=\"crossclick\" data-gtm-custom-label=\"Contextuel\" data-gtm-event=\"customEventSPE\" data-fig-domain=\"LEFIGARO\">s\u2019\u00e9loigner du gouvernement Trump<\/a>\u00a0\u00e0 partir du mois de mai pour se recentrer sur ses activit\u00e9s \u00e0 la t\u00eate de Tesla, dont les ventes ont spectaculairement chut\u00e9 dans le monde entier. Donald Trump l\u2019a invit\u00e9 ce mercredi \u00e0 rester dans son \u00e9quipe. \u00abVous pourriez rester aussi longtemps que vous le voulez\u00bb, a lanc\u00e9 Donald Trump \u00e0 celui qui s&rsquo;\u00e9tait coiff\u00e9 de deux casquettes portant l&rsquo;inscription \u00abGulf of America\u00bb (Golfe d&rsquo;Am\u00e9rique), pos\u00e9es l&rsquo;une sur l&rsquo;autre, pour faire une plaisanterie (\u00abJe porte beaucoup de casquettes\u00bb). Mais \u00ab\u00e0 un certain point, il veut retourner \u00e0 ses voitures\u00bb, a ajout\u00e9 le chef de l&rsquo;\u00c9tat lors d&rsquo;une r\u00e9union du gouvernement \u00e0 la Maison Blanche.<\/p>\n<p class=\"fig-paragraph\">\u00abVous nous avez \u00e9t\u00e9 d&rsquo;une grande aide\u00bb, a d\u00e9clar\u00e9 Donald Trump mercredi. \u00abVous avez ouvert les yeux de beaucoup de gens sur ce qu&rsquo;il \u00e9tait possible de r\u00e9aliser.\u00bb \u00abVous avez beaucoup sacrifi\u00e9\u00bb et \u00e9t\u00e9 \u00abtrait\u00e9 de fa\u00e7on tr\u00e8s injuste\u00bb, a estim\u00e9 Donald Trump \u00e0 l&rsquo;adresse du multimilliardaire. \u00abIls aiment bien br\u00fbler mes voitures, ce qui n&rsquo;est pas g\u00e9nial\u00bb, a r\u00e9pliqu\u00e9 Elon Musk, le sourire aux l\u00e8vres. Il faisait r\u00e9f\u00e9rence \u00e0 l&rsquo;incendie volontaire de plusieurs voitures de la marque, au Canada et aux \u00c9tats-Unis.<\/p>\n","protected":false},"excerpt":{"rendered":"Le patron du groupe automobile avait annonc\u00e9 r\u00e9cemment qu\u2019il comptait s\u2019\u00e9loigner du gouvernement Trump \u00e0 partir du mois&hellip;\n","protected":false},"author":2,"featured_media":66282,"comment_status":"","ping_status":"","sticky":false,"template":"","format":"standard","meta":{"footnotes":""},"categories":[2],"tags":[631,627,630,11,340,398,343,634,405,629,636,46,632,638,1011,27,637,399,639,635,12,25,401,628,320,633,407],"class_list":{"0":"post-66281","1":"post","2":"type-post","3":"status-publish","4":"format-standard","5":"has-post-thumbnail","7":"category-actualites","8":"tag-action","9":"tag-actions-francaise","10":"tag-actualite-bourse","11":"tag-actualites","12":"tag-bourse","13":"tag-bourse-de-paris","14":"tag-cac-40","15":"tag-cotation","16":"tag-cotations","17":"tag-cours-des-societes-francaises","18":"tag-devises","19":"tag-elon-musk","20":"tag-fcp","21":"tag-figaro","22":"tag-fr","23":"tag-france","24":"tag-indices","25":"tag-investissement","26":"tag-le-figaro","27":"tag-marches","28":"tag-news","29":"tag-republique-francaise","30":"tag-sicav","31":"tag-societes-etrangeres","32":"tag-tesla","33":"tag-warrant","34":"tag-warrants"},"share_on_mastodon":{"url":"https:\/\/pubeurope.com\/@fr\/114431219832496538","error":""},"_links":{"self":[{"href":"https:\/\/www.europesays.com\/fr\/wp-json\/wp\/v2\/posts\/66281","targetHints":{"allow":["GET"]}}],"collection":[{"href":"https:\/\/www.europesays.com\/fr\/wp-json\/wp\/v2\/posts"}],"about":[{"href":"https:\/\/www.europesays.com\/fr\/wp-json\/wp\/v2\/types\/post"}],"author":[{"embeddable":true,"href":"https:\/\/www.europesays.com\/fr\/wp-json\/wp\/v2\/users\/2"}],"replies":[{"embeddable":true,"href":"https:\/\/www.europesays.com\/fr\/wp-json\/wp\/v2\/comments?post=66281"}],"version-history":[{"count":0,"href":"https:\/\/www.europesays.com\/fr\/wp-json\/wp\/v2\/posts\/66281\/revisions"}],"wp:featuredmedia":[{"embeddable":true,"href":"https:\/\/www.europesays.com\/fr\/wp-json\/wp\/v2\/media\/66282"}],"wp:attachment":[{"href":"https:\/\/www.europesays.com\/fr\/wp-json\/wp\/v2\/media?parent=66281"}],"wp:term":[{"taxonomy":"category","embeddable":true,"href":"https:\/\/www.europesays.com\/fr\/wp-json\/wp\/v2\/categories?post=66281"},{"taxonomy":"post_tag","embeddable":true,"href":"https:\/\/www.europesays.com\/fr\/wp-json\/wp\/v2\/tags?post=66281"}],"curies":[{"name":"wp","href":"https:\/\/api.w.org\/{rel}","templated":true}]}}