{"id":662814,"date":"2026-01-14T11:42:33","date_gmt":"2026-01-14T11:42:33","guid":{"rendered":"https:\/\/www.europesays.com\/fr\/662814\/"},"modified":"2026-01-14T11:42:33","modified_gmt":"2026-01-14T11:42:33","slug":"vingt-trois-bonnes-raisons-de-se-rendre-au-festival-cinema-telerama-2026","status":"publish","type":"post","link":"https:\/\/www.europesays.com\/fr\/662814\/","title":{"rendered":"Vingt-trois bonnes raisons de se rendre au Festival cin\u00e9ma T\u00e9l\u00e9rama 2026"},"content":{"rendered":"\n<p class=\"article__chapeau\">Le Festival cin\u00e9ma T\u00e9l\u00e9rama s\u2019installe du 21 au 27 janvier dans cinq cents cin\u00e9mas partout en France. Si vous h\u00e9sitez encore \u00e0 profiter de ses s\u00e9ances \u00e0 4 euros, voici de quoi vous convaincre.<\/p>\n<p>              <a href=\"https:\/\/www.europesays.com\/fr\/wp-content\/uploads\/2026\/01\/030981b_upload-1-r0r6gapg2n6h-ouv-fest-cine-bis-3-2.png\" data-pswp-width=\"\" data-pswp-height=\"\" class=\"media__hd\" target=\"_blank\">      <img decoding=\"async\" fetchpriority=\"high\" src=\"https:\/\/www.europesays.com\/fr\/wp-content\/uploads\/2026\/01\/030981b_upload-1-r0r6gapg2n6h-ouv-fest-cine-bis-3-2.png\" class=\"media__picture js-media-zoom-main \" alt=\"\" title=\"\"\/>       <\/a>                    <\/p>\n<p class=\"author author--simple\">Par  <a class=\"author author--link\" href=\"https:\/\/www.telerama.fr\/recherche\/articles?q=Le+service+Cin%C3%A9ma\" target=\"_blank\" rel=\"noopener\"> Le service Cin\u00e9ma <\/a>    <\/p>\n<p class=\"publication__date\">Publi\u00e9 le 14 janvier 2026 \u00e0 09h55<\/p>\n<p>   Partager   <\/p>\n<ul class=\"sharing-popin--results\">\n<li class=\"sharing-popin--item sharing-popin--item-container\"> Partage  <\/li>\n<li data-share=\"linkedin\" class=\"sharing-popin--item\">  LinkedIn <\/li>\n<li data-share=\"facebook\" class=\"sharing-popin--item\">  Facebook <\/li>\n<li data-share=\"mail\" data-social=\"mail\" class=\"sharing-popin--item\">  Envoyer par email <\/li>\n<li data-share=\"copy\" class=\"sharing-popin--item\">  Copier le lien <\/li>\n<\/ul>\n<p>        Favoris       <\/p>\n<p>                <a class=\"openapp__link\" data-event=\"click-open-app\" data-deep-link=\"tlrm:\/\/element?id=\/cinema\/vingt-trois-bonnes-raisons-de-se-rendre-au-festival-cinema-telerama-2026-7029181.php&amp;source=deeplink_site\">  Lire dans l&rsquo;application<br \/>\n  <\/a>                               <\/p>\n<p class=\"paragraph\">Du mercredi\u00a021 au mardi 27\u00a0janvier, l<a target=\"_blank\" href=\"https:\/\/festivals.telerama.fr\/\" rel=\"noopener\">e Festival cin\u00e9ma T\u00e9l\u00e9rama<\/a> revient dans cinq cents cin\u00e9mas dans toute la France. <a target=\"_blank\" href=\"https:\/\/www.telerama.fr\/cinema\/festival-cinema-telerama-2026-23-films-a-re-decouvrir-en-salles-du-21-au-27-janvier-7028351.php\" rel=\"noopener\">Au programme<\/a>, et pour 4\u00a0euros la s\u00e9ance, les films que l\u2019on a pr\u00e9f\u00e9r\u00e9s en\u00a02025, le prix coup de c\u0153ur des moins de 26\u00a0ans ainsi que sept longs m\u00e9trages en avant-premi\u00e8re.<\/p>\n<p>                                      1. Le g\u00e9nie comique de Leonardo DiCaprio dans \u201cUne bataille apr\u00e8s l\u2019autre\u201d                      <\/p>\n<p class=\"paragraph\">Dans la fr\u00e9n\u00e9sie th\u00e9matique et visuelle du grand film de Paul Thomas Anderson (film pr\u00e9f\u00e9r\u00e9 de la r\u00e9daction de T\u00e9l\u00e9rama en 2025 ET prix coup de c\u0153ur de nos jeunes lecteurs), il est une sc\u00e8ne encore plus folle que les autres\u00a0: celle o\u00f9 Bob, l\u2019ancien r\u00e9volutionnaire aux neurones ab\u00eem\u00e9s par une consommation excessive de joints, se r\u00e9v\u00e8le incapable de se souvenir des codes secrets appris autrefois dans le Manuel de la r\u00e9bellion. Leonardo DiCaprio y confirme un g\u00e9nie comique trop rarement exploit\u00e9 dans sa carri\u00e8re.<\/p>\n<p class=\"edito__prefixe\">   Lire notre critique   <\/p>\n<p class=\"edito__text-container\">       <a alt=\"Lire notre critique\" href=\"https:\/\/www.telerama.fr\/cinema\/une-bataille-apres-l-autre-de-paul-thomas-anderson-un-spectacle-ebouriffant-et-truffe-de-clins-d-il-5817_cri-7040699.php\" class=\"article__title--edito\" target=\"_blank\" rel=\"noopener\">\u201cUne bataille apr\u00e8s l\u2019autre\u201d, de Paul Thomas Anderson<\/a>  <\/p>\n<p>                          2. La r\u00e9v\u00e9lation Nadia Melliti dans \u201cLa Petite Derni\u00e8re\u201d                      <\/p>\n<p class=\"paragraph\">Quand Hafsia Herzi raconte \u00e0 T\u00e9l\u00e9rama sa rencontre avec la future actrice de son troisi\u00e8me long m\u00e9trage, sa parole se fait lyrique\u00a0: \u00ab\u00a0Sa pr\u00e9sence, son \u00e9nergie \u00e9taient inexplicables. Au-del\u00e0 de sa beaut\u00e9 qui n\u2019est pas commune, elle d\u00e9gageait quelque chose d\u2019une divinit\u00e9 \u00e9gyptienne.\u00a0\u00bb Il est vrai que, pour sa premi\u00e8re apparition au cin\u00e9ma, Nadia Melliti cr\u00e8ve l\u2019\u00e9cran en jeune femme des cit\u00e9s qui veut concilier sa foi musulmane et son homosexualit\u00e9. Apr\u00e8s le prix d\u2019interpr\u00e9tation au Festival de Cannes, le C\u00e9sar de la meilleure r\u00e9v\u00e9lation lui semble promis.<\/p>\n<p class=\"edito__prefixe\">   Lire notre critique   <\/p>\n<p class=\"edito__text-container\">       <a alt=\"Lire notre critique\" href=\"https:\/\/www.telerama.fr\/cinema\/la-petite-derniere-d-hafsia-herzi-le-bouleversant-recit-de-l-emancipation-d-une-ado-lesbienne-et-musulmane-0621_cri-7041166.php\" class=\"article__title--edito\" target=\"_blank\" rel=\"noopener\">\u201cLa Petite Derni\u00e8re\u201d, d\u2019Hafsia Herzi<\/a>  <\/p>\n<p>                          3. La crise de trac de Renate Reinsve dans \u201cValeur sentimentale\u201d                      <\/p>\n<p class=\"paragraph\">Dans le portrait de famille, d\u2019une d\u00e9licatesse exceptionnelle, que signe Joachim Trier, une sc\u00e8ne s\u00e9duit particuli\u00e8rement. Nora (Reinate Reinsve, la r\u00e9v\u00e9lation de Julie (en 12\u00a0chapitres), une nouvelle fois formidable), com\u00e9dienne de th\u00e9\u00e2tre de renom, est incapable d\u2019entrer sur sc\u00e8ne, paralys\u00e9e par l\u2019angoisse. Le public et les techniciens s\u2019impatientent\u2026 Nora s\u2019enfuit dans les coulisses avec un assistant, tente de lui sauter dessus pour une baise rapide, sans succ\u00e8s, puis\u2026 r\u00e9clame une gifle\u00a0! La s\u00e9quence est aussi surprenante que savoureuse.<\/p>\n<p class=\"edito__prefixe\">   Lire notre critique   <\/p>\n<p class=\"edito__text-container\">       <a alt=\"Lire notre critique\" href=\"https:\/\/www.telerama.fr\/cinema\/valeur-sentimentale-de-joachim-trier-une-bouleversante-histoire-de-famille-cruellement-desunie-1151_cri-7040234.php\" class=\"article__title--edito\" target=\"_blank\" rel=\"noopener\">\u201cValeur sentimentale\u201d, de Joachim Trier<\/a>  <\/p>\n<p>                          4. La transe techno de \u201cSir\u0101t\u201d                      <\/p>\n<p class=\"paragraph\">Oliver Laxe donne corps et mati\u00e8re \u00e0 la techno exp\u00e9rimentale mais envo\u00fbtante, compos\u00e9e sp\u00e9cialement pour le film par Kangding Ray. Dans ce road-movie \u00e0 la fois tellurique et m\u00e9taphysique, le cin\u00e9aste espagnol met la musique, ses ondes, ses vibrations, en rapport avec la montagne et le d\u00e9sert marocain \u2014\u00a0les murs d\u2019enceintes font penser \u00e0 des colonnes de pierre\u00a0\u2014 pour cr\u00e9er des paysages sonores. Fascinant.<\/p>\n<p class=\"edito__prefixe\">   Lire notre critique   <\/p>\n<p class=\"edito__text-container\">       <a alt=\"Lire notre critique\" href=\"https:\/\/www.telerama.fr\/cinema\/sirat-d-oliver-laxe-une-experience-hallucinante-entre-les-rave-partys-du-desert-marocain_cri-7040516.php\" class=\"article__title--edito\" target=\"_blank\" rel=\"noopener\">\u201cSir\u00e2t\u201d, d\u2019Oliver Laxe<\/a>  <\/p>\n<p>                          5. Le voyage en Italie de \u201cThe Brutalist\u201d                      <\/p>\n<p class=\"paragraph\">Le film monumental de Brady Corbet (plus de trois heures trente) est une succession de coups de force formels. Le plus impressionnant est, sans doute, le voyage \u00e0 Carrare du h\u00e9ros architecte, L\u00e1szl\u00f3 T\u00f3th (Adrien Brody), parti chercher dans les montagnes italiennes le marbre id\u00e9al pour son projet de centre communautaire aux \u00c9tats-Unis. L\u2019utilisation des d\u00e9cors naturels de Carrare est sid\u00e9rante (l\u2019atmosph\u00e8re en devient presque fantastique), la m\u00e9taphore de l\u2019exploitation capitaliste qu\u2019en tire le r\u00e9alisateur, aussi.<\/p>\n<p class=\"edito__prefixe\">   Lire notre critique   <\/p>\n<p class=\"edito__text-container\">       <a alt=\"Lire notre critique\" href=\"https:\/\/www.telerama.fr\/cinema\/the-brutalist-fresque-stupefiante-ou-assommante-demonstration-de-force-3306_cri-7036757.php\" class=\"article__title--edito\" target=\"_blank\" rel=\"noopener\">\u201cThe Brutalist\u201d, fresque stup\u00e9fiante<\/a>  <\/p>\n<p>                          6. L\u2019humour de Michel Fau, alias Fran\u00e7ois Mitterrand, dans \u201cL\u2019Inconnu de la Grande Arche\u201d                                      <\/p>\n<p class=\"paragraph\">Pour incarner Fran\u00e7ois Mitterrand dans cette chronique captivante sur le chantier mouvement\u00e9 de la Grande Arche de la D\u00e9fense durant les ann\u00e9es 1980, Michel Fau a bien retenu la le\u00e7on de Michel Bouquet dans <a target=\"_blank\" href=\"https:\/\/www.telerama.fr\/cinema\/films\/le-promeneur-du-champ-de-mars,203917.php\" rel=\"noopener\">Le Promeneur du Champ-de-Mars<\/a> (Robert Gu\u00e9diguian, 2005)\u00a0: en mati\u00e8re de jeu d\u2019acteur, la composition est toujours plus pertinente que l\u2019imitation. Fau ne ressemble pas du tout \u00e0 Mitterrand. Mais son interpr\u00e9tation du pr\u00e9sident de la R\u00e9publique en monarque \u00e0 la fois hautain et d\u2019un humour ravageur, manipulateur parfois cynique mais esth\u00e8te sinc\u00e8re, est plus vraie que nature.<\/p>\n<p class=\"edito__prefixe\">   Lire notre chronique   <\/p>\n<p class=\"edito__text-container\">       <a alt=\"Lire notre chronique\" href=\"https:\/\/www.telerama.fr\/cinema\/l-inconnu-de-la-grande-arche-de-stephane-demoustier-un-etonnant-suspense-architectural-et-existentiel-sous-mitterrand-4557_cri-7041357.php\" class=\"article__title--edito\" target=\"_blank\" rel=\"noopener\">\u201cL\u2019Inconnu de la Grande Arche\u201d, de St\u00e9phane Demoustier<\/a>  <\/p>\n<p>                          7. La ville solaire de \u201cLa Trilogie d\u2019Oslo\u00a0: Amour\u201d                      <\/p>\n<p class=\"paragraph\">Il peut faire beau, voire chaud, en Norv\u00e8ge\u00a0: le soleil de l\u2019\u00e9t\u00e9 magnifie les rues d\u2019Oslo dans le volet le plus \u00e9mouvant de la trilogie sur le sentiment amoureux tourn\u00e9e par Dag Johan Haugerud dans la capitale norv\u00e9gienne. L\u2019environnement esth\u00e9tique du film est si doux, si chaleureux, si r\u00e9confortant, qu\u2019il est difficile de le quitter sans regret.<\/p>\n<p class=\"edito__prefixe\">   Lire notre critique   <\/p>\n<p class=\"edito__text-container\">       <a alt=\"Lire notre critique\" href=\"https:\/\/www.telerama.fr\/cinema\/amour-le-rohmer-norvegien-poursuit-sa-trilogie-d-oslo-avec-un-conte-d-ete-solaire-et-choral_cri-7039775.php\" class=\"article__title--edito\" target=\"_blank\" rel=\"noopener\">\u201cAmour\u201d<\/a>  <\/p>\n<p>                          8. Le suspense d\u2019\u201cUn simple accident\u201d                      <\/p>\n<p class=\"paragraph\">\u00ab\u00a0La Guibole\u00a0\u00bb, le p\u00e8re de famille enlev\u00e9 par Vahid, est-il vraiment le gardien de prison qui a tortur\u00e9 l\u2019ancien militant pour la d\u00e9mocratie et ses amis quelques ann\u00e9es plus t\u00f4t\u00a0? L\u2019interrogation demeure tout au long du thriller-Palme d\u2019or r\u00e9alis\u00e9 par Jafar Panahi au nez et \u00e0 la barbe des mollahs iraniens. Un road-movie \u00e0 bord d\u2019un van o\u00f9 la tension, constante, n\u2019exclut pas l\u2019humour.<\/p>\n<p class=\"edito__prefixe\">   Lire notre critique   <\/p>\n<p class=\"edito__text-container\">       <a alt=\"Lire notre critique\" href=\"https:\/\/www.telerama.fr\/cinema\/un-simple-accident-de-jafar-panahi-une-palme-d-or-a-la-portee-politique-essentielle-0139_cri-7040823.php\" class=\"article__title--edito\" target=\"_blank\" rel=\"noopener\">\u201cUn simple accident\u201d, de Jafar Panahi<\/a>  <\/p>\n<p>                          9. L\u2019intensit\u00e9 de Paula Beer dans \u201cMiroirs n\u00b0\u00a03\u201d                      <\/p>\n<p class=\"paragraph\">Apr\u00e8s Le Ciel rouge \u00e0 l\u2019\u00e9t\u00e9 2023, l\u2019actrice berlinoise irradie \u00e0 nouveau le cin\u00e9ma de Christian Petzold dans ce conte sur le deuil tr\u00e8s original, au fond grave et \u00e0 la forme surprenante \u2014\u00a0le burlesque n\u2019est jamais loin. Paula Beer, plus que jamais lumineuse malgr\u00e9 les failles de son personnage, r\u00e9ussit le prodige d\u2019\u00eatre \u00e0 la fois magn\u00e9tique et naturelle.<\/p>\n<p class=\"edito__prefixe\">   Lire notre critique   <\/p>\n<p class=\"edito__text-container\">       <a alt=\"Lire notre critique\" href=\"https:\/\/www.telerama.fr\/cinema\/miroirs-no-3-de-christian-petzold-un-beau-conte-allemand-qui-reste-dans-le-c-ur-3556_cri-7040312.php\" class=\"article__title--edito\" target=\"_blank\" rel=\"noopener\">\u201cMiroirs no. 3\u201d, de\u00a0Christian Petzold<\/a>  <\/p>\n<p>                          10. Le Far West chinois de \u201cBlack Dog\u201d                      <\/p>\n<p class=\"paragraph\">Avec cette satire sociale dans un coin de Chine \u2014\u00a0le d\u00e9sert de Gobi\u00a0\u2014 qui ressemble au Far West, Hu Guan r\u00e9invente le western, dans une atmosph\u00e8re subtilement apocalyptique. Comme dans la sc\u00e8ne o\u00f9 des chiens d\u00e9valent une colline et provoquent le renversement d\u2019un bus, qui rappelle une diligence s\u2019effondrant dans la poussi\u00e8re. Des immeubles d\u00e9sertes, un zoo-parc d\u2019attractions en ruine\u2026 autant de d\u00e9cors absurdes ou grandioses qui ressemblent \u00e0 des p\u00e9nitenciers vides ou \u00e0 de dr\u00f4les de saloons.<\/p>\n<p class=\"edito__prefixe\">   Lire notre critique   <\/p>\n<p class=\"edito__text-container\">       <a alt=\"Lire notre critique\" href=\"https:\/\/www.telerama.fr\/cinema\/avec-black-dog-hu-guan-reinvente-le-far-west-dans-le-desert-chinois_cri-7037157.php\" class=\"article__title--edito\" target=\"_blank\" rel=\"noopener\">Avec \u201cBlack Dog\u201d, Guan Hu r\u00e9invente le Far West dans le d\u00e9sert chinois<\/a>  <\/p>\n<p>                          11. Le charme de Th\u00e9odore Pellerin dans \u201cNino\u201d                      <\/p>\n<p class=\"paragraph\">\u00c0 l\u2019affiche du premier long m\u00e9trage de\u00a0Pauline Loqu\u00e8s, l\u2019acteur qu\u00e9b\u00e9cois bouleverse en jeune homme errant dans Paris, et dans les m\u00e9andres de ses angoisses, \u00e0 la suite de l\u2019annonce d\u2019un diagnostic de cancer. Sa gr\u00e2ce et sa vuln\u00e9rabilit\u00e9 lui ont valu le prix de la r\u00e9v\u00e9lation \u00e0 la\u00a0Semaine de la critique cannoise. En attendant le C\u00e9sar\u00a0?<\/p>\n<p class=\"edito__prefixe\">   Lire notre critique   <\/p>\n<p class=\"edito__text-container\">       <a alt=\"Lire notre critique\" href=\"https:\/\/www.telerama.fr\/cinema\/nino-de-pauline-loques-une-poignante-ode-a-la-vie-4026_cri-7040607.php\" class=\"article__title--edito\" target=\"_blank\" rel=\"noopener\">\u201cNino\u201d, de Pauline Loqu\u00e8s<\/a>  <\/p>\n<p>                          12. L\u2019humanit\u00e9 de \u201cM\u00e9moires d\u2019un escargot\u201d                      <\/p>\n<p class=\"paragraph\">Comme dans l\u2019extraordinaire <a target=\"_blank\" href=\"https:\/\/www.telerama.fr\/cinema\/mary-max-sur-prime-video-un-film-danimation-pour-adultes-sombre-et-beau-6775472.php\" rel=\"noopener\">Mary et Max<\/a>, son pr\u00e9c\u00e9dent long m\u00e9trage d\u2019animation, en\u00a02009, l\u2019Australien Sam Elliot r\u00e9serve les pires \u00e9preuves \u00e0 ses personnages de paum\u00e9s \u2014\u00a0ici, une jeune femme mal dans sa peau qui fut s\u00e9par\u00e9e de son fr\u00e8re jumeau \u00e0 la mort de leur p\u00e8re. Mais avec quelle empathie, quelle bienveillance\u00a0! Sa tendresse pour tous les oubli\u00e9s de l\u2019existence, les invisibles, les infr\u00e9quentables, touche au c\u0153ur.<\/p>\n<p class=\"edito__prefixe\">   Lire notre critique   <\/p>\n<p class=\"edito__text-container\">       <a alt=\"Lire notre critique\" href=\"https:\/\/www.telerama.fr\/cinema\/memoires-d-un-escargot-d-adam-elliot-un-conte-en-pate-a-modeler-petri-d-humanite_cri-7036294.php\" class=\"article__title--edito\" target=\"_blank\" rel=\"noopener\">\u201cM\u00e9moires d\u2019un escargot\u201d d\u2019Adam Elliot<\/a>  <\/p>\n<p>                          13. Le m\u00e9lange des genres dans \u201cL\u2019Agent secret\u201d                      <\/p>\n<p class=\"paragraph\">Si, contrairement \u00e0 ce que le titre pourrait laisser croire, il n\u2019y a pas d\u2019espionnage \u00e0 proprement parler dans L\u2019Agent secret, le superbe film de Kleber Mendon\u00e7a Filho m\u00eale polar, thriller, m\u00e9lodrame sentimental, pamphlet politique, com\u00e9die et m\u00eame fantastique (ah, cette jambe poilue qui s\u00e8me la terreur et le rire dans les rues de Recife\u00a0!) dans un tourbillon de couleurs et de musique. Euphorisant.<\/p>\n<p class=\"edito__prefixe\">   D\u00e9couvrir la note et la critique   <\/p>\n<p class=\"edito__text-container\">       <a alt=\"Lire aussi\" href=\"https:\/\/www.telerama.fr\/cinema\/l-agent-secret-de-kleber-mendonca-filho-un-etourdissant-thriller-dans-l-effroi-de-la-dictature_cri-7041991.php\" class=\"article__title--edito\" target=\"_blank\" rel=\"noopener\">\u201cL\u2019Agent secret\u201d, de Kleber Mendon\u00e7a Filho\u00a0: un \u00e9tourdissant thriller dans l\u2019effroi de la dictature<\/a>  <\/p>\n<p>                          14. L\u2019audace de la jeunesse dans \u201cNouvelle Vague\u201d                      <\/p>\n<p class=\"paragraph\">La Nouvelle Vague, c\u2019est d\u2019abord l\u2019irruption de la jeunesse dans un cin\u00e9ma fran\u00e7ais ronronnant. L\u2019Am\u00e9ricain Richard Linklater l\u2019a bien compris dans sa reconstitution enlev\u00e9e et p\u00e9tillante du tournage d\u2019<a target=\"_blank\" href=\"https:\/\/www.telerama.fr\/cinema\/a-bout-de-souffle-de-jean-luc-godard-notre-critique_cri-7034204.php\" rel=\"noopener\">\u00c0 bout de souffle<\/a> (1960). O\u00f9 les inconnus Guillaume Marbeck (en Godard aussi arrogant qu\u2019attachant) et Aubry Dullin (en Belmondo rieur et blagueur) restituent parfaitement la vitalit\u00e9 frondeuse du pari incertain mais excitant que repr\u00e9senta le premier long m\u00e9trage du cin\u00e9aste aux lunettes noires.<\/p>\n<p class=\"edito__prefixe\">   Lire notre critique   <\/p>\n<p class=\"edito__text-container\">       <a alt=\"Lire notre critique\" href=\"https:\/\/www.telerama.fr\/cinema\/nouvelle-vague-de-richard-linklater-hommage-vibrant-a-godard-ou-reconstitution-depourvue-d-imagination-5106_cri-7040933.php\" class=\"article__title--edito\" target=\"_blank\" rel=\"noopener\">\u201cNouvelle Vague\u201d, de Richard Linklater<\/a>  <\/p>\n<p>                          15. L\u2019\u00e9motion de \u201cJe suis toujours l\u00e0\u201d                      <\/p>\n<p class=\"paragraph\">Pr\u00e9parez vos mouchoirs pour d\u00e9couvrir cette \u00e9vocation, entre chronique familiale et portrait de femme, de Rubens Paiva, ancien d\u00e9put\u00e9 travailliste br\u00e9silien victime de la dictature militaire, et de sa femme Eunice, qui s\u2019est battue durant vingt-cinq ans pour que l\u2019\u00c9tat reconnaisse la mort du \u00ab\u00a0disparu\u00a0\u00bb. Dans son parti pris classiquement (mais joliment) sentimental, Walter Salles ne l\u00e9sine ni sur la musique, ni sur les reconstitutions pour susciter l\u2019empathie. Avec brio.<\/p>\n<p class=\"edito__prefixe\">   Lire notre critique   <\/p>\n<p class=\"edito__text-container\">       <a alt=\"Lire notre critique\" href=\"https:\/\/www.telerama.fr\/cinema\/je-suis-toujours-la-bouleversante-chronique-familiale-de-walter-salles_cri-7036293.php\" class=\"article__title--edito\" target=\"_blank\" rel=\"noopener\">\u201cJe suis toujours l\u00e0\u201d, de Walter Salles<\/a>  <\/p>\n<p>                          16. Les tubes revisit\u00e9s de \u201cPartir un jour\u201d                      <\/p>\n<p class=\"paragraph\">Fran\u00e7ois Rollin qui chante Mourir sur sc\u00e8ne, de Dalida, en \u00e9pluchant des patates dans sa cuisine, Dominique Blanc qui reprend Paroles, paroles, de la m\u00eame Dalida, dans un camping-car immobile\u2026 Voici quelques-unes des friandises \u00ab\u00a0tubesques\u00a0\u00bb offertes par Am\u00e9lie Bonnin dans son emballant premier long m\u00e9trage. Le clou du karaok\u00e9\u00a0? Juliette Armanet et Bastien Bouillon dans une version Holiday on Ice de Femme Like U, de K. Maro.<\/p>\n<p class=\"edito__prefixe\">   Lire notre critique   <\/p>\n<p class=\"edito__text-container\">       <a alt=\"Lire notre critique\" href=\"https:\/\/www.telerama.fr\/cinema\/partir-un-jour-bastien-bouillon-et-juliette-armanet-duo-irresistible-dans-une-comedie-douce-amere-1340_cri-7038743.php\" class=\"article__title--edito\" target=\"_blank\" rel=\"noopener\">\u201cPartir un jour\u201d, d\u2019Am\u00e9lie Bonnin<\/a>  <\/p>\n<p>                          17. L\u2019intensit\u00e9 de Bastien Bouillon dans \u201c\u00c0 pied d\u2019\u0153uvre\u201d                      <\/p>\n<p class=\"paragraph\">Un photographe gagnant bien sa vie d\u00e9cide tout arr\u00eater pour se consacrer \u00e0 l\u2019\u00e9criture, au risque de la pr\u00e9carit\u00e9 sociale. Cette adaptation sensible et \u00e9mouvante du <a target=\"_blank\" href=\"https:\/\/www.telerama.fr\/livre\/a-pied-d-uvre_cri-7028178.php\" rel=\"noopener\">roman autobiographique de Franck Court\u00e8s<\/a>, pr\u00e9sent\u00e9e en avant-premi\u00e8re, est port\u00e9e par Bastien Bouillon, l\u2019un des acteurs du moment les plus fascinants. Sa pr\u00e9sence-absence gracile et le murmure de sa voix l\u00e9g\u00e8rement trembl\u00e9e sont en soi litt\u00e9raires.<\/p>\n<p class=\"edito__prefixe\">   Lire notre critique   <\/p>\n<p class=\"edito__text-container\">     <a alt=\"Lire notre critique\" href=\"https:\/\/www.telerama.fr\/cinema\/mostra-de-venise-2025-a-pied-d-uvre-de-valerie-donzelli-portrait-d-un-ecrivain-d-aujourd-hui-7027118.php\" class=\"article__title--edito\" target=\"_blank\" rel=\"noopener\">\u201c\u00c0 pied d\u2019\u0153uvre\u201d, de Val\u00e9rie Donzelli<\/a>  <\/p>\n<p>                          18. Les seconds r\u00f4les de \u201cBaise-en-ville\u201d                      <\/p>\n<p class=\"paragraph\">Martin Jauvat, le premier r\u00f4le de cette com\u00e9die pop et banlieusarde \u00e0 d\u00e9couvrir en avant-premi\u00e8re, est tr\u00e8s dr\u00f4le en adulescent en qu\u00eate de permis de conduire. Mais le jeune acteur-r\u00e9alisateur sait aussi mettre en valeur ses partenaires de jeu\u00a0: William Lebghil en beau-fr\u00e8re qui passe difficilement \u00e0 l\u2019\u00e2ge adulte, Michel Hazanavicius en parfait daron de pavillon, S\u00e9bastien Chassagne en patron \u00ab\u00a0winner\u00a0\u00bb de l\u2019entreprise Allo Nettoyo et, surtout, Emmanuelle Bercot, d\u00e9mente en monitrice d\u2019auto-\u00e9cole d\u00e9lur\u00e9e.<\/p>\n<p class=\"edito__prefixe\">   \u00c0 lire aussi :   <\/p>\n<p class=\"edito__text-container\">   <a alt=\"Lire aussi\" href=\"https:\/\/www.telerama.fr\/cinema\/exclu-regardez-la-bande-annonce-de-baise-en-ville-comedie-dejantee-avec-william-lebghil-michel-hazanavicius-7028551.php\" class=\"article__title--edito\" target=\"_blank\" rel=\"noopener\">Exclu\u00a0: regardez la bande-annonce de \u201cBaise-en-ville\u201d, de Martin Jauvat<\/a>  <\/p>\n<p>                          19. Les d\u00e9cors naturels du \u201cG\u00e2teau du pr\u00e9sident\u201d                      <\/p>\n<p class=\"paragraph\">L\u2019Irak est une terra incognita en mati\u00e8re de cin\u00e9ma. La d\u00e9couverte en avant-premi\u00e8re de cette belle fable sociale \u00e0 l\u2019\u00e9poque de Saddam Hussein, Cam\u00e9ra d\u2019or au dernier Festival de Cannes, est donc vivement recommand\u00e9e. Ne serait-ce que pour d\u00e9couvrir l\u2019\u00e9tonnant cadre de vie de la petite Lamia, 9\u00a0ans\u00a0: le delta du Tigre et de l\u2019Euphrate, avec ses maisons sur pilotis et ses barques, superbement fim\u00e9es par Hasan Hadi.<\/p>\n<p class=\"edito__prefixe\">   \u00c0 lire aussi :   <\/p>\n<p class=\"edito__text-container\">     <a alt=\"Lire aussi\" href=\"https:\/\/www.telerama.fr\/cinema\/cannes-2025-sept-premiers-films-qui-revelent-des-cineastes-prometteurs-7025761.php\" class=\"article__title--edito\" target=\"_blank\" rel=\"noopener\">\u00c0 Cannes, sept premiers films qui nous ont \u00e9pat\u00e9s<\/a>  <\/p>\n<p>                          20. Le charisme de Debora Lobe Naney dans \u201cPromis le ciel\u201d                      <\/p>\n<p class=\"paragraph\">Aux c\u00f4t\u00e9s d\u2019A\u00efssa Ma\u00efga (surprenante en pasteure \u00e9vang\u00e9lique) et de L\u00e6titia Ky (\u00e9mouvante en \u00e9tudiante d\u00e9racin\u00e9e), la jeune actrice ivoirienne impressionne en jeune m\u00e8re d\u2019Abidjan contrainte de laisser sa fille au pays pour gagner sa vie dans une Tunisie de plus en plus hostile aux immigr\u00e9s venus d\u2019Afrique noire. L\u2019\u00e9motion et la vitalit\u00e9 de ce film choral, pr\u00e9sent\u00e9 en avant-premi\u00e8re, lui doivent beaucoup.<\/p>\n<p class=\"edito__prefixe\">   \u00c0 lire aussi :   <\/p>\n<p class=\"edito__text-container\">   <a alt=\"Lire aussi\" href=\"https:\/\/www.telerama.fr\/cinema\/aissa-maiga-dans-promis-le-ciel-a-cannes-c-etait-un-tournage-discret-l-evangelisme-n-est-pas-autorise-en-tunisie-7025674.php\" class=\"article__title--edito\" target=\"_blank\" rel=\"noopener\">A\u00efssa Ma\u00efga dans \u201cPromis le ciel\u201d, \u00e0 Cannes\u00a0: \u201cC\u2019\u00e9tait un tournage discret, l\u2019\u00e9vang\u00e9lisme n\u2019est pas autoris\u00e9 en Tunisie\u201d<\/a>  <\/p>\n<p>                          21. La com\u00e9die \u00e0 feu doux de \u201cThe Mastermind\u201d                      <\/p>\n<p class=\"paragraph\">Le cin\u00e9ma de Kelly Reichardt (La Derni\u00e8re Piste, <a target=\"_blank\" href=\"https:\/\/www.telerama.fr\/cinema\/films\/first-cow,n6879470.php\" rel=\"noopener\">First Cow<\/a>) n\u2019est pas franchement r\u00e9put\u00e9 pour son humour. On rit pourtant beaucoup devant son dernier long m\u00e9trage, une d\u00e9construction amus\u00e9e du film de casse o\u00f9 un antih\u00e9ros s\u00e9duisant (forc\u00e9ment, c\u2019est Josh O\u2019Connor) organise le braquage d\u2019un mus\u00e9e digne des Pieds nickel\u00e9s. Avec un tempo comique tranquille\u2026 et irr\u00e9sistible, \u00e0 d\u00e9couvrir en avant-premi\u00e8re.<\/p>\n<p class=\"edito__prefixe\">   \u00c0 lire aussi :   <\/p>\n<p class=\"edito__text-container\">     <a alt=\"Lire aussi\" href=\"https:\/\/www.telerama.fr\/cinema\/cannes-2025-kelly-reichardt-s-amuse-a-deconstruire-le-film-de-casse-avec-the-mastermind-7025840.php\" class=\"article__title--edito\" target=\"_blank\" rel=\"noopener\">Cannes\u00a0: Kelly Reichardt s\u2019amuse \u00e0 d\u00e9construire le film de casse avec \u201cThe Mastermind\u201d<\/a>  <\/p>\n<p>                          22. L\u2019intensit\u00e9 de Frank Dillane dans \u201cUrchin\u201d                      <\/p>\n<p class=\"paragraph\">Pour son premier long m\u00e9trage derri\u00e8re la cam\u00e9ra, pr\u00e9sent\u00e9 en avant-premi\u00e8re, l\u2019acteur <a target=\"_blank\" href=\"https:\/\/www.telerama.fr\/cinema\/de-sans-filtre-a-babygirl-harris-dickinson-un-fichu-beau-gosse-mais-pas-que-0043-7023939.php\" rel=\"noopener\">Harris Dickinson<\/a> (Sans filtre, Babygirl) impose, d\u2019embl\u00e9e, un talent de mise en sc\u00e8ne immersive pour suivre, \u00e0 la mani\u00e8re d\u2019un Ken Loach ou d\u2019un Mike Leigh en herbe, les tentatives d\u00e9sesp\u00e9r\u00e9es d\u2019un jeune SDF toxicocame pour sortir de la pauvret\u00e9. Frank Dillane, qui l\u2019incarne, n\u2019a pas vol\u00e9 son prix d\u2019interpr\u00e9tation \u00e0 Un certain regard au dernier Festival de Cannes.<\/p>\n<p class=\"edito__prefixe\">   \u00c0 lire aussi :   <\/p>\n<p class=\"edito__text-container\">   <a alt=\"Lire aussi\" href=\"https:\/\/www.telerama.fr\/cinema\/cinema-au-festival-nouvelles-vagues-de-biarritz-des-jeunes-cineastes-qui-se-mouillent-7026422.php\" class=\"article__title--edito\" target=\"_blank\" rel=\"noopener\">Au festival Nouvelles\u00a0Vagues de Biarritz, des jeunes cin\u00e9astes qui se mouillent<\/a>  <\/p>\n<p>                          23. L\u2019hommage \u00e0 Youssef Chahine dans \u201cLa Vie apr\u00e8s Siham\u201d                      <\/p>\n<p class=\"paragraph\">\u00c0 la mort de sa m\u00e8re, le r\u00e9alisateur Namir Abdel Messeeh part \u00e0 la d\u00e9couverte de l\u2019histoire de ses parents \u00e9gyptiens, venus en France dans les ann\u00e9es\u00a01970. Ce documentaire sensible et dr\u00f4le sur la m\u00e9moire familiale et sur l\u2019exil, pr\u00e9sent\u00e9 en avant-premi\u00e8re, fait joliment \u00e9cho au cin\u00e9ma flamboyant du regrett\u00e9 Youssef Chahine, dont on c\u00e9l\u00e9brera le centenaire le\u00a025\u00a0janvier.<\/p>\n<p>        <img decoding=\"async\" class=\"snippet-generic__img\" src=\"https:\/\/www.europesays.com\/fr\/wp-content\/uploads\/2026\/01\/3b54e53_upload-1-sonph4b9n22y-visuelfct2025.png\"\/><\/p>\n<p class=\"snippet-generic__title\">Festival Cin\u00e9ma T\u00e9l\u00e9rama 2026<\/p>\n<p class=\"snippet-generic__text\">Du 21 au 27 janvier, T\u00e9l\u00e9rama vous invite \u00e0 (re)voir les meilleurs films de 2025, ainsi que sept films en avant-premi\u00e8re, pour 4 euros. <\/p>\n<p>    <a href=\"https:\/\/festivals.telerama.fr\/\" target=\"_blank\" rel=\"noopener\"><\/p>\n<p>            Toutes les informations ici<\/p>\n<p>    <\/a><\/p>\n","protected":false},"excerpt":{"rendered":"Le Festival cin\u00e9ma T\u00e9l\u00e9rama s\u2019installe du 21 au 27 janvier dans cinq cents cin\u00e9mas partout en France. Si&hellip;\n","protected":false},"author":2,"featured_media":662815,"comment_status":"","ping_status":"","sticky":false,"template":"","format":"standard","meta":{"footnotes":""},"categories":[1354],"tags":[58,59,1346,1011,27,1360],"class_list":{"0":"post-662814","1":"post","2":"type-post","3":"status-publish","4":"format-standard","5":"has-post-thumbnail","7":"category-films","8":"tag-divertissement","9":"tag-entertainment","10":"tag-films","11":"tag-fr","12":"tag-france","13":"tag-movies"},"share_on_mastodon":{"url":"https:\/\/pubeurope.com\/@fr\/115893275514960137","error":""},"_links":{"self":[{"href":"https:\/\/www.europesays.com\/fr\/wp-json\/wp\/v2\/posts\/662814","targetHints":{"allow":["GET"]}}],"collection":[{"href":"https:\/\/www.europesays.com\/fr\/wp-json\/wp\/v2\/posts"}],"about":[{"href":"https:\/\/www.europesays.com\/fr\/wp-json\/wp\/v2\/types\/post"}],"author":[{"embeddable":true,"href":"https:\/\/www.europesays.com\/fr\/wp-json\/wp\/v2\/users\/2"}],"replies":[{"embeddable":true,"href":"https:\/\/www.europesays.com\/fr\/wp-json\/wp\/v2\/comments?post=662814"}],"version-history":[{"count":0,"href":"https:\/\/www.europesays.com\/fr\/wp-json\/wp\/v2\/posts\/662814\/revisions"}],"wp:featuredmedia":[{"embeddable":true,"href":"https:\/\/www.europesays.com\/fr\/wp-json\/wp\/v2\/media\/662815"}],"wp:attachment":[{"href":"https:\/\/www.europesays.com\/fr\/wp-json\/wp\/v2\/media?parent=662814"}],"wp:term":[{"taxonomy":"category","embeddable":true,"href":"https:\/\/www.europesays.com\/fr\/wp-json\/wp\/v2\/categories?post=662814"},{"taxonomy":"post_tag","embeddable":true,"href":"https:\/\/www.europesays.com\/fr\/wp-json\/wp\/v2\/tags?post=662814"}],"curies":[{"name":"wp","href":"https:\/\/api.w.org\/{rel}","templated":true}]}}