{"id":662816,"date":"2026-01-14T11:43:11","date_gmt":"2026-01-14T11:43:11","guid":{"rendered":"https:\/\/www.europesays.com\/fr\/662816\/"},"modified":"2026-01-14T11:43:11","modified_gmt":"2026-01-14T11:43:11","slug":"avoir-le-covid-pendant-la-grossesse-peut-perturber-le-developpement-du-cerveau-de-lenfant","status":"publish","type":"post","link":"https:\/\/www.europesays.com\/fr\/662816\/","title":{"rendered":"Avoir le Covid pendant la grossesse peut perturber le d\u00e9veloppement du cerveau de l\u2019enfant"},"content":{"rendered":"\n<p>\n    R\u00e9serv\u00e9 aux abonn\u00e9s\n<\/p>\n<p>    Les diagnostics les plus fr\u00e9quents concernaient les troubles du langage, les troubles moteurs et les troubles du spectre de l\u2019autisme.<br \/>\n                pressmaster &#8211; stock.adobe.com<\/p>\n<p class=\"fig-standfirst\">\n    <strong>D\u00c9CRYPTAGE <\/strong>&#8211; Selon une vaste \u00e9tude men\u00e9e sur pr\u00e8s de 18\u00a0000 naissances, ce surrisque \u00e9tait particuli\u00e8rement marqu\u00e9 lorsque l\u2019infection survenait au troisi\u00e8me trimestre de grossesse.<\/p>\n<p><a class=\"fig-a11y-skip\" href=\"#fig-a11y-skip-main-pave_atf_artferme\" data-module=\"a11y-skip\" data-context=\"was @visible\"><br \/>\n    Passer la publicit\u00e9<br \/>\n<\/a>            <\/p>\n<p class=\"fig-paragraph\">L\u2019exposition au virus du\u00a0<a href=\"http:\/\/www.lefigaro.fr\/sciences\/dossier\/virus-chine-coronavirus-pneumonie\" data-fig-type=\"Topic\" data-gtm-custom-categorie=\"navigation\" data-gtm-custom-action=\"crossclick\" data-gtm-custom-label=\"Contextuel\" data-gtm-event=\"customEventSPE\" data-fig-domain=\"LEFIGARO\" target=\"_blank\" rel=\"noopener\">Covid-19<\/a>\u00a0durant la vie f\u0153tale peut-elle laisser des traces sur le\u00a0<a href=\"http:\/\/sante.lefigaro.fr\/un-dispositif-simple-pour-reperer-autisme-tdah-et-troubles-dys-20241210\" data-fig-type=\"Article\" data-gtm-custom-categorie=\"navigation\" data-gtm-custom-action=\"crossclick\" data-gtm-custom-label=\"Contextuel\" data-gtm-event=\"customEventSPE\" data-fig-domain=\"SANTE\" target=\"_blank\" rel=\"noopener\">d\u00e9veloppement c\u00e9r\u00e9bral<\/a>\u00a0des enfants\u00a0? C\u2019est la question pos\u00e9e par une \u00e9tude d\u2019envergure. En analysant les donn\u00e9es de plus de 18\u00a0000 naissances survenues entre 2020 et 2021, des chercheurs am\u00e9ricains ont observ\u00e9 que 16,3\u00a0% des enfants expos\u00e9s au virus pendant la grossesse ont re\u00e7u un diagnostic de trouble du neurod\u00e9veloppement avant leur troisi\u00e8me anniversaire, contre seulement 9,7\u00a0% de ceux non expos\u00e9s. Le surrisque \u00e9tait plus fort chez les gar\u00e7ons, et il \u00e9tait particuli\u00e8rement marqu\u00e9 lorsque l\u2019infection survenait au troisi\u00e8me trimestre de grossesse. Les diagnostics les plus fr\u00e9quents concernaient les troubles du langage, les troubles moteurs et les\u00a0<a href=\"https:\/\/sante.lefigaro.fr\/sante\/maladie\/autisme\/quels-symptomes-1\" target=\"_blank\" data-fig-type=\"Keyword\" rel=\"nofollow noopener\" data-gtm-custom-categorie=\"navigation\" data-gtm-custom-action=\"crossclick\" data-gtm-custom-label=\"Contextuel\" data-gtm-event=\"customEventSPE\" data-fig-domain=\"SANTE\">troubles du spectre de l\u2019autisme<\/a>. Mais comment une exposition au Covid durant la grossesse peut-elle affecter le\u00a0<a href=\"http:\/\/sante.lefigaro.fr\/social\/enfance-famille\/le-veritable-probleme-de-ces-enfants-c-est-leur-deficit-de-concentration-symptomes-origine-prise-en-charge-le-tdah-en-six-questions-20240912\" data-fig-type=\"Article\" data-gtm-custom-categorie=\"navigation\" data-gtm-custom-action=\"crossclick\" data-gtm-custom-label=\"Contextuel\" data-gtm-event=\"customEventSPE\" data-fig-domain=\"SANTE\" target=\"_blank\" rel=\"noopener\">d\u00e9veloppement c\u00e9r\u00e9bral<\/a>\u00a0?<\/p>\n<p class=\"fig-paragraph\">L\u2019\u00e9tude\u00a0<a href=\"https:\/\/journals.lww.com\/greenjournal\/fulltext\/2026\/01000\/neurodevelopmental_outcomes_of_3_year_old_children.4.aspx\" target=\"_blank\" rel=\"nofollow noopener\" data-gtm-custom-categorie=\"navigation\" data-gtm-custom-action=\"crossclick\" data-gtm-custom-label=\"Contextuel\" data-gtm-event=\"customEventSPE\">publi\u00e9e dans la revue Obstetrics &amp; Gynecology<\/a> \u00a0est \u00ab\u00a0robuste, mais elle reste \u00e9pid\u00e9miologique. Elle\u2026<\/p>\n<p class=\"fig-premium-paywall__infos\">\n        Cet article est r\u00e9serv\u00e9 aux abonn\u00e9s.        Il vous reste 78% \u00e0 d\u00e9couvrir.\n    <\/p>\n<p>                <img  data- alt=\"Le Figaro\" class=\"fig-img--complete fig-img\"\/><\/p>\n<p class=\"fig-premium-paywall__title\">Le Figaro c\u00e9l\u00e8bre ses 200 ans<\/p>\n<p class=\"fig-premium-paywall__subtitle\">Offre anniversaire : 2\u20ac\/mois pendant 200 semaines<\/p>\n<p class=\"fig-premium-paywall__connect\">\n                D\u00e9j\u00e0 abonn\u00e9\u00a0?                <a class=\"fig-premium-paywall__connect-link\" href=\"https:\/\/connect.lefigaro.fr\/login?client=sante_web&amp;type=main&amp;redirect_uri=https%3A%2F%2Fsante.lefigaro.fr%2Fmedecine%2Favoir-le-covid-pendant-la-grossesse-peut-perturber-le-developpement-du-cerveau-de-l-enfant-20260114\" data-js-gtm=\"{&quot;customCategorie&quot;: &quot;conversion&quot;, &quot;customAction&quot;: &quot;before_Landing_Connexion_paywall_auto&quot;, &quot;customLabel&quot;: &quot;c2FudGUubGVmaWdhcm8uZnJfXzFmMGYwODJlLTE3Y2ItNjc0OC04ZWI5LTNiOTBmNzAyYWFmZF9fQXJ0aWNsZQ==_Avoir le Covid pendant la grossesse peut perturber le d\u00e9veloppement du cerveau de l\u2019enfant_105&quot;, &quot;customIDSPE&quot;: &quot;c2FudGUubGVmaWdhcm8uZnJfXzFmMGYwODJlLTE3Y2ItNjc0OC04ZWI5LTNiOTBmNzAyYWFmZF9fQXJ0aWNsZQ==&quot;, &quot;event&quot;: &quot;customEventSPE&quot;}\" target=\"_blank\" rel=\"noopener\"><br \/>\n                    Connectez-vous<br \/>\n                <\/a>\n            <\/p>\n<p>La r\u00e9daction vous conseille<\/p>\n<p class=\"fig-headline-tabbar\">\n        Avoir le Covid pendant la grossesse peut perturber le d\u00e9veloppement du cerveau de l\u2019enfant\n    <\/p>\n<p>            <a href=\"https:\/\/abonnement.lefigaro.fr\/abonnement-lefigaro-200-ans?app=Figaro&amp;source=sticky-mobile&amp;redirect_uri=https%3A%2F%2Fsante.lefigaro.fr%2Fmedecine%2Favoir-le-covid-pendant-la-grossesse-peut-perturber-le-developpement-du-cerveau-de-l-enfant-20260114\" class=\"fig-subscription-button fig-subscription-button--mobile\" data-gtm=\"{&quot;customCategorie&quot;:&quot;conversion&quot;,&quot;customAction&quot;:&quot;before_Landing_Premium_Tapbar&quot;,&quot;customLabel&quot;:&quot;c2FudGUubGVmaWdhcm8uZnJfXzFmMGYwODJlLTE3Y2ItNjc0OC04ZWI5LTNiOTBmNzAyYWFmZF9fQXJ0aWNsZQ==_avoir_le_covid_pendant_la_grossesse_peut_perturber_le_developpement_du_cerveau_de_l_enfant&quot;,&quot;customIDSPE&quot;:&quot;c2FudGUubGVmaWdhcm8uZnJfXzFmMGYwODJlLTE3Y2ItNjc0OC04ZWI5LTNiOTBmNzAyYWFmZF9fQXJ0aWNsZQ==&quot;,&quot;event&quot;:&quot;customEventSPE&quot;}\" referrerpolicy=\"unsafe-url\" target=\"_blank\" rel=\"noopener\"><br \/>\n    S&rsquo;ABONNER<br \/>\n<\/a><\/p>\n<p>            Fermer<\/p>\n<p>            <a href=\"https:\/\/abonnement.lefigaro.fr\/abonnement-lefigaro-200-ans?app=Figaro&amp;source=sticky-desktop&amp;redirect_uri=https%3A%2F%2Fsante.lefigaro.fr%2Fmedecine%2Favoir-le-covid-pendant-la-grossesse-peut-perturber-le-developpement-du-cerveau-de-l-enfant-20260114\" class=\"fig-subscription-button fig-subscription-button--desktop\" data-gtm=\"{&quot;customCategorie&quot;:&quot;conversion&quot;,&quot;customAction&quot;:&quot;before_Landing_Premium_Tapbar&quot;,&quot;customLabel&quot;:&quot;c2FudGUubGVmaWdhcm8uZnJfXzFmMGYwODJlLTE3Y2ItNjc0OC04ZWI5LTNiOTBmNzAyYWFmZF9fQXJ0aWNsZQ==_avoir_le_covid_pendant_la_grossesse_peut_perturber_le_developpement_du_cerveau_de_l_enfant&quot;,&quot;customIDSPE&quot;:&quot;c2FudGUubGVmaWdhcm8uZnJfXzFmMGYwODJlLTE3Y2ItNjc0OC04ZWI5LTNiOTBmNzAyYWFmZF9fQXJ0aWNsZQ==&quot;,&quot;event&quot;:&quot;customEventSPE&quot;}\" referrerpolicy=\"unsafe-url\" target=\"_blank\" rel=\"noopener\"><br \/>\n    S&rsquo;abonner<br \/>\n<\/a><\/p>\n","protected":false},"excerpt":{"rendered":"R\u00e9serv\u00e9 aux abonn\u00e9s Les diagnostics les plus fr\u00e9quents concernaient les troubles du langage, les troubles moteurs et les&hellip;\n","protected":false},"author":2,"featured_media":662817,"comment_status":"","ping_status":"","sticky":false,"template":"","format":"standard","meta":{"footnotes":""},"categories":[10],"tags":[8187,4357,1011,27,72,41028,71,5336],"class_list":{"0":"post-662816","1":"post","2":"type-post","3":"status-publish","4":"format-standard","5":"has-post-thumbnail","7":"category-sante","8":"tag-autisme","9":"tag-covid-19","10":"tag-fr","11":"tag-france","12":"tag-health","13":"tag-maladie-et-grossesse","14":"tag-sante","15":"tag-virus"},"share_on_mastodon":{"url":"","error":""},"_links":{"self":[{"href":"https:\/\/www.europesays.com\/fr\/wp-json\/wp\/v2\/posts\/662816","targetHints":{"allow":["GET"]}}],"collection":[{"href":"https:\/\/www.europesays.com\/fr\/wp-json\/wp\/v2\/posts"}],"about":[{"href":"https:\/\/www.europesays.com\/fr\/wp-json\/wp\/v2\/types\/post"}],"author":[{"embeddable":true,"href":"https:\/\/www.europesays.com\/fr\/wp-json\/wp\/v2\/users\/2"}],"replies":[{"embeddable":true,"href":"https:\/\/www.europesays.com\/fr\/wp-json\/wp\/v2\/comments?post=662816"}],"version-history":[{"count":0,"href":"https:\/\/www.europesays.com\/fr\/wp-json\/wp\/v2\/posts\/662816\/revisions"}],"wp:featuredmedia":[{"embeddable":true,"href":"https:\/\/www.europesays.com\/fr\/wp-json\/wp\/v2\/media\/662817"}],"wp:attachment":[{"href":"https:\/\/www.europesays.com\/fr\/wp-json\/wp\/v2\/media?parent=662816"}],"wp:term":[{"taxonomy":"category","embeddable":true,"href":"https:\/\/www.europesays.com\/fr\/wp-json\/wp\/v2\/categories?post=662816"},{"taxonomy":"post_tag","embeddable":true,"href":"https:\/\/www.europesays.com\/fr\/wp-json\/wp\/v2\/tags?post=662816"}],"curies":[{"name":"wp","href":"https:\/\/api.w.org\/{rel}","templated":true}]}}