{"id":662826,"date":"2026-01-14T11:48:10","date_gmt":"2026-01-14T11:48:10","guid":{"rendered":"https:\/\/www.europesays.com\/fr\/662826\/"},"modified":"2026-01-14T11:48:10","modified_gmt":"2026-01-14T11:48:10","slug":"la-france-ouvrira-un-consulat-au-groenland-le-6-fevrier-annonce-jean-noel-barrot","status":"publish","type":"post","link":"https:\/\/www.europesays.com\/fr\/662826\/","title":{"rendered":"La France ouvrira un consulat au Groenland le 6 f\u00e9vrier, annonce Jean-No\u00ebl Barrot"},"content":{"rendered":"<p>\n    \u00abLe Groenland ne veut ni \u00eatre poss\u00e9d\u00e9, ni \u00eatre gouvern\u00e9, ni\u00e9, ni \u00eatre int\u00e9gr\u00e9 par les Etats-Unis. Le Groenland a fait le choix du Danemark, le choix de l\u2019Otan et le choix de l\u2019Union\u00bb, a martel\u00e9 le ministre fran\u00e7ais des Affaires \u00e9trang\u00e8res.<\/p>\n<p class=\"fig-paragraph\">La France ouvrira un consulat au\u00a0<a href=\"http:\/\/www.lefigaro.fr\/international\/dossier\/le-groenland-sous-la-menace-de-donald-trump-notre-dossier-pour-tout-comprendre\" data-fig-type=\"Topic\" data-gtm-custom-categorie=\"navigation\" data-gtm-custom-action=\"crossclick\" data-gtm-custom-label=\"Contextuel\" data-gtm-event=\"customEventSPE\" data-fig-domain=\"LEFIGARO\" rel=\"nofollow noopener\" target=\"_blank\">Groenland\u00a0<\/a>le 6 f\u00e9vrier, a annonc\u00e9 mercredi le chef de la diplomatie fran\u00e7aise, \u00abun signal politique\u00bb alors que ce territoire autonome danois est convoit\u00e9 par le pr\u00e9sident am\u00e9ricain Donald Trump. La d\u00e9cision d&rsquo;y ouvrir un consulat avait \u00e9t\u00e9 prise l&rsquo;\u00e9t\u00e9 dernier, lorsque le pr\u00e9sident Emmanuel Macron s&rsquo;y \u00e9tait rendu, a rappel\u00e9\u00a0<a href=\"http:\/\/www.lefigaro.fr\/international\/la-repression-la-plus-violente-dans-l-histoire-contemporaine-de-l-iran-jean-noel-barrot-denonce-l-attitude-du-regime-des-mollahs-contre-les-manifestants-20260114\" data-fig-type=\"NewsFlash\" data-gtm-custom-categorie=\"navigation\" data-gtm-custom-action=\"crossclick\" data-gtm-custom-label=\"Contextuel\" data-gtm-event=\"customEventSPE\" data-fig-domain=\"LEFIGARO\" rel=\"nofollow noopener\" target=\"_blank\">Jean-No\u00ebl Barrot<\/a>\u00a0sur RTL. \u00abJe m&rsquo;y suis rendu pour ma part \u00e0 la fin du mois d&rsquo;ao\u00fbt pour pr\u00e9figurer ce consulat qui sera install\u00e9 le 6 f\u00e9vrier\u00bb, a-t-il ajout\u00e9. \u00abC&rsquo;est un signal politique qui s&rsquo;associe \u00e0 une volont\u00e9 d&rsquo;\u00eatre plus pr\u00e9sent au Groenland, y compris dans le domaine scientifique\u00bb.<\/p>\n<p class=\"fig-paragraph\">Il a enfin martel\u00e9 que le Groenland n&rsquo;\u00e9tait pas \u00e0 vendre. \u00abLe Groenland ne veut ni \u00eatre poss\u00e9d\u00e9, ni \u00eatre gouvern\u00e9, ni\u00e9, ni \u00eatre int\u00e9gr\u00e9 par les Etats-Unis. Le Groenland a fait le choix du Danemark, le choix de l&rsquo;Otan et le choix de l&rsquo;Union\u00bb, a-t-il \u00e9galement comment\u00e9. \u00abS&rsquo;il s&rsquo;agit de s&rsquo;en emparer autrement qu&rsquo;on achetant le Groenland, bien \u00e9videmment, \u00e7a para\u00eet \u00e9videmment tr\u00e8s incongru parce que pour un membre de l&rsquo;Otan, cette alliance de s\u00e9curit\u00e9 qui, depuis presque 80 ans, associe l&rsquo;Am\u00e9rique du Nord avec l&rsquo;Europe, s&rsquo;en prendre \u00e0 un autre membre de l&rsquo;Otan, \u00e7a n&rsquo;aurait aucun sens, ce serait contraire m\u00eame aux int\u00e9r\u00eats des \u00c9tats-Unis\u00bb, a-t-il dit.<\/p>\n<p>                                            <a class=\"fig-a11y-skip\" href=\"#fig-a11y-skip-main-inarticle\" data-module=\"a11y-skip\" data-context=\"was @visible\"><br \/>\n    Passer la publicit\u00e9<br \/>\n<\/a>            <\/p>\n<p>                                            Un entretien sous haute tension ce mercredi<\/p>\n<p class=\"fig-paragraph\">\u00abCe chantage doit naturellement cesser\u00bb, a-t-il ajout\u00e9. Ces propos interviennent alors que les chefs de la diplomatie danoise et groenlandaise sont attendus mercredi \u00e0 la Maison Blanche pour un entretien sous haute tension visant \u00e0 d\u00e9samorcer la crise autour du Groenland. Depuis son retour au pouvoir, il y a pr\u00e8s d&rsquo;un an, le pr\u00e9sident am\u00e9ricain \u00e9voque r\u00e9guli\u00e8rement la possibilit\u00e9 de prendre le contr\u00f4le de cette immense \u00eele arctique, strat\u00e9gique mais peu peupl\u00e9e.<\/p>\n<p class=\"fig-paragraph\">Ses menaces ont redoubl\u00e9 depuis la capture d\u00e9but janvier du pr\u00e9sident v\u00e9n\u00e9zu\u00e9lien Nicolas Maduro. Le ministre danois des Affaires \u00e9trang\u00e8res, Lars L\u00f8kke Rasmussen, avait sollicit\u00e9 cet entretien avec le secr\u00e9taire d&rsquo;Etat, Marco Rubio. La r\u00e9union aura finalement lieu \u00e0 la Maison Blanche, le vice-pr\u00e9sident, JD Vance, ayant demand\u00e9 \u00e0 y participer.<\/p>\n","protected":false},"excerpt":{"rendered":"\u00abLe Groenland ne veut ni \u00eatre poss\u00e9d\u00e9, ni \u00eatre gouvern\u00e9, ni\u00e9, ni \u00eatre int\u00e9gr\u00e9 par les Etats-Unis. Le&hellip;\n","protected":false},"author":2,"featured_media":662827,"comment_status":"","ping_status":"","sticky":false,"template":"","format":"standard","meta":{"footnotes":"","_share_on_mastodon":"0"},"categories":[5],"tags":[11,16639,1011,27,146,14,2121,12,28],"class_list":["post-662826","post","type-post","status-publish","format-standard","has-post-thumbnail","category-international","tag-actualites","tag-consulat","tag-fr","tag-france","tag-groenland","tag-international","tag-jean-noel-barrot","tag-news","tag-world"],"share_on_mastodon":{"url":"https:\/\/pubeurope.com\/@fr\/115893299084757502","error":""},"_links":{"self":[{"href":"https:\/\/www.europesays.com\/fr\/wp-json\/wp\/v2\/posts\/662826","targetHints":{"allow":["GET"]}}],"collection":[{"href":"https:\/\/www.europesays.com\/fr\/wp-json\/wp\/v2\/posts"}],"about":[{"href":"https:\/\/www.europesays.com\/fr\/wp-json\/wp\/v2\/types\/post"}],"author":[{"embeddable":true,"href":"https:\/\/www.europesays.com\/fr\/wp-json\/wp\/v2\/users\/2"}],"replies":[{"embeddable":true,"href":"https:\/\/www.europesays.com\/fr\/wp-json\/wp\/v2\/comments?post=662826"}],"version-history":[{"count":0,"href":"https:\/\/www.europesays.com\/fr\/wp-json\/wp\/v2\/posts\/662826\/revisions"}],"wp:featuredmedia":[{"embeddable":true,"href":"https:\/\/www.europesays.com\/fr\/wp-json\/wp\/v2\/media\/662827"}],"wp:attachment":[{"href":"https:\/\/www.europesays.com\/fr\/wp-json\/wp\/v2\/media?parent=662826"}],"wp:term":[{"taxonomy":"category","embeddable":true,"href":"https:\/\/www.europesays.com\/fr\/wp-json\/wp\/v2\/categories?post=662826"},{"taxonomy":"post_tag","embeddable":true,"href":"https:\/\/www.europesays.com\/fr\/wp-json\/wp\/v2\/tags?post=662826"}],"curies":[{"name":"wp","href":"https:\/\/api.w.org\/{rel}","templated":true}]}}