{"id":66283,"date":"2025-05-01T06:43:09","date_gmt":"2025-05-01T06:43:09","guid":{"rendered":"https:\/\/www.europesays.com\/fr\/66283\/"},"modified":"2025-05-01T06:43:09","modified_gmt":"2025-05-01T06:43:09","slug":"israel-la-ville-de-jerusalem-menacee-par-plusieurs-incendies-importants-la-france-envoie-de-laide","status":"publish","type":"post","link":"https:\/\/www.europesays.com\/fr\/66283\/","title":{"rendered":"Isra\u00ebl. La ville de J\u00e9rusalem menac\u00e9e par plusieurs incendies importants, la France envoie de l&rsquo;aide"},"content":{"rendered":"<p>Ce sont les incendies les plus importants dans la r\u00e9gion ces derni\u00e8res ann\u00e9es. Le Premier ministre isra\u00e9lien <a href=\"https:\/\/www.ledauphine.com\/p\/benjamin-netanyahu\" target=\"_blank\" rel=\"noopener\">Benjamin Netanyahou<\/a> a averti mercredi que les diff\u00e9rents feux de for\u00eat qui se propagent rapidement pr\u00e8s de J\u00e9rusalem pourraient atteindre la ville.<\/p>\n<p>Ce contenu est bloqu\u00e9 car vous n&rsquo;avez pas accept\u00e9 les cookies et autres traceurs.<\/p>\n<p>En cliquant sur \u00ab J\u2019accepte \u00bb, les cookies et autres traceurs seront d\u00e9pos\u00e9s et vous pourrez visualiser les contenus  (<a href=\"\" class=\"consentModule_policy\" target=\"_blank\" title=\"Consulter la politique de protection des donn\u00e9es du fournisseur\">plus d&rsquo;informations<\/a>).<\/p>\n<p>En cliquant sur \u00ab J\u2019accepte tous les cookies \u00bb, vous autorisez des d\u00e9p\u00f4ts de cookies et autres traceurs pour le stockage de vos donn\u00e9es sur nos sites et applications \u00e0 des fins de personnalisation et de ciblage publicitaire.<\/p>\n<p class=\"consentModule_secondaryText\">Vous gardez la possibilit\u00e9 de retirer votre consentement \u00e0 tout moment en consultant notre <a href=\"https:\/\/www.ledauphine.com\/protection-des-donnees\" target=\"_blank\" title=\"Consulter notre politique de protection des donn\u00e9es\" rel=\"noopener\">politique de protection des donn\u00e9es<\/a>. <br \/>&#13;<br \/>\n            <a href=\"https:\/\/www.ledauphine.com\/environnement\/2025\/05\/01\/javascript:Didomi.notice.show()\" class=\"consentModule_cmp\" target=\"_blank\" rel=\"noopener\">G\u00e9rer mes choix<\/a>&#13;\n        <\/p>\n<p>&#13;<br \/>\n                        J&rsquo;accepte&#13;<br \/>\n            J&rsquo;accepte tous les cookies&#13;\n        <\/p>\n<p>\u00ab Le vent d&rsquo;ouest peut facilement pousser l&rsquo;incendie vers les quartiers en p\u00e9riph\u00e9rie de (J\u00e9rusalem), voire jusque dans la ville elle-m\u00eame \u00bb, a d\u00e9clar\u00e9 Benjamin Netanyahou, dans une vid\u00e9o diffus\u00e9e par son bureau. \u00ab Actuellement, la priorit\u00e9 est de d\u00e9fendre J\u00e9rusalem \u00bb, a-t-il ajout\u00e9, faisant \u00e9tat d&rsquo;une \u00ab situation d&rsquo;urgence nationale \u00bb.<\/p>\n<p>Plusieurs bless\u00e9s l\u00e9gers<\/p>\n<p>L\u2019arm\u00e9e a \u00e9t\u00e9 d\u00e9ploy\u00e9e, des routes ferm\u00e9es et au moins 23 personnes l\u00e9g\u00e8rement bless\u00e9es. Le seuil d&rsquo;alerte a \u00e9t\u00e9 relev\u00e9 \u00e0 son niveau maximal.<\/p>\n<p>Les flammes d\u00e9vorent des zones bois\u00e9es pr\u00e8s de la route reliant Latrun \u00e0 Bet Shemesh o\u00f9 plusieurs h\u00e9licopt\u00e8res s&rsquo;efforcent de les \u00e9teindre. De nombreux conducteurs ont abandonn\u00e9 leur v\u00e9hicule au milieu de la route et pris la fuite.<\/p>\n<p>Ce contenu est bloqu\u00e9 car vous n&rsquo;avez pas accept\u00e9 les cookies et autres traceurs.<\/p>\n<p>En cliquant sur \u00ab J\u2019accepte \u00bb, les cookies et autres traceurs seront d\u00e9pos\u00e9s et vous pourrez visualiser les contenus  (<a href=\"\" class=\"consentModule_policy\" target=\"_blank\" title=\"Consulter la politique de protection des donn\u00e9es du fournisseur\">plus d&rsquo;informations<\/a>).<\/p>\n<p>En cliquant sur \u00ab J\u2019accepte tous les cookies \u00bb, vous autorisez des d\u00e9p\u00f4ts de cookies et autres traceurs pour le stockage de vos donn\u00e9es sur nos sites et applications \u00e0 des fins de personnalisation et de ciblage publicitaire.<\/p>\n<p class=\"consentModule_secondaryText\">Vous gardez la possibilit\u00e9 de retirer votre consentement \u00e0 tout moment en consultant notre <a href=\"https:\/\/www.ledauphine.com\/protection-des-donnees\" target=\"_blank\" title=\"Consulter notre politique de protection des donn\u00e9es\" rel=\"noopener\">politique de protection des donn\u00e9es<\/a>. <br \/>&#13;<br \/>\n            <a href=\"https:\/\/www.ledauphine.com\/environnement\/2025\/05\/01\/javascript:Didomi.notice.show()\" class=\"consentModule_cmp\" target=\"_blank\" rel=\"noopener\">G\u00e9rer mes choix<\/a>&#13;\n        <\/p>\n<p>&#13;<br \/>\n                        J&rsquo;accepte&#13;<br \/>\n            J&rsquo;accepte tous les cookies&#13;\n        <\/p>\n<p>  Des renforts fran\u00e7ais et europ\u00e9ens<\/p>\n<p>Le pr\u00e9sident fran\u00e7ais <a href=\"https:\/\/www.ledauphine.com\/p\/emmanuel-macron\" target=\"_blank\" rel=\"noopener\">Emmanuel Macron<\/a> a fait part de la solidarit\u00e9 de la France avec Isra\u00ebl et a propos\u00e9 \u00ab un soutien mat\u00e9riel \u00bb au pays face aux incendies d\u00e9vastateurs. Un avion fran\u00e7ais devrait bient\u00f4t arriver, ainsi que deux espagnols, ainsi que trois italiens et croates.<\/p>\n<p>Le ministre isra\u00e9lien de la S\u00e9curit\u00e9 nationale Itamar Ben Gvir a laiss\u00e9 entendre que les incendies pourraient \u00eatre d&rsquo;origine criminelle.<\/p>\n<p>La mairie de J\u00e9rusalem a annul\u00e9 tous les \u00e9v\u00e9nements pr\u00e9vus mercredi soir dans la ville pour la f\u00eate nationale du Jour de l&rsquo;Ind\u00e9pendance. <\/p>\n","protected":false},"excerpt":{"rendered":"Ce sont les incendies les plus importants dans la r\u00e9gion ces derni\u00e8res ann\u00e9es. Le Premier ministre isra\u00e9lien Benjamin&hellip;\n","protected":false},"author":2,"featured_media":66284,"comment_status":"","ping_status":"","sticky":false,"template":"","format":"standard","meta":{"footnotes":""},"categories":[4],"tags":[11,9323,274,107,1011,27,329,12,25],"class_list":{"0":"post-66283","1":"post","2":"type-post","3":"status-publish","4":"format-standard","5":"has-post-thumbnail","7":"category-france","8":"tag-actualites","9":"tag-catastrophes","10":"tag-faits-divers-justice","11":"tag-fil-info","12":"tag-fr","13":"tag-france","14":"tag-france-monde","15":"tag-news","16":"tag-republique-francaise"},"share_on_mastodon":{"url":"https:\/\/pubeurope.com\/@fr\/114431223888216827","error":""},"_links":{"self":[{"href":"https:\/\/www.europesays.com\/fr\/wp-json\/wp\/v2\/posts\/66283","targetHints":{"allow":["GET"]}}],"collection":[{"href":"https:\/\/www.europesays.com\/fr\/wp-json\/wp\/v2\/posts"}],"about":[{"href":"https:\/\/www.europesays.com\/fr\/wp-json\/wp\/v2\/types\/post"}],"author":[{"embeddable":true,"href":"https:\/\/www.europesays.com\/fr\/wp-json\/wp\/v2\/users\/2"}],"replies":[{"embeddable":true,"href":"https:\/\/www.europesays.com\/fr\/wp-json\/wp\/v2\/comments?post=66283"}],"version-history":[{"count":0,"href":"https:\/\/www.europesays.com\/fr\/wp-json\/wp\/v2\/posts\/66283\/revisions"}],"wp:featuredmedia":[{"embeddable":true,"href":"https:\/\/www.europesays.com\/fr\/wp-json\/wp\/v2\/media\/66284"}],"wp:attachment":[{"href":"https:\/\/www.europesays.com\/fr\/wp-json\/wp\/v2\/media?parent=66283"}],"wp:term":[{"taxonomy":"category","embeddable":true,"href":"https:\/\/www.europesays.com\/fr\/wp-json\/wp\/v2\/categories?post=66283"},{"taxonomy":"post_tag","embeddable":true,"href":"https:\/\/www.europesays.com\/fr\/wp-json\/wp\/v2\/tags?post=66283"}],"curies":[{"name":"wp","href":"https:\/\/api.w.org\/{rel}","templated":true}]}}