{"id":662844,"date":"2026-01-14T12:00:09","date_gmt":"2026-01-14T12:00:09","guid":{"rendered":"https:\/\/www.europesays.com\/fr\/662844\/"},"modified":"2026-01-14T12:00:09","modified_gmt":"2026-01-14T12:00:09","slug":"pres-de-rouen-un-jeune-conducteur-tente-de-semer-la-police-mais-il-est-vite-rattrape","status":"publish","type":"post","link":"https:\/\/www.europesays.com\/fr\/662844\/","title":{"rendered":"Pr\u00e8s de Rouen, un jeune conducteur tente de semer la police mais il est vite rattrap\u00e9"},"content":{"rendered":"<p>                    Par<br \/>\n        <strong><br \/>\n            <a href=\"https:\/\/actu.fr\/auteur\/fmass\" title=\"Consulter tous les articles de Fabien Massin\" target=\"_blank\" rel=\"noopener\">Fabien Massin<\/a><br \/>\n                    <\/strong><\/p>\n<p>        Publi\u00e9 le<\/p>\n<p>            14 janv. 2026 \u00e0 11h38        <\/p>\n<p>La course-poursuite a tourn\u00e9 court. Mercredi 14\u00a0janvier 2026, peu apr\u00e8s minuit, une voiture est aper\u00e7ue en train de rouler \u00e0 vive allure \u00e0<a href=\"https:\/\/actu.fr\/normandie\/saint-etienne-du-rouvray_76575\" target=\"_blank\" rel=\"noopener\"> Saint-\u00c9tienne-du-Rouvray (Seine-Maritime)<\/a>, apprend-on de source polici\u00e8re.<\/p>\n<p class=\" wall-content\">Nous sommes rue de Paris, une patrouille de police s\u2019approche de la voiture mais le conducteur prend la fuite, <strong>grillant plusieurs feux rouges dans sa course<\/strong>.<\/p>\n<p>Un stop stick pour immobiliser la voiture<\/p>\n<p class=\" wall-content\">Une \u00e9quipe de la Bac (brigade anticriminalit\u00e9) est appel\u00e9e en renfort, celle-ci stoppe le fuyard en utilisant un dispositif <strong>Diva (dispositif d\u2019interception des v\u00e9hicules automobiles)<\/strong>, aussi appel\u00e9 \u00ab\u2009stop stick\u2009\u00bb.<\/p>\n<p class=\" wall-content\">Le conducteur est interpell\u00e9, il s\u2019agit d\u2019un habitant de Saint-\u00c9tienne-du-Rouvray tout juste \u00e2g\u00e9 de 18\u00a0ans. Le d\u00e9pistage r\u00e9v\u00e8le qu\u2019il est positif au THC. Il est ainsi plac\u00e9 en garde \u00e0 vue pour refus d\u2019obtemp\u00e9rer et conduite apr\u00e8s usage de stup\u00e9fiants. Et sa voiture a \u00e9t\u00e9 plac\u00e9e en fourri\u00e8re.<\/p>\n<p>Suivez l\u2019actualit\u00e9 de Rouen sur notre <a href=\"https:\/\/www.whatsapp.com\/channel\/0029VaKfnf99hXF2ddApFB1D\" target=\"_blank\" rel=\"noopener\">cha\u00eene WhatsApp<\/a> et sur notre <a href=\"https:\/\/www.tiktok.com\/@76actu.fr?lang=fr\" target=\"_blank\" rel=\"noopener\">compte TikTok<\/a><\/p>\n<p class=\" wall-content\">Personnalisez votre actualit\u00e9 en ajoutant vos villes et m\u00e9dias en favori avec <a href=\"https:\/\/moncompte.actu.fr\" title=\"D\u00e9couvez Mon Actu\" rel=\"nofollow noopener\" data-trk=\"{&quot;cta&quot;:{&quot;action&quot;:&quot;https:\\\/\\\/moncompte.actu.fr&quot;,&quot;category&quot;:&quot;mon compte&quot;,&quot;from&quot;:&quot;article footer&quot;,&quot;name&quot;:&quot;Mon actu&quot;,&quot;type&quot;:&quot;cta&quot;}}\" target=\"_blank\">Mon Actu<\/a>.<\/p>\n<p>                    <script async src=\"\/\/www.tiktok.com\/embed.js\"><\/script><\/p>\n","protected":false},"excerpt":{"rendered":"Par Fabien Massin Publi\u00e9 le 14 janv. 2026 \u00e0 11h38 La course-poursuite a tourn\u00e9 court. Mercredi 14\u00a0janvier 2026,&hellip;\n","protected":false},"author":2,"featured_media":662845,"comment_status":"","ping_status":"","sticky":false,"template":"","format":"standard","meta":{"footnotes":""},"categories":[9587],"tags":[1111,11,1052,1777,674,118,1011,27,12,5161,1072,25,9590],"class_list":{"0":"post-662844","1":"post","2":"type-post","3":"status-publish","4":"format-standard","5":"has-post-thumbnail","7":"category-rouen","8":"tag-actu","9":"tag-actualites","10":"tag-drogue","11":"tag-eu","12":"tag-europe","13":"tag-faits-divers","14":"tag-fr","15":"tag-france","16":"tag-news","17":"tag-normandie","18":"tag-police","19":"tag-republique-francaise","20":"tag-rouen"},"share_on_mastodon":{"url":"https:\/\/pubeurope.com\/@fr\/115893346395481785","error":""},"_links":{"self":[{"href":"https:\/\/www.europesays.com\/fr\/wp-json\/wp\/v2\/posts\/662844","targetHints":{"allow":["GET"]}}],"collection":[{"href":"https:\/\/www.europesays.com\/fr\/wp-json\/wp\/v2\/posts"}],"about":[{"href":"https:\/\/www.europesays.com\/fr\/wp-json\/wp\/v2\/types\/post"}],"author":[{"embeddable":true,"href":"https:\/\/www.europesays.com\/fr\/wp-json\/wp\/v2\/users\/2"}],"replies":[{"embeddable":true,"href":"https:\/\/www.europesays.com\/fr\/wp-json\/wp\/v2\/comments?post=662844"}],"version-history":[{"count":0,"href":"https:\/\/www.europesays.com\/fr\/wp-json\/wp\/v2\/posts\/662844\/revisions"}],"wp:featuredmedia":[{"embeddable":true,"href":"https:\/\/www.europesays.com\/fr\/wp-json\/wp\/v2\/media\/662845"}],"wp:attachment":[{"href":"https:\/\/www.europesays.com\/fr\/wp-json\/wp\/v2\/media?parent=662844"}],"wp:term":[{"taxonomy":"category","embeddable":true,"href":"https:\/\/www.europesays.com\/fr\/wp-json\/wp\/v2\/categories?post=662844"},{"taxonomy":"post_tag","embeddable":true,"href":"https:\/\/www.europesays.com\/fr\/wp-json\/wp\/v2\/tags?post=662844"}],"curies":[{"name":"wp","href":"https:\/\/api.w.org\/{rel}","templated":true}]}}