{"id":662846,"date":"2026-01-14T12:01:11","date_gmt":"2026-01-14T12:01:11","guid":{"rendered":"https:\/\/www.europesays.com\/fr\/662846\/"},"modified":"2026-01-14T12:01:11","modified_gmt":"2026-01-14T12:01:11","slug":"on-prone-la-normandie","status":"publish","type":"post","link":"https:\/\/www.europesays.com\/fr\/662846\/","title":{"rendered":"\u00ab On pr\u00f4ne la Normandie \u00bb"},"content":{"rendered":"<p>                    Par<br \/>\n        <strong><br \/>\n            <a href=\"https:\/\/actu.fr\/auteur\/jessie-leclerc\" title=\"Consulter tous les articles de Jessie Leclerc\" target=\"_blank\" rel=\"noopener\">Jessie Leclerc<\/a><br \/>\n                    <\/strong><\/p>\n<p>        Publi\u00e9 le<\/p>\n<p>            14 janv. 2026 \u00e0 11h24        <\/p>\n<p>Ils poussent comme des champignons. Les restaurants de <strong>la cha\u00eene normande Burger Factory<\/strong> sont de plus en plus nombreux dans la r\u00e9gion. L\u2019enseigne s\u2019appr\u00eate \u00e0 ouvrir son douzi\u00e8me \u00e9tablissement \u00e0 Saint-\u00c9tienne-du-Rouvray, pr\u00e8s <a href=\"https:\/\/actu.fr\/normandie\/rouen_76540\" target=\"_blank\" rel=\"noopener\">de Rouen (Seine-Maritime)<\/a>, d\u2019ici la <strong>fin f\u00e9vrier\u00a02026<\/strong>.<\/p>\n<p>Un concept qui gagne du terrain<\/p>\n<p class=\" wall-content\">Depuis 2018, les restaurants Burger Factory se sont progressivement<strong> implant\u00e9s en Seine-Maritime et dans l\u2019Eure<\/strong>. Et leur d\u00e9veloppement semble bien<strong> loin de s\u2019arr\u00eater<\/strong>. En 2025, l\u2019enseigne a connu un v\u00e9ritable coup de boost <a href=\"https:\/\/actu.fr\/normandie\/eslettes_76245\/ces-restos-de-burgers-conquierent-la-seine-maritime-on-prevoit-d-en-ouvrir-six-nouveaux-d-ici-2026_62141962.html\" target=\"_blank\" rel=\"noopener\">avec quatre nouvelles ouvertures<\/a>. \u00ab\u2009On en est \u00e0 environ une tous les trois mois\u2009\u00bb, affirme Baptiste Demuynck, fondateur de la cha\u00eene.<\/p>\n<blockquote class=\"ac-article-quote wall-content\">\n<p>On a toujours l&rsquo;envie de s&rsquo;\u00e9tendre. C&rsquo;est un effet boule de neige depuis 2025. Sans pr\u00e9tention, on ne cherche m\u00eame plus d&rsquo;endroit o\u00f9 s&rsquo;implanter, mais on vient nous chercher.<\/p>\n<p>    <strong>Baptiste Demuynck,<\/strong><br \/>\n        fondateur de Burger Factory    <\/p><\/blockquote>\n<p class=\" wall-content\"><a href=\"https:\/\/actu.fr\/normandie\/deville-les-rouen_76216\/a-25-ans-il-amene-le-sud-dans-son-nouveau-restaurant-a-deville-les-rouen_63373820.html\" target=\"_blank\" rel=\"noopener\">Le restaurateur<\/a> pr\u00e9voit d\u00e9j\u00e0<strong> quatre restaurants suppl\u00e9mentaires en 2026<\/strong>, dont <a href=\"https:\/\/actu.fr\/normandie\/honfleur_14333\/honfleur-burger-factory-va-ouvrir-son-1er-restaurant-dans-le-calvados-et-generer-une-quinzaine-demplois_63683347.html\" target=\"_blank\" rel=\"noopener\">un \u00e0 Honfleur<\/a>, le premier du Calvados, puis <strong>autant en 2027<\/strong>. Si le calendrier est respect\u00e9, Burger Factory pourrait passer la barre symbolique des 20 \u00e9tablissements dans les deux prochaines ann\u00e9es.<\/p>\n<p>\u00ab\u2009On pr\u00f4ne la Normandie\u2009\u00bb<\/p>\n<p class=\" wall-content\">Pas question pour autant de s\u2019\u00e9loigner de la r\u00e9gion. Baptiste souhaite <strong>rester en Normandie<\/strong>. \u00ab\u2009On ne va pas \u00e0 plus d\u2019une heure de route du si\u00e8ge\u2009\u00bb, explique-t-il. \u00ab\u2009On reste dans la m\u00eame lign\u00e9e. On <a href=\"https:\/\/actu.fr\/normandie\/rouen_76540\/ce-restaurant-de-rouen-veut-mettre-en-valeur-les-produits-normands-dans-une-ambiance-cosy_63680339.html\" target=\"_blank\" rel=\"noopener\">pr\u00f4ne la Normandie<\/a>\u2009\u00bb, insiste le g\u00e9rant.<\/p>\n<p class=\" wall-content\">Et il fait en sorte que cela se ressente jusque dans l\u2019assiette.<\/p>\n<p>Vid\u00e9os : en ce moment sur Actu<\/p>\n<p class=\" wall-content\">\u00ab\u2009\u00c0 l\u2019ouverture d\u2019un restaurant \u00e0 Neufch\u00e2tel, on a sorti <strong>un burger au neufch\u00e2tel<\/strong> et on a eu la surprise de voir qu\u2019il a eu beaucoup de succ\u00e8s\u2009\u00bb, s\u2019\u00e9tonne Baptiste. \u00ab\u2009Donc on a d\u00e9cid\u00e9 de le proposer dans l\u2019ensemble de nos restaurants.\u2009\u00bb<\/p>\n<p>L\u2019Avenue des Canadiens, une zone strat\u00e9gique\u2009?<\/p>\n<p class=\" wall-content\">S\u2019il installe d\u00e9sormais \u00e0 Saint-\u00c9tienne-du-Rouvray, ce n\u2019est pas un hasard. \u00ab\u2009La rive gauche de Rouen est une zone creuse pour nous\u2009\u00bb, avoue Baptiste. \u00ab\u2009Notre restaurant le plus proche est \u00e0 35-40\u00a0minutes.\u2009\u00bb<\/p>\n<p>Votre r\u00e9gion, votre actu !<\/p>\n<p>Recevez chaque jour les infos qui comptent pour vous.<\/p>\n<p>\t<a href=\"https:\/\/actu.fr\/newsletter\" class=\"ac-btn ac-btn--corner ac-btn--medium ac-btn--blue800\" target=\"_blank\" rel=\"noopener\">S&rsquo;incrire<\/a><\/p>\n<p>    <img   decoding=\"async\" loading=\"lazy\" src=\"https:\/\/www.europesays.com\/fr\/wp-content\/uploads\/2026\/01\/burger-factory-eslettes-960x640.jpg\" alt=\"Baptiste Demuynck, fondateur de la marque lorsque nous l'avions rencontr\u00e9 en janvier 2025, \u00e0 Eslettes.\" width=\"960\" height=\"640\"\/><br \/>\n    Baptiste Demuynck, fondateur de la marque lorsque nous l\u2019avions rencontr\u00e9 en janvier\u00a02025, \u00e0 Eslettes. (\u00a9Archive\/JL\/76actu)<\/p>\n<p class=\" wall-content\">Dans l\u2019Avenue des Canadiens, le nouvel \u00e9tablissement de Baptiste prend la place de <a href=\"https:\/\/actu.fr\/normandie\/saint-etienne-du-rouvray_76575\/un-incendie-ravage-restaurant-pres-zenith-rouen_11333364.html\" target=\"_blank\" rel=\"noopener\">l\u2019ex Hippopotamus<\/a> et il n\u2019en est pas peu fier\u2009: \u00ab\u2009On est dans <strong>une grosse art\u00e8re rouennaise<\/strong> avec pas mal de monde autour, mais o\u00f9 il n\u2019y a pas vraiment de fast-food gourmets. Et on est proche du Z\u00e9nith et du stade [Robert-Diochon]\u2009\u00bb, se r\u00e9jouit-il.<\/p>\n<p>160 places assises, une quinzaine de salari\u00e9s<\/p>\n<p class=\" wall-content\">Avec 350\u00a0m2 pourvus de <strong>160 places assises<\/strong>, le restaurant est plus grand que ses a\u00een\u00e9s. Mais si la taille change, les prix restent les m\u00eames, entre 10,90 et 13,30\u00a0euros le menu.<\/p>\n<p class=\" wall-content\"><strong>Une quinzaine de salari\u00e9s<\/strong> y travailleront. \u00ab\u2009On essaie d\u2019avoir le moins de turnover possible. On veut que les gens restent longtemps.\u2009\u00bb Pour ce faire, il mise sur la semaine de quatre jours. \u00ab\u2009Je sais que les coupures ce n\u2019est pas \u00e9vident, alors on essaie au maximum de donner trois jours de repos.\u2009\u00bb<\/p>\n<p><strong>Infos Pratiques<\/strong><br \/>15 Av. des Canadiens, 76800 Saint-\u00c9tienne-du-Rouvray. Ouvert 7j sur 7 de 11h \u00e0 14h30 et de 18h \u00e0 22h30.<\/p>\n<p>Suivez l\u2019actualit\u00e9 de Rouen <a href=\"https:\/\/www.whatsapp.com\/channel\/0029VaKfnf99hXF2ddApFB1D\" target=\"_blank\" rel=\"noopener\">sur notre cha\u00eene WhatsApp<\/a> et <a href=\"https:\/\/www.tiktok.com\/@76actu.fr?lang=fr\" target=\"_blank\" rel=\"noopener\">sur notre compte TikTok<\/a><\/p>\n<p class=\" wall-content\">Personnalisez votre actualit\u00e9 en ajoutant vos villes et m\u00e9dias en favori avec <a href=\"https:\/\/moncompte.actu.fr\" title=\"D\u00e9couvez Mon Actu\" rel=\"nofollow noopener\" data-trk=\"{&quot;cta&quot;:{&quot;action&quot;:&quot;https:\\\/\\\/moncompte.actu.fr&quot;,&quot;category&quot;:&quot;mon compte&quot;,&quot;from&quot;:&quot;article footer&quot;,&quot;name&quot;:&quot;Mon actu&quot;,&quot;type&quot;:&quot;cta&quot;}}\" target=\"_blank\">Mon Actu<\/a>.<\/p>\n<p>                    <script async src=\"\/\/www.tiktok.com\/embed.js\"><\/script><\/p>\n","protected":false},"excerpt":{"rendered":"Par Jessie Leclerc Publi\u00e9 le 14 janv. 2026 \u00e0 11h24 Ils poussent comme des champignons. Les restaurants de&hellip;\n","protected":false},"author":2,"featured_media":662847,"comment_status":"","ping_status":"","sticky":false,"template":"","format":"standard","meta":{"footnotes":""},"categories":[9587],"tags":[1111,11,9086,1777,674,1011,27,12,5161,3147,25,1340,9590,104],"class_list":{"0":"post-662846","1":"post","2":"type-post","3":"status-publish","4":"format-standard","5":"has-post-thumbnail","7":"category-rouen","8":"tag-actu","9":"tag-actualites","10":"tag-bon-plan-a-rouen","11":"tag-eu","12":"tag-europe","13":"tag-fr","14":"tag-france","15":"tag-news","16":"tag-normandie","17":"tag-nouveaux-commerces","18":"tag-republique-francaise","19":"tag-restaurant","20":"tag-rouen","21":"tag-societe"},"share_on_mastodon":{"url":"https:\/\/pubeurope.com\/@fr\/115893350166219066","error":""},"_links":{"self":[{"href":"https:\/\/www.europesays.com\/fr\/wp-json\/wp\/v2\/posts\/662846","targetHints":{"allow":["GET"]}}],"collection":[{"href":"https:\/\/www.europesays.com\/fr\/wp-json\/wp\/v2\/posts"}],"about":[{"href":"https:\/\/www.europesays.com\/fr\/wp-json\/wp\/v2\/types\/post"}],"author":[{"embeddable":true,"href":"https:\/\/www.europesays.com\/fr\/wp-json\/wp\/v2\/users\/2"}],"replies":[{"embeddable":true,"href":"https:\/\/www.europesays.com\/fr\/wp-json\/wp\/v2\/comments?post=662846"}],"version-history":[{"count":0,"href":"https:\/\/www.europesays.com\/fr\/wp-json\/wp\/v2\/posts\/662846\/revisions"}],"wp:featuredmedia":[{"embeddable":true,"href":"https:\/\/www.europesays.com\/fr\/wp-json\/wp\/v2\/media\/662847"}],"wp:attachment":[{"href":"https:\/\/www.europesays.com\/fr\/wp-json\/wp\/v2\/media?parent=662846"}],"wp:term":[{"taxonomy":"category","embeddable":true,"href":"https:\/\/www.europesays.com\/fr\/wp-json\/wp\/v2\/categories?post=662846"},{"taxonomy":"post_tag","embeddable":true,"href":"https:\/\/www.europesays.com\/fr\/wp-json\/wp\/v2\/tags?post=662846"}],"curies":[{"name":"wp","href":"https:\/\/api.w.org\/{rel}","templated":true}]}}