{"id":662852,"date":"2026-01-14T12:06:11","date_gmt":"2026-01-14T12:06:11","guid":{"rendered":"https:\/\/www.europesays.com\/fr\/662852\/"},"modified":"2026-01-14T12:06:11","modified_gmt":"2026-01-14T12:06:11","slug":"la-ministre-aurore-berge-en-visite-a-rennes-et-dans-le-pays-de-morlaix-pour-le-lancement-de-talents-de-france","status":"publish","type":"post","link":"https:\/\/www.europesays.com\/fr\/662852\/","title":{"rendered":"La ministre Aurore Berg\u00e9 en visite \u00e0 Rennes et dans le pays de Morlaix pour le lancement de Talents de France"},"content":{"rendered":"<p>Ministre de l\u2019\u00c9galit\u00e9 entre les femmes et les hommes et de la Lutte contre les discriminations, Aurore Berg\u00e9 passera deux jours en Bretagne, jeudi 15 et vendredi 16 janvier 2026, dans le cadre du lancement op\u00e9rationnel de Talents de France., qui vise \u00e0 lutter contre les discriminations et \u00e0 garantir l\u2019acc\u00e8s \u00e0 l\u2019emploi.<\/p>\n<p>Rencontrer les structures de proximit\u00e9 et les entreprises<\/p>\n<p>La ministre se rendra jeudi dans le quartier prioritaire de Maurepas, \u00e0 Rennes, ainsi qu\u2019\u00e0 Saint-Jacques-de-la-Lande, pour rencontrer des structures de proximit\u00e9 \u0153uvrant en faveur de l\u2019insertion professionnelle, de l\u2019accompagnement des publics \u00e9loign\u00e9s de l\u2019emploi et du lien entre habitants, entreprises et territoires.<\/p>\n<p>Vendredi, c\u2019est \u00e0 la boulangerie Can\u00e9vet de Saint-Th\u00e9gonnec-Loc-Eguiner, entreprise engag\u00e9e qui d\u00e9veloppe des immersions professionnelles \u00e0 destination des publics \u00e9loign\u00e9s de l\u2019emploi, qu\u2019elle se rendra. Aurore Berg\u00e9 \u00e9changera avec les \u00e9quipes sur leur engagement soci\u00e9tal en faveur de l\u2019inclusion et leur ambition de cr\u00e9er des emplois locaux \u00e0 travers l\u2019\u00e9mergence d\u2019une fili\u00e8re de c\u00e9r\u00e9ales biologiques en pays de Morlaix.<\/p>\n<p>Identifier les freins \u00e0 l\u2019embauche<\/p>\n<p>Talents de France est une initiative nationale, d\u00e9clin\u00e9e dans toutes les r\u00e9gions, pour agir concr\u00e8tement contre les discriminations et garantir \u00e0 chacun un \u00e9gal acc\u00e8s \u00e0 l\u2019emploi dans les quartiers prioritaires comme dans les zones rurales. Elle s\u2019appuie sur le dispositif in\u00e9dit de testing de grande ampleur, avec l\u2019envoi de 16\u00a0000 faux CV r\u00e9pondant \u00e0 4\u00a0000 vraies offres d\u2019emploi dans 20 secteurs diff\u00e9rents, afin d\u2019objectiver les discriminations li\u00e9es au nom, au pr\u00e9nom, \u00e0 l\u2019adresse ou au sexe. L\u2019objectif de ce d\u00e9placement breton est d\u2019identifier les freins persistants \u00e0 l\u2019embauche, de valoriser les bonnes pratiques et de faire \u00e9merger des propositions concr\u00e8tes issues du terrain.<\/p>\n","protected":false},"excerpt":{"rendered":"Ministre de l\u2019\u00c9galit\u00e9 entre les femmes et les hommes et de la Lutte contre les discriminations, Aurore Berg\u00e9&hellip;\n","protected":false},"author":2,"featured_media":662853,"comment_status":"","ping_status":"","sticky":false,"template":"","format":"standard","meta":{"footnotes":""},"categories":[2821],"tags":[1111,11,829,765,1777,674,1011,27,2131,12,584,25,76419],"class_list":{"0":"post-662852","1":"post","2":"type-post","3":"status-publish","4":"format-standard","5":"has-post-thumbnail","7":"category-rennes","8":"tag-actu","9":"tag-actualites","10":"tag-bretagne","11":"tag-en-continu","12":"tag-eu","13":"tag-europe","14":"tag-fr","15":"tag-france","16":"tag-morlaix","17":"tag-news","18":"tag-rennes","19":"tag-republique-francaise","20":"tag-saint-thegonnec-loc-eguiner"},"share_on_mastodon":{"url":"https:\/\/pubeurope.com\/@fr\/115893369929497491","error":""},"_links":{"self":[{"href":"https:\/\/www.europesays.com\/fr\/wp-json\/wp\/v2\/posts\/662852","targetHints":{"allow":["GET"]}}],"collection":[{"href":"https:\/\/www.europesays.com\/fr\/wp-json\/wp\/v2\/posts"}],"about":[{"href":"https:\/\/www.europesays.com\/fr\/wp-json\/wp\/v2\/types\/post"}],"author":[{"embeddable":true,"href":"https:\/\/www.europesays.com\/fr\/wp-json\/wp\/v2\/users\/2"}],"replies":[{"embeddable":true,"href":"https:\/\/www.europesays.com\/fr\/wp-json\/wp\/v2\/comments?post=662852"}],"version-history":[{"count":0,"href":"https:\/\/www.europesays.com\/fr\/wp-json\/wp\/v2\/posts\/662852\/revisions"}],"wp:featuredmedia":[{"embeddable":true,"href":"https:\/\/www.europesays.com\/fr\/wp-json\/wp\/v2\/media\/662853"}],"wp:attachment":[{"href":"https:\/\/www.europesays.com\/fr\/wp-json\/wp\/v2\/media?parent=662852"}],"wp:term":[{"taxonomy":"category","embeddable":true,"href":"https:\/\/www.europesays.com\/fr\/wp-json\/wp\/v2\/categories?post=662852"},{"taxonomy":"post_tag","embeddable":true,"href":"https:\/\/www.europesays.com\/fr\/wp-json\/wp\/v2\/tags?post=662852"}],"curies":[{"name":"wp","href":"https:\/\/api.w.org\/{rel}","templated":true}]}}