{"id":662856,"date":"2026-01-14T12:08:26","date_gmt":"2026-01-14T12:08:26","guid":{"rendered":"https:\/\/www.europesays.com\/fr\/662856\/"},"modified":"2026-01-14T12:08:26","modified_gmt":"2026-01-14T12:08:26","slug":"football-lancien-joueur-du-racing-club-de-strasbourg-david-ledy-signe-dans-un-club-alsacien-de-d4","status":"publish","type":"post","link":"https:\/\/www.europesays.com\/fr\/662856\/","title":{"rendered":"Football. L&rsquo;ancien joueur du Racing Club de Strasbourg, David Ledy, signe dans un club alsacien&#8230; de D4"},"content":{"rendered":"<p>Peut-\u00eatre que quelques curieux iront s&rsquo;amasser aux abords du stade municipal de Wittersdorf, lors des prochains week-ends. Visage bien connu des supporters du Racing Club de Strasbourg, David Ledy a annonc\u00e9 rejoindre les rangs de l&rsquo;\u00e9quipe de cette petite commune d&rsquo;environ 750 habitants, <a href=\"https:\/\/www.lalsace.fr\/sport\/2025\/03\/18\/david-ledy-veut-booster-le-foot-sundgauvien\" target=\"_blank\" rel=\"noopener\">situ\u00e9e dans son Sundgau natal<\/a>, mardi 13 janvier.\u00a0<\/p>\n<p>Ce contenu est bloqu\u00e9 car vous n&rsquo;avez pas accept\u00e9 les cookies et autres traceurs.<\/p>\n<p>En cliquant sur \u00ab J\u2019accepte \u00bb, les cookies et autres traceurs seront d\u00e9pos\u00e9s et vous pourrez visualiser les contenus  (<a href=\"\" class=\"consentModule_policy\" target=\"_blank\" title=\"Consulter la politique de protection des donn\u00e9es du fournisseur\">plus d&rsquo;informations<\/a>).<\/p>\n<p>En cliquant sur \u00ab J\u2019accepte tous les cookies \u00bb, vous autorisez des d\u00e9p\u00f4ts de cookies et autres traceurs pour le stockage de vos donn\u00e9es sur nos sites et applications \u00e0 des fins de personnalisation et de ciblage publicitaire.<\/p>\n<p class=\"consentModule_secondaryText\">Vous gardez la possibilit\u00e9 de retirer votre consentement \u00e0 tout moment en consultant notre <a href=\"https:\/\/www.lalsace.fr\/protection-des-donnees\" target=\"_blank\" title=\"Consulter notre politique de protection des donn\u00e9es\" rel=\"noopener\">politique de protection des donn\u00e9es<\/a>. <br \/>&#13;<br \/>\n            <a href=\"https:\/\/www.lalsace.fr\/sport\/2026\/01\/14\/javascript:Didomi.notice.show()\" class=\"consentModule_cmp\" target=\"_blank\" rel=\"noopener\">G\u00e9rer mes choix<\/a>&#13;\n        <\/p>\n<p>&#13;<br \/>\n                        J&rsquo;accepte&#13;<br \/>\n            J&rsquo;accepte tous les cookies&#13;\n        <\/p>\n<p>L&rsquo;AS Wittersdorf \u00e9volue en District 4, au douzi\u00e8me \u00e9chelon du football fran\u00e7ais. Le promu est pour le moment cinqui\u00e8me en championnat et toujours engag\u00e9 en Coupe Cr\u00e9dit Mutuel Sundgau, o\u00f9 il a cr\u00e9\u00e9 la surprise en sortant Bartenheim (R2), au deuxi\u00e8me tour.\u00a0<\/p>\n<p>  36 buts avec le Racing<\/p>\n<p>\u00ab\u00a0Quand je serai dans la r\u00e9gion, je participerai aux matches\u00a0\u00bb a garanti David Ledy, l&rsquo;ami du pr\u00e9sident du club\u00a0Ga\u00ebtan Golfier<strong>,\u00a0<\/strong>dans une interview donn\u00e9e \u00e0 la Ligue du Grand Est.\u00a0Pass\u00e9 par le FC Mulhouse, le Sundgauvien a disput\u00e9 128 matches sous les couleurs du Racing Club de Strasbourg entre 2008 et 2014. L&rsquo;attaquant a marqu\u00e9 36 buts et d\u00e9livr\u00e9 6 passes d\u00e9cisives avec les Bleus en Ligue 2, Coupe de France, Coupe de la Ligue, National\u00a0et\u00a0en CFA. Il \u00e9tait \u00e9galement dans l&rsquo;\u00e9quipe alsacienne lorsqu&rsquo;elle \u00e9voluait en\u00a0CFA 2.<\/p>\n<p>David Ledy a ensuite \u00e9volu\u00e9 \u00e0 Martigues (N2)\u00a0pendant deux saisons, avant un court passage\u00a0\u00e0 Istres (N3), en 2020. Sans club depuis, <a href=\"https:\/\/www.lalsace.fr\/sport\/2020\/06\/12\/ledy-l-empreinte-d-un-geant\" target=\"_blank\" rel=\"noopener\">on pensait l&rsquo;homme de 38 ans \u00e0 la retraite.<\/a> Mais voil\u00e0 que le \u00ab\u00a0Fussballgott\u00a0\u00bb, comme il est surnomm\u00e9 par les supporters alsaciens,\u00a0renfile d\u00e9j\u00e0 les crampons. Il pourrait \u00eatre align\u00e9 le 22 f\u00e9vrier prochain, apr\u00e8s la tr\u00eave hivernale, lors du d\u00e9placement de Wittersdorf chez l&rsquo;U.S. Zimmersheim-Eschentzwiller.\u00a0<\/p>\n","protected":false},"excerpt":{"rendered":"Peut-\u00eatre que quelques curieux iront s&rsquo;amasser aux abords du stade municipal de Wittersdorf, lors des prochains week-ends. Visage&hellip;\n","protected":false},"author":2,"featured_media":662857,"comment_status":"","ping_status":"","sticky":false,"template":"","format":"standard","meta":{"footnotes":""},"categories":[2820],"tags":[1111,11,1777,674,107,1701,63,1011,27,775,12,41281,25,517,640,76420],"class_list":{"0":"post-662856","1":"post","2":"type-post","3":"status-publish","4":"format-standard","5":"has-post-thumbnail","7":"category-strasbourg","8":"tag-actu","9":"tag-actualites","10":"tag-eu","11":"tag-europe","12":"tag-fil-info","13":"tag-fil-info-sport","14":"tag-football","15":"tag-fr","16":"tag-france","17":"tag-grand-est","18":"tag-news","19":"tag-racing-club-strasbourg-masculin","20":"tag-republique-francaise","21":"tag-sport","22":"tag-strasbourg","23":"tag-wittersdorf"},"share_on_mastodon":{"url":"https:\/\/pubeurope.com\/@fr\/115893377803617728","error":""},"_links":{"self":[{"href":"https:\/\/www.europesays.com\/fr\/wp-json\/wp\/v2\/posts\/662856","targetHints":{"allow":["GET"]}}],"collection":[{"href":"https:\/\/www.europesays.com\/fr\/wp-json\/wp\/v2\/posts"}],"about":[{"href":"https:\/\/www.europesays.com\/fr\/wp-json\/wp\/v2\/types\/post"}],"author":[{"embeddable":true,"href":"https:\/\/www.europesays.com\/fr\/wp-json\/wp\/v2\/users\/2"}],"replies":[{"embeddable":true,"href":"https:\/\/www.europesays.com\/fr\/wp-json\/wp\/v2\/comments?post=662856"}],"version-history":[{"count":0,"href":"https:\/\/www.europesays.com\/fr\/wp-json\/wp\/v2\/posts\/662856\/revisions"}],"wp:featuredmedia":[{"embeddable":true,"href":"https:\/\/www.europesays.com\/fr\/wp-json\/wp\/v2\/media\/662857"}],"wp:attachment":[{"href":"https:\/\/www.europesays.com\/fr\/wp-json\/wp\/v2\/media?parent=662856"}],"wp:term":[{"taxonomy":"category","embeddable":true,"href":"https:\/\/www.europesays.com\/fr\/wp-json\/wp\/v2\/categories?post=662856"},{"taxonomy":"post_tag","embeddable":true,"href":"https:\/\/www.europesays.com\/fr\/wp-json\/wp\/v2\/tags?post=662856"}],"curies":[{"name":"wp","href":"https:\/\/api.w.org\/{rel}","templated":true}]}}