{"id":662858,"date":"2026-01-14T12:09:12","date_gmt":"2026-01-14T12:09:12","guid":{"rendered":"https:\/\/www.europesays.com\/fr\/662858\/"},"modified":"2026-01-14T12:09:12","modified_gmt":"2026-01-14T12:09:12","slug":"cote-dazur-un-tourisme-moins-dependant-des-pics-saisonniers-plus","status":"publish","type":"post","link":"https:\/\/www.europesays.com\/fr\/662858\/","title":{"rendered":"C\u00f4te d\u2019Azur : Un tourisme moins d\u00e9pendant des pics saisonniers, plus (\u2026)"},"content":{"rendered":"<p>                    <img loading=\"lazy\" decoding=\"async\" src=\"https:\/\/www.europesays.com\/fr\/wp-content\/uploads\/2026\/01\/34f527179108168b96b876d0a1ca38.png\" class=\"img-responsive post-image\" width=\"680\" height=\"510\" alt=\"C\u00f4te d'Azur : Un tourisme\" title=\"C\u00f4te d'Azur : Un tourisme moins d\u00e9pendant des pics saisonniers, plus international et toujours qualitatif\"\/><\/p>\n<p class=\"chapo\">Apr\u00e8s l\u2019effet exceptionnel des Jeux olympiques en 2024, la fr\u00e9quentation de la destination C\u00f4te d\u2019Azur ne retombe pas, indique l\u2019Observatoire du tourisme de C\u00f4te d\u2019Azur France Tourisme dans son bilan 2025.<\/p>\n<p>                    Plus de 12 millions de touristes en 2025<\/p>\n<p>La destination consolide sa trajectoire et redessine son mod\u00e8le touristique. Plus de 12 millions de visiteurs ont s\u00e9journ\u00e9 dans les Alpes-Maritimes et \u00e0 Monaco, dont plus de la moiti\u00e9 venus de l\u2019\u00e9tranger \u2013 un niveau in\u00e9dit depuis la crise sanitaire.<br class=\"autobr\"\/><br \/>\n<strong>Cette bascule internationale est le moteur principal de la croissance.<\/strong> Tandis que la client\u00e8le fran\u00e7aise marque un l\u00e9ger recul, les march\u00e9s \u00e9trangers progressent fortement\u00a0: +50\u00a0% pour la Turquie, +35\u00a0% pour le Japon, +30\u00a0% pour la Chine. <strong>Les \u00c9tats-Unis deviennent le premier march\u00e9 \u00e9tranger,<\/strong> concentrant plus de 15\u00a0% des nuit\u00e9es internationales. Le trafic a\u00e9rien illustre ce mouvement\u00a0: la hausse de 11\u00a0% des passagers \u00e9trangers compense la baisse \u00e9quivalente du trafic national. Par rapport \u00e0 2019, les s\u00e9jours a\u00e9riens des visiteurs \u00e9trangers sont m\u00eame en hausse de 5\u00a0%. L\u2019a\u00e9roport Nice C\u00f4te d\u2019Azur atteint un record avec 15,23 millions de passagers commerciaux (+3,2\u00a0%). La croissance, plus mod\u00e9r\u00e9e que celle du trafic international, confirme une autre mutation\u00a0: des avions mieux remplis et de plus grande capacit\u00e9, signe d\u2019une destination plus efficiente et plus attractive \u00e0 l\u2019\u00e9chelle mondiale.<\/p>\n<p>Lire aussi\u00a0: <a href=\"https:\/\/www.petitesaffiches.fr\/actualites,069\/economie,045\/cote-d-azur-france-tourisme,39784.html\" target=\"_blank\" rel=\"noopener\">C\u00f4te d\u2019Azur France Tourisme renforce son r\u00f4le d\u2019ing\u00e9nierie au service des territoires<\/a><br class=\"autobr\"\/><br \/>\nCette dynamique profite pleinement \u00e0 l\u2019\u00e9conomie locale<\/p>\n<p>L\u2019h\u00f4tellerie affiche une bonne sant\u00e9\u00a0: pr\u00e8s de 13 millions de nuit\u00e9es, un taux d\u2019occupation annuel proche de 66\u00a0% et un RevPar en hausse de 7\u00a0%. Les meubl\u00e9s touristiques suivent la m\u00eame trajectoire, avec une offre en hausse de 6\u00a0% et des revenus par chambre en progression \u00e9quivalente. La dur\u00e9e moyenne des s\u00e9jours reste courte (2,5 nuits), mais la valeur g\u00e9n\u00e9r\u00e9e augmente. <strong>Les visiteurs d\u00e9pensent davantage. <\/strong> Les voyageurs arrivant par avion d\u00e9passent d\u00e9sormais les 110 euros de d\u00e9penses quotidiennes, port\u00e9s par une part croissante d\u2019h\u00e9bergements marchands et par une client\u00e8le estivale plus haut de gamme.<br class=\"autobr\"\/><br \/>\nL\u2019\u00e9t\u00e9 2025 a \u00e9t\u00e9 bon\u00a0: De mai \u00e0 septembre, tous les indicateurs sont orient\u00e9s \u00e0 la hausse. Juin s\u2019installe durablement aux c\u00f4t\u00e9s de juillet et ao\u00fbt. Sur cette p\u00e9riode, l\u2019occupation h\u00f4teli\u00e8re atteint en moyenne 85\u00a0%, tandis que le RevPar progresse de 9\u00a0%. La C\u00f4te d\u2019Azur n\u2019est plus seulement une destination estivale\u00a0: elle commence \u00e0 lisser ses flux. Cette strat\u00e9gie s\u2019\u00e9tend aussi \u00e0 la montagne. Le d\u00e9but de saison hivernale est prometteur, avec 66\u00a0% d\u2019occupation \u00e0 No\u00ebl et pr\u00e8s de 90\u00a0% pour le Nouvel An. Les investissements r\u00e9cents \u2013 nouvelles remont\u00e9es, \u00e9quipements quatre saisons, <a href=\"https:\/\/www.petitesaffiches.fr\/actualites,069\/economie,045\/ouverture-de-greo-luge-le-20,39287.html\" target=\"_blank\" rel=\"noopener\">Gr\u00e9o Luge..<\/a>, requalification des stations \u2013 renforcent l\u2019attractivit\u00e9, notamment aupr\u00e8s de la client\u00e8le fran\u00e7aise.<\/p>\n<p>Derri\u00e8re les chiffres, un changement de mod\u00e8le se dessine\u00a0: moins d\u00e9pendant des pics saisonniers, plus international, toujours qualitatif. La C\u00f4te d\u2019Azur poursuit sa strat\u00e9gie de mieux accueillir les touristes toute l\u2019ann\u00e9e. En 2026, la destination entend capitaliser sur cette transformation pour s\u2019imposer comme une destination durable et quatre saisons.<\/p>\n","protected":false},"excerpt":{"rendered":"Apr\u00e8s l\u2019effet exceptionnel des Jeux olympiques en 2024, la fr\u00e9quentation de la destination C\u00f4te d\u2019Azur ne retombe pas,&hellip;\n","protected":false},"author":2,"featured_media":662859,"comment_status":"","ping_status":"","sticky":false,"template":"","format":"standard","meta":{"footnotes":""},"categories":[2819],"tags":[1111,11,2408,1777,674,1011,27,12,2401,882,25],"class_list":{"0":"post-662858","1":"post","2":"type-post","3":"status-publish","4":"format-standard","5":"has-post-thumbnail","7":"category-nice","8":"tag-actu","9":"tag-actualites","10":"tag-appels-d","11":"tag-eu","12":"tag-europe","13":"tag-fr","14":"tag-france","15":"tag-news","16":"tag-nice","17":"tag-provence-alpes-cote-dazur","18":"tag-republique-francaise"},"share_on_mastodon":{"url":"https:\/\/pubeurope.com\/@fr\/115893381657615868","error":""},"_links":{"self":[{"href":"https:\/\/www.europesays.com\/fr\/wp-json\/wp\/v2\/posts\/662858","targetHints":{"allow":["GET"]}}],"collection":[{"href":"https:\/\/www.europesays.com\/fr\/wp-json\/wp\/v2\/posts"}],"about":[{"href":"https:\/\/www.europesays.com\/fr\/wp-json\/wp\/v2\/types\/post"}],"author":[{"embeddable":true,"href":"https:\/\/www.europesays.com\/fr\/wp-json\/wp\/v2\/users\/2"}],"replies":[{"embeddable":true,"href":"https:\/\/www.europesays.com\/fr\/wp-json\/wp\/v2\/comments?post=662858"}],"version-history":[{"count":0,"href":"https:\/\/www.europesays.com\/fr\/wp-json\/wp\/v2\/posts\/662858\/revisions"}],"wp:featuredmedia":[{"embeddable":true,"href":"https:\/\/www.europesays.com\/fr\/wp-json\/wp\/v2\/media\/662859"}],"wp:attachment":[{"href":"https:\/\/www.europesays.com\/fr\/wp-json\/wp\/v2\/media?parent=662858"}],"wp:term":[{"taxonomy":"category","embeddable":true,"href":"https:\/\/www.europesays.com\/fr\/wp-json\/wp\/v2\/categories?post=662858"},{"taxonomy":"post_tag","embeddable":true,"href":"https:\/\/www.europesays.com\/fr\/wp-json\/wp\/v2\/tags?post=662858"}],"curies":[{"name":"wp","href":"https:\/\/api.w.org\/{rel}","templated":true}]}}