{"id":662862,"date":"2026-01-14T12:12:03","date_gmt":"2026-01-14T12:12:03","guid":{"rendered":"https:\/\/www.europesays.com\/fr\/662862\/"},"modified":"2026-01-14T12:12:03","modified_gmt":"2026-01-14T12:12:03","slug":"voitures-bijoux-lenquete-sur-les-vols-en-serie-reprise-pres-de-dix-ans-apres-en-loire-atlantique","status":"publish","type":"post","link":"https:\/\/www.europesays.com\/fr\/662862\/","title":{"rendered":"Voitures, bijoux\u2026 l\u2019enqu\u00eate sur les vols en s\u00e9rie reprise pr\u00e8s de dix ans apr\u00e8s en Loire-Atlantique"},"content":{"rendered":"<p>                    Par<br \/>\n        <strong><br \/>\n            <a href=\"https:\/\/actu.fr\/auteur\/laurent-fortin\" title=\"Consulter tous les articles de Laurent Fortin\" target=\"_blank\" rel=\"noopener\">Laurent Fortin<\/a><br \/>\n                    <\/strong><\/p>\n<p>        Publi\u00e9 le<\/p>\n<p>            13 janv. 2026 \u00e0 8h55        <\/p>\n<p>Au d\u00e9part, trois hommes avaient fait l\u2019objet d\u2019une <b>\u00ab\u2009enqu\u00eate pr\u00e9liminaire\u2009\u00bb pour \u00ab\u2009v\u00e9rifier\u2009\u00bb leurs \u00ab\u2009agissements\u2009\u00bb <\/b>alors qu\u2019ils venaient <b>\u00ab\u2009tout juste de sortir de prison\u2009\u00bb, <\/b>a commenc\u00e9 par recontextualis\u00e9 le pr\u00e9sident du <b>tribunal correctionnel de Nantes <\/b>\u00e0 la lecture des pi\u00e8ces du dossier. Ils \u00e9taient en fait <b>soup\u00e7onn\u00e9s de s\u2019adonner au vol de v\u00e9hicules<\/b> \u00ab\u2009sur commande\u2009\u00bb et au \u00ab\u2009<b>trafic de stup\u00e9fiants\u2009<\/b>\u00bb. Pour cela, ils \u00ab\u2009sillonnaient la r\u00e9gion nantaise et les d\u00e9partements limitrophes\u2009\u00bb en ayant \u00ab\u2009chang\u00e9 leurs plaques\u2009\u00bb.<\/p>\n<p class=\" wall-content\">Une<b> Audi A3 avait ainsi \u00e9t\u00e9 vol\u00e9e \u00e0 Nantes<\/b>, en avril\u00a0<b>2016<\/b>, chez son propri\u00e9taire, avant d\u2019\u00eatre \u00ab\u2009retrouv\u00e9e incendi\u00e9e\u2009\u00bb \u00e0 Orvault.\u00a0Entre-temps, des traces de g\u00e9olocalisation avaient permis de rep\u00e9rer l\u2019identit\u00e9 d\u2019un homme impliqu\u00e9 dans cette affaire.<\/p>\n<p class=\" wall-content\">Des <b>\u00ab\u2009pi\u00e8ces de monnaie\u2009\u00bb et des \u00ab\u2009bijoux\u2009\u00bb<\/b>, d\u2019une valeur totale de 4\u2009000\u00a0\u20ac, avaient ensuite \u00e9t\u00e9 <b>d\u00e9rob\u00e9s le 8\u00a0avril 2016<\/b> \u00e0 <a href=\"https:\/\/actu.fr\/pays-de-la-loire\/saint-julien-de-concelles_44169\" target=\"_blank\" rel=\"noopener\"><b>Saint-Julien-de-Concelles<\/b><\/a> chez un couple. Une \u00ab\u2009surveillance \u00e9troite\u2009\u00bb avait permis de retrouver le v\u00e9hicule des voleurs \u00e0 Saint-Philbert-de-Grand-Lieu\u2009: l\u00e0 aussi, les traces laiss\u00e9es par des \u00ab\u2009v\u00eatements\u2009\u00bb, permettaient de faire le lien avec ceux vol\u00e9s dans \u00ab\u2009deux logements mitoyens\u2009\u00bb.<\/p>\n<p>Le Covid met l\u2019enqu\u00eate sur pause<\/p>\n<p class=\" wall-content\">Un autre <b>\u00ab\u2009vol de bijoux\u2009\u00bb et de \u00ab\u2009pi\u00e8ces de monnaie\u2009\u00bb<\/b> avait \u00e9galement \u00e9t\u00e9 d\u00e9plor\u00e9 \u00e0 <b><a href=\"https:\/\/actu.fr\/pays-de-la-loire\/vertou_44215\" target=\"_blank\" rel=\"noopener\">Vertou<\/a>,<\/b> le lendemain des faits de Saint-Julien-de-Concelles. Un \u00ab\u2009balisage\u2009\u00bb policier avait toutefois pu \u00eatre op\u00e9r\u00e9 sur <b>la Mercedes AMG vol\u00e9e par la m\u00eame occasion <\/b>et ses occupants avaient ainsi \u00e9t\u00e9 vus en train de s\u2019affairer \u00e0 de \u00ab\u2009nombreux transferts de marchandises\u2009\u00bb. Les enqu\u00eateurs avaient enfin reli\u00e9 les trois hommes au <b>vol de \u00ab\u2009soixante cartouches de cigarettes\u2009\u00bb dans un bar-tabac<\/b> de Saint-Etienne-de-Montluc.<\/p>\n<p>Vid\u00e9os : en ce moment sur Actu<\/p>\n<p class=\" wall-content\">Une descente avait donc \u00e9t\u00e9 men\u00e9e chez la compagne d\u2019un d\u2019entre eux, \u00e0 Saint-S\u00e9bastien-sur-Loire, o\u00f9 \u00ab\u2009r\u00e9sidait quotidiennement\u2009\u00bb \u00e0 l\u2019\u00e9poque un \u00ab\u2009ami de longue date\u2009\u00bb\u2009; des \u00ab\u2009objets vol\u00e9s \u00e0 Saint-Philbert-de-Grand-Lieu\u2009\u00bb y avaient alors \u00e9t\u00e9 retrouv\u00e9s. Un \u00ab\u2009<b>ordinateur avec une connectique particuli\u00e8re pour reprogrammer les v\u00e9hicules\u2009<\/b>\u00bb avait aussi \u00e9t\u00e9 retrouv\u00e9 \u00e0 Rez\u00e9 sur le <b>camp de gens du voyage<\/b> o\u00f9 vivait, \u00e0 l\u2019\u00e9poque, un troisi\u00e8me homme, le cousin par alliance du premier. Dans ces conditions, les trois hommes avaient \u00e9t\u00e9 interpell\u00e9s.<\/p>\n<p class=\" wall-content\"><b>Deux avaient reconnu les faits. <\/b>Mais l\u2019un d\u2019eux est mort en 2022 \u00e0 l\u2019\u00e2ge de 26\u00a0ans, selon les avis d\u2019obs\u00e8ques. Quant au troisi\u00e8me, o\u00f9 la descente avait \u00e9t\u00e9 effectu\u00e9e \u00e0 Saint-S\u00e9bastien,<b> il a \u00ab\u2009contest\u00e9 depuis le d\u00e9but\u2009\u00bb toute implication dans ce dossier<\/b> et \u00ab\u2009la confrontation n\u2019a pas permis\u2009\u00bb d\u2019y voir plus clair, a fini par expliquer le pr\u00e9sident du tribunal correctionnel de Nantes.<\/p>\n<p>Votre r\u00e9gion, votre actu !<\/p>\n<p>Recevez chaque jour les infos qui comptent pour vous.<\/p>\n<p>\t<a href=\"https:\/\/actu.fr\/newsletter\" class=\"ac-btn ac-btn--corner ac-btn--medium ac-btn--blue800\" target=\"_blank\" rel=\"noopener\">S&rsquo;incrire<\/a><\/p>\n<p class=\" wall-content\">La <b>crise sanitaire li\u00e9e \u00e0 l\u2019\u00e9pid\u00e9mie de Covid-19 \u00e9tait alors survenue,<\/b> et la remise en libert\u00e9 sous contr\u00f4le judiciaire de tous les protagonistes au fil du temps a rendu <b>le jugement de ce dossier moins prioritaire que d\u2019autres<\/b>\u2026 A l\u2019audience, le troisi\u00e8me homme, a donc r\u00e9p\u00e9t\u00e9 que \u00ab\u2009<b>les enqu\u00eateurs ont d\u00fb se tromper\u2009\u00bb <\/b>pour ce qui le concerne. Son <b>ADN avait pourtant \u00e9t\u00e9 retrouv\u00e9 \u00ab\u2009sur un tuyau d\u2019arrosage\u2009\u00bb<\/b> qui avait servi \u00e0 faire \u00ab\u2009un plein d\u2019essence artisanal\u2009\u00bb, avaient \u00e9crit \u00ab\u2009noir sur blanc\u2009\u00bb les enqu\u00eateurs, lui a fait observer le pr\u00e9sident.<\/p>\n<p>\u00ab\u2009J\u2019ai fui pour repartir de z\u00e9ro\u2009\u00bb<\/p>\n<blockquote class=\"ac-article-quote wall-content\">\n<p>C\u2019est une erreur\u2026 \u00c7a m\u2019est d\u2019ailleurs d\u00e9j\u00e0 arriv\u00e9 qu\u2019on essaie de m\u2019imputer des faits que je n\u2019ai pas commis.<\/p>\n<p>L\u2019un des pr\u00e9venus aujourd\u2019hui de 40\u00a0ans<\/p><\/blockquote>\n<p class=\" wall-content\">Il indique perdre la vue \u00e0 cause d\u2019un glaucome (ndlr. maladie d\u00e9g\u00e9n\u00e9rative du nerf optique).<\/p>\n<blockquote class=\"ac-article-quote wall-content\">\n<p>Des enqu\u00eates \u00e0 charge j\u2019en ai d\u00e9j\u00e0 subies. J\u2019ai toujours assum\u00e9 les cons\u00e9quences de mes actes quand c\u2019\u00e9tait moi.<\/p>\n<\/blockquote>\n<p class=\" wall-content\">Cet ancien m\u00e9canicien, qui a<b> admis avoir fait \u00ab\u2009\u00e9norm\u00e9ment de b\u00eatises\u2009\u00bb par le pass\u00e9<\/b>, n\u2019avait toutefois pas convaincu le procureur de la R\u00e9publique\u2009: le magistrat \u00e9tait \u00ab\u2009chiffonn\u00e9\u2009\u00bb par les \u00ab\u2009\u00e9l\u00e9ments troublants\u2009\u00bb et \u00ab\u2009curieux\u2009\u00bb collect\u00e9s sur cette \u00ab\u2009\u00e9quipe qui tapait\u2009\u00bb. Cet homme avait aussi <b>24 condamnations sur son casier judiciaire<\/b>, notamment pour des \u00ab\u2009vols\u2009\u00bb.<\/p>\n<p class=\" wall-content\">Son complice a lui r\u00e9it\u00e9r\u00e9 ses aveux \u00e0 la barre, mais a expliqu\u00e9 avoir chang\u00e9 de vie\u2009; il est d\u00e9sormais \u00ab\u2009technico-commercial\u2009\u00bb \u00e0 son compte dans \u00ab\u2009les \u00e9nergies renouvelables\u2009\u00bb sur B\u00e9ziers (H\u00e9rault).<\/p>\n<blockquote class=\"ac-article-quote wall-content\">\n<p>J\u2019ai fui le 44 pour repartir de z\u00e9ro.<\/p>\n<\/blockquote>\n<p class=\" wall-content\">Cet homme c\u00e9libataire et sans enfant, qui avait \u00e9t\u00e9 condamn\u00e9 dix-neuf fois par le pass\u00e9.<\/p>\n<blockquote class=\"ac-article-quote wall-content\">\n<p>On est sur de la d\u00e9linquance dure, avec des gens chevronn\u00e9s.<\/p>\n<p>Le procureur de la R\u00e9publique.<\/p><\/blockquote>\n<p class=\" wall-content\">Un <b>kilo d\u2019h\u00e9ro\u00efne avait notamment \u00e9t\u00e9 retrouv\u00e9 dans le v\u00e9hicule de ce dernier.<\/b><\/p>\n<blockquote class=\"ac-article-quote wall-content\">\n<p>Mais il faut reconna\u00eetre qu\u2019ils ont eu une \u00e9volution positive depuis les faits, qu\u2019ils en justifient, et que le temps a pass\u00e9.<\/p>\n<p>Le magistrat<\/p><\/blockquote>\n<p class=\" wall-content\">Il avait donc <b>propos\u00e9 des peines de prison ferme \u00ab\u2009pour couvrir la d\u00e9tention provisoire\u2009\u00bb q<\/b>ue les pr\u00e9venus avaient d\u00e9j\u00e0 effectu\u00e9e, assorties de douze mois avec sursis probatoire pour l\u2019habitant de Saint-S\u00e9bastien et vingt mois avec sursis probatoire pour le Biterrois. <b>Le tribunal s\u2019est rang\u00e9 \u00e0 son avis en pronon\u00e7ant douze mois de prison ferme pour le premier et quatorze pour le second<\/b>. Ce dernier s\u2019est vu rajouter seize mois de prison avec sursis probatoire.<b> Aucun des deux n\u2019est donc reparti en d\u00e9tention \u00e0 l\u2019issue de l\u2019audience.<\/b><\/p>\n<p class=\" wall-content\">Personnalisez votre actualit\u00e9 en ajoutant vos villes et m\u00e9dias en favori avec <a href=\"https:\/\/moncompte.actu.fr\" title=\"D\u00e9couvez Mon Actu\" rel=\"nofollow noopener\" data-trk=\"{&quot;cta&quot;:{&quot;action&quot;:&quot;https:\\\/\\\/moncompte.actu.fr&quot;,&quot;category&quot;:&quot;mon compte&quot;,&quot;from&quot;:&quot;article footer&quot;,&quot;name&quot;:&quot;Mon actu&quot;,&quot;type&quot;:&quot;cta&quot;}}\" target=\"_blank\">Mon Actu<\/a>.<\/p>\n","protected":false},"excerpt":{"rendered":"Par Laurent Fortin Publi\u00e9 le 13 janv. 2026 \u00e0 8h55 Au d\u00e9part, trois hommes avaient fait l\u2019objet d\u2019une&hellip;\n","protected":false},"author":2,"featured_media":662863,"comment_status":"","ping_status":"","sticky":false,"template":"","format":"standard","meta":{"footnotes":""},"categories":[2818],"tags":[1111,11,1174,1777,674,118,1011,27,303,766,12,2636,25,2900],"class_list":{"0":"post-662862","1":"post","2":"type-post","3":"status-publish","4":"format-standard","5":"has-post-thumbnail","7":"category-nantes","8":"tag-actu","9":"tag-actualites","10":"tag-cambriolage","11":"tag-eu","12":"tag-europe","13":"tag-faits-divers","14":"tag-fr","15":"tag-france","16":"tag-justice","17":"tag-nantes","18":"tag-news","19":"tag-pays-de-la-loire","20":"tag-republique-francaise","21":"tag-vignoble-nantais"},"share_on_mastodon":{"url":"https:\/\/pubeurope.com\/@fr\/115893393478397859","error":""},"_links":{"self":[{"href":"https:\/\/www.europesays.com\/fr\/wp-json\/wp\/v2\/posts\/662862","targetHints":{"allow":["GET"]}}],"collection":[{"href":"https:\/\/www.europesays.com\/fr\/wp-json\/wp\/v2\/posts"}],"about":[{"href":"https:\/\/www.europesays.com\/fr\/wp-json\/wp\/v2\/types\/post"}],"author":[{"embeddable":true,"href":"https:\/\/www.europesays.com\/fr\/wp-json\/wp\/v2\/users\/2"}],"replies":[{"embeddable":true,"href":"https:\/\/www.europesays.com\/fr\/wp-json\/wp\/v2\/comments?post=662862"}],"version-history":[{"count":0,"href":"https:\/\/www.europesays.com\/fr\/wp-json\/wp\/v2\/posts\/662862\/revisions"}],"wp:featuredmedia":[{"embeddable":true,"href":"https:\/\/www.europesays.com\/fr\/wp-json\/wp\/v2\/media\/662863"}],"wp:attachment":[{"href":"https:\/\/www.europesays.com\/fr\/wp-json\/wp\/v2\/media?parent=662862"}],"wp:term":[{"taxonomy":"category","embeddable":true,"href":"https:\/\/www.europesays.com\/fr\/wp-json\/wp\/v2\/categories?post=662862"},{"taxonomy":"post_tag","embeddable":true,"href":"https:\/\/www.europesays.com\/fr\/wp-json\/wp\/v2\/tags?post=662862"}],"curies":[{"name":"wp","href":"https:\/\/api.w.org\/{rel}","templated":true}]}}