{"id":662864,"date":"2026-01-14T12:13:15","date_gmt":"2026-01-14T12:13:15","guid":{"rendered":"https:\/\/www.europesays.com\/fr\/662864\/"},"modified":"2026-01-14T12:13:15","modified_gmt":"2026-01-14T12:13:15","slug":"une-statue-contemporaine-volee-en-plein-centre-ville","status":"publish","type":"post","link":"https:\/\/www.europesays.com\/fr\/662864\/","title":{"rendered":"une statue contemporaine vol\u00e9e en plein centre-ville"},"content":{"rendered":"<p>\n    Le \u00abg\u00e9nie de la manifestation\u00bb, qui constituait l\u2019un des portraits des Nantais pr\u00e9sent\u00e9s en centre-ville depuis l\u2019\u00e9t\u00e9 dernier, par l\u2019artiste Willem de Haan, a \u00e9t\u00e9 d\u00e9rob\u00e9 dans la nuit de vendredi \u00e0 samedi. Une plainte a \u00e9t\u00e9 d\u00e9pos\u00e9e.<\/p>\n<p class=\"fig-paragraph\">Vandalis\u00e9e deux fois en l\u2019espace de quelques mois. Une installation d\u2019art contemporain, pr\u00e9sent\u00e9e au c\u0153ur\u00a0<a href=\"https:\/\/www.lefigaro.fr\/nantes\" target=\"_blank\" data-fig-type=\"Section\" rel=\"sponsored noopener\" data-gtm-custom-categorie=\"navigation\" data-gtm-custom-action=\"crossclick\" data-gtm-custom-label=\"Contextuel\" data-gtm-event=\"customEventSPE\" data-fig-domain=\"LEFIGARO\">de Nantes<\/a>\u00a0depuis l\u2019\u00e9t\u00e9 dernier, a \u00e9t\u00e9 victime d\u2019une d\u00e9gradation, dans la nuit du vendredi 9 au samedi 10 janvier. L\u2019un des\u00a0<a href=\"http:\/\/www.lefigaro.fr\/nantes\/a-nantes-des-figures-hyperrealistes-d-habitants-contemporains-remplaceront-bientot-les-statues-d-une-fontaine-neoclassique-20250616\" target=\"_blank\" data-fig-type=\"NewsFlash\" rel=\"noopener\" data-gtm-custom-categorie=\"navigation\" data-gtm-custom-action=\"crossclick\" data-gtm-custom-label=\"Contextuel\" data-gtm-event=\"customEventSPE\" data-fig-domain=\"LEFIGARO\">quatorze portraits statuaires hyperr\u00e9alistes d\u2019habitants<\/a>\u00a0de l\u2019agglom\u00e9ration dont \u00e9tait compos\u00e9e, \u00e0 l\u2019origine, cette \u0153uvre de l\u2019artiste n\u00e9erlandais Willem de Haan, a \u00e9t\u00e9 arrach\u00e9 et vol\u00e9 de la fontaine de la place Royale, en centre-ville. Un acte survenu deux mois apr\u00e8s une premi\u00e8re d\u00e9t\u00e9rioration qui avait \u00e9t\u00e9 suivie du d\u00e9montage de la statue vis\u00e9e.<\/p>\n<p class=\"fig-paragraph\">Commanditaire de cette installation baptis\u00e9e Latest Version, la soci\u00e9t\u00e9 publique\u00a0<a href=\"http:\/\/www.lefigaro.fr\/nantes\/l-histoire-n-est-jamais-figee-le-voyage-a-nantes-entre-deux-rives-20250722\" target=\"_blank\" data-fig-type=\"NewsFlash\" rel=\"noopener\" data-gtm-custom-categorie=\"navigation\" data-gtm-custom-action=\"crossclick\" data-gtm-custom-label=\"Contextuel\" data-gtm-event=\"customEventSPE\" data-fig-domain=\"LEFIGARO\">du Voyage \u00e0 Nantes<\/a>\u00a0&#8211; charg\u00e9e de la promotion culturelle et touristique de la ville &#8211; a indiqu\u00e9 porter plainte. \u00abLe Voyage \u00e0 Nantes condamne fermement cet acte qui porte atteinte \u00e0 une cr\u00e9ation artistique\u00bb, a fait savoir l\u2019institution nantaise organisatrice de l\u2019\u00e9v\u00e9nement estival \u00e0 la faveur duquel l\u2019\u0153uvre avait \u00e9t\u00e9 inaugur\u00e9e.<\/p>\n<p>                                            <a class=\"fig-a11y-skip\" href=\"#fig-a11y-skip-main-inarticle\" data-module=\"a11y-skip\" data-context=\"was @visible\"><br \/>\n    Passer la publicit\u00e9<br \/>\n<\/a>            <\/p>\n<p>                                            \u00abUne bande de cr\u00e9tins illettr\u00e9s\u00bb<\/p>\n<p class=\"fig-paragraph\">D\u2019un poids estim\u00e9 \u00e0 50 kg environ, la statue en r\u00e9sine vol\u00e9e le week-end dernier correspondait au \u00abG\u00e9nie de la manifestation\u00bb. Elle repr\u00e9sentait un Nantais agenouill\u00e9, m\u00e9gaphone \u00e0 la main, accompagn\u00e9 d\u2019une pancarte couverte de revendications. Armel Fa\u00e7on, figure des manifestations nantaises contre\u00a0<a href=\"http:\/\/www.lefigaro.fr\/nantes\/j-ai-touche-un-tabou-francais-accusee-de-diminuer-les-subventions-des-pays-de-la-loire-la-presidente-de-region-contre-attaque-20241217\" target=\"_blank\" data-fig-type=\"NewsFlash\" rel=\"noopener\" data-gtm-custom-categorie=\"navigation\" data-gtm-custom-action=\"crossclick\" data-gtm-custom-label=\"Contextuel\" data-gtm-event=\"customEventSPE\" data-fig-domain=\"LEFIGARO\">les coupes aux subventions culturelles mises en \u0153uvre par la r\u00e9gion Pays de la Loire<\/a>\u00a0et mod\u00e8le de ce portrait, a exprim\u00e9 mardi,\u00a0<a href=\"https:\/\/www.facebook.com\/permalink.php?story_fbid=4196512944010849&amp;id=100009565541409\" target=\"_blank\" rel=\"sponsored noopener\" data-gtm-custom-categorie=\"navigation\" data-gtm-custom-action=\"crossclick\" data-gtm-custom-label=\"Contextuel\" data-gtm-event=\"customEventSPE\">sur Facebook<\/a>, sa consternation face \u00e0 un geste qu\u2019il attribue \u00e0 \u00abune bande de cr\u00e9tins illettr\u00e9s\u00bb. Des \u00abincapables\u00bb &#8211; \u00e9galement tax\u00e9s de \u00abfachos\u00bb &#8211; qu\u2019il estime aussi \u00eatre \u00e0 l\u2019origine de la premi\u00e8re d\u00e9gradation de l\u2019\u0153uvre &#8211; ces faits ayant vis\u00e9 \u00ables deux seules personnes racis\u00e9es repr\u00e9sent\u00e9es dans cette composition\u00bb.<\/p>\n<p>    \u00abLe G\u00e9nie de la manifestation\u00bb, pr\u00e9sent\u00e9 dans le cadre de l\u2019installation Latest Version, de Willem de Haan.<br \/>\n                Le Voyage \u00e0 Nantes<\/p>\n<p class=\"fig-paragraph\">D\u00e9couverte \u00ab\u00e0 la fin du mois de novembre\u00bb, d\u2019apr\u00e8s Le Voyage \u00e0 Nantes, la premi\u00e8re d\u00e9t\u00e9rioration avait vis\u00e9 le \u00abG\u00e9nie de la sant\u00e9\u00bb, repr\u00e9sentant Kizzy, une infirmi\u00e8re du CHU de Nantes, figur\u00e9e en blouse bleue. Son portrait avait fait l\u2019objet d\u2019une \u00abimportante\u00bb d\u00e9gradation. La statue a \u00e9t\u00e9 aussit\u00f4t d\u00e9mont\u00e9e par les services municipaux. Une plainte a \u00e9t\u00e9 d\u00e9pos\u00e9e dans la foul\u00e9e. L\u2019enqu\u00eate poursuit son cours.<\/p>\n<p class=\"fig-paragraph\">Le vol dont l\u2019installation a \u00e9t\u00e9 victime le week-end dernier s\u2019est d\u00e9roul\u00e9 dans les tout derniers jours de la pr\u00e9sentation de l\u2019\u0153uvre sur la fontaine de la place Royale. Install\u00e9e en juillet 2025, Latest Version a \u00e9t\u00e9 d\u00e9mont\u00e9e, comme pr\u00e9vu, lundi 12 janvier. Le monument du centre-ville retrouvera lundi prochain, le 19 janvier, son groupe statuaire n\u00e9oclassique d\u2019origine. Cet ensemble compos\u00e9 d\u2019une statue de marbre et d\u2019une dizaine de bronzes faisait l\u2019objet d\u2019une restauration depuis plusieurs mois. Avant sa d\u00e9sinstallation,\u00a0<a href=\"http:\/\/www.lefigaro.fr\/nantes\/nantes-mais-ou-est-passe-le-bras-de-la-statue-qui-symbolise-la-ville-20250218\" target=\"_blank\" data-fig-type=\"NewsFlash\" rel=\"noopener\" data-gtm-custom-categorie=\"navigation\" data-gtm-custom-action=\"crossclick\" data-gtm-custom-label=\"Contextuel\" data-gtm-event=\"customEventSPE\" data-fig-domain=\"LEFIGARO\">l\u2019une de ses sculptures avait perdu un bras dans des circonstances non \u00e9lucid\u00e9es<\/a>.<\/p>\n","protected":false},"excerpt":{"rendered":"Le \u00abg\u00e9nie de la manifestation\u00bb, qui constituait l\u2019un des portraits des Nantais pr\u00e9sent\u00e9s en centre-ville depuis l\u2019\u00e9t\u00e9 dernier,&hellip;\n","protected":false},"author":2,"featured_media":662865,"comment_status":"","ping_status":"","sticky":false,"template":"","format":"standard","meta":{"footnotes":""},"categories":[2818],"tags":[1111,11,1396,1777,674,1011,27,766,12,2636,25,11942,1175],"class_list":{"0":"post-662864","1":"post","2":"type-post","3":"status-publish","4":"format-standard","5":"has-post-thumbnail","7":"category-nantes","8":"tag-actu","9":"tag-actualites","10":"tag-art-contemporain","11":"tag-eu","12":"tag-europe","13":"tag-fr","14":"tag-france","15":"tag-nantes","16":"tag-news","17":"tag-pays-de-la-loire","18":"tag-republique-francaise","19":"tag-vandalisme","20":"tag-vol"},"share_on_mastodon":{"url":"https:\/\/pubeurope.com\/@fr\/115893397357824736","error":""},"_links":{"self":[{"href":"https:\/\/www.europesays.com\/fr\/wp-json\/wp\/v2\/posts\/662864","targetHints":{"allow":["GET"]}}],"collection":[{"href":"https:\/\/www.europesays.com\/fr\/wp-json\/wp\/v2\/posts"}],"about":[{"href":"https:\/\/www.europesays.com\/fr\/wp-json\/wp\/v2\/types\/post"}],"author":[{"embeddable":true,"href":"https:\/\/www.europesays.com\/fr\/wp-json\/wp\/v2\/users\/2"}],"replies":[{"embeddable":true,"href":"https:\/\/www.europesays.com\/fr\/wp-json\/wp\/v2\/comments?post=662864"}],"version-history":[{"count":0,"href":"https:\/\/www.europesays.com\/fr\/wp-json\/wp\/v2\/posts\/662864\/revisions"}],"wp:featuredmedia":[{"embeddable":true,"href":"https:\/\/www.europesays.com\/fr\/wp-json\/wp\/v2\/media\/662865"}],"wp:attachment":[{"href":"https:\/\/www.europesays.com\/fr\/wp-json\/wp\/v2\/media?parent=662864"}],"wp:term":[{"taxonomy":"category","embeddable":true,"href":"https:\/\/www.europesays.com\/fr\/wp-json\/wp\/v2\/categories?post=662864"},{"taxonomy":"post_tag","embeddable":true,"href":"https:\/\/www.europesays.com\/fr\/wp-json\/wp\/v2\/tags?post=662864"}],"curies":[{"name":"wp","href":"https:\/\/api.w.org\/{rel}","templated":true}]}}