{"id":662866,"date":"2026-01-14T12:14:12","date_gmt":"2026-01-14T12:14:12","guid":{"rendered":"https:\/\/www.europesays.com\/fr\/662866\/"},"modified":"2026-01-14T12:14:12","modified_gmt":"2026-01-14T12:14:12","slug":"a-bordeaux-le-college-alienor-soufre-dun-manque-de-professeurs-remplacants","status":"publish","type":"post","link":"https:\/\/www.europesays.com\/fr\/662866\/","title":{"rendered":"\u00e0 Bordeaux, le coll\u00e8ge Ali\u00e9nor soufre d\u2019un manque de professeurs rempla\u00e7ants"},"content":{"rendered":"<p>Une trentaine de parents d\u2019\u00e9l\u00e8ves ont effectu\u00e9 leur cinqui\u00e8me manifestation contre l\u2019absence r\u00e9p\u00e9t\u00e9e de plusieurs professeurs depuis quatre mois. Ce collectif, f\u00e9d\u00e9rant plus d\u2019une centaine de parents, avait d\u00e9j\u00e0 organis\u00e9 trois rassemblements devant ce coll\u00e8ge o\u00f9 sont scolaris\u00e9s 600\u00a0enfants. Une mobilisation s\u2019est \u00e9galement d\u00e9roul\u00e9e devant le Rectorat de l\u2019acad\u00e9mie de Bordeaux le 17\u00a0d\u00e9cembre.<\/p>\n<p>Un millier d\u2019heures perdues<\/p>\n<p>Sur la base de ses calculs, le collectif estime que les \u00e9l\u00e8ves ont perdu 1\u00a0000\u00a0heures de cours depuis la grande rentr\u00e9e. \u00ab\u00a0Toutes les classes et plusieurs mati\u00e8res sont concern\u00e9es\u00a0: le fran\u00e7ais, les maths, l\u2019histoire-g\u00e9ographie, l\u2019anglais\u2026\u00a0\u00bb pr\u00e9cise une des parents, Virginie Seguinaud. \u00ab\u00a0Nous essayons de comprendre ce qu\u2019il se passe sans incriminer les enseignants car tout cela est de la responsabilit\u00e9 de l\u2019\u00c9tat. Et nous ne sommes pas non plus contre la direction de l\u2019\u00e9tablissement.\u00a0\u00bb<\/p>\n<blockquote><p>\u00ab\u00a0Le nombre d\u2019\u00e9l\u00e8ves diminue nous dit-on. L\u2019\u00c9tat anticipe les baisses d\u00e9mographiques en r\u00e9duisant le nombre de professeurs. On sacrifie une g\u00e9n\u00e9ration\u2026\u00a0\u00bb<\/p><\/blockquote>\n<p>Interrog\u00e9e sur place, celle-ci n\u2019a d\u00e9sir\u00e9 faire aucun commentaire. Ce coll\u00e8ge est-il maudit\u00a0? Est-ce juste le fruit du hasard\u00a0? Pourquoi tant d\u2019absents dans cet \u00e9tablissement a priori calme et sans souci\u00a0? Certains parents d\u2019\u00e9l\u00e8ves y voient un probl\u00e8me syst\u00e9mique\u00a0: \u00ab\u00a0Le nombre d\u2019\u00e9l\u00e8ves diminue nous dit-on. L\u2019\u00c9tat anticipe les baisses d\u00e9mographiques en r\u00e9duisant le nombre de professeurs. Il n\u2019y a pas assez de contractuels. On sacrifie une g\u00e9n\u00e9ration\u2026\u00a0\u00bb<\/p>\n<p>Une enqu\u00eate lanc\u00e9e<\/p>\n<p>En r\u00e9ponse, le Rectorat rappelle qu\u2019une d\u00e9l\u00e9gation de parents d\u2019\u00e9l\u00e8ves a \u00e9t\u00e9 re\u00e7ue. \u00ab\u00a0Le sujet est pris tr\u00e8s au s\u00e9rieux.\u00a0\u00bb En cons\u00e9quence plusieurs mesures ont \u00e9t\u00e9 d\u00e9cid\u00e9es dont \u00ab\u00a0une mobilisation acc\u00e9l\u00e9r\u00e9e de professeurs rempla\u00e7ants en cas de cong\u00e9s maladie de longue dur\u00e9e\u00a0\u00bb. Un professeur de fran\u00e7ais \u00e0 demeure a \u00e9t\u00e9 affect\u00e9 pour suppl\u00e9er \u00ab\u00a0au pied lev\u00e9\u00a0\u00bb les absences dans cette discipline. En outre, \u2060 \u00ab\u00a0une dotation de moyens suppl\u00e9mentaires au coll\u00e8ge permettant de rattraper des cours non assur\u00e9s lorsque cela est possible\u00a0\u00bb est promise. Et pour \u00e9claircir la situation\u00a0: \u00ab\u00a0Une enqu\u00eate administrative a \u00e9t\u00e9 diligent\u00e9e d\u00e8s la semaine de la rentr\u00e9e de janvier.\u00a0\u00bb<\/p>\n","protected":false},"excerpt":{"rendered":"Une trentaine de parents d\u2019\u00e9l\u00e8ves ont effectu\u00e9 leur cinqui\u00e8me manifestation contre l\u2019absence r\u00e9p\u00e9t\u00e9e de plusieurs professeurs depuis quatre&hellip;\n","protected":false},"author":2,"featured_media":662867,"comment_status":"","ping_status":"","sticky":false,"template":"","format":"standard","meta":{"footnotes":""},"categories":[2817],"tags":[1111,11,1997,1777,674,1011,27,12,2219,25],"class_list":{"0":"post-662866","1":"post","2":"type-post","3":"status-publish","4":"format-standard","5":"has-post-thumbnail","7":"category-bordeaux","8":"tag-actu","9":"tag-actualites","10":"tag-bordeaux","11":"tag-eu","12":"tag-europe","13":"tag-fr","14":"tag-france","15":"tag-news","16":"tag-nouvelle-aquitaine","17":"tag-republique-francaise"},"share_on_mastodon":{"url":"https:\/\/pubeurope.com\/@fr\/115893401411445323","error":""},"_links":{"self":[{"href":"https:\/\/www.europesays.com\/fr\/wp-json\/wp\/v2\/posts\/662866","targetHints":{"allow":["GET"]}}],"collection":[{"href":"https:\/\/www.europesays.com\/fr\/wp-json\/wp\/v2\/posts"}],"about":[{"href":"https:\/\/www.europesays.com\/fr\/wp-json\/wp\/v2\/types\/post"}],"author":[{"embeddable":true,"href":"https:\/\/www.europesays.com\/fr\/wp-json\/wp\/v2\/users\/2"}],"replies":[{"embeddable":true,"href":"https:\/\/www.europesays.com\/fr\/wp-json\/wp\/v2\/comments?post=662866"}],"version-history":[{"count":0,"href":"https:\/\/www.europesays.com\/fr\/wp-json\/wp\/v2\/posts\/662866\/revisions"}],"wp:featuredmedia":[{"embeddable":true,"href":"https:\/\/www.europesays.com\/fr\/wp-json\/wp\/v2\/media\/662867"}],"wp:attachment":[{"href":"https:\/\/www.europesays.com\/fr\/wp-json\/wp\/v2\/media?parent=662866"}],"wp:term":[{"taxonomy":"category","embeddable":true,"href":"https:\/\/www.europesays.com\/fr\/wp-json\/wp\/v2\/categories?post=662866"},{"taxonomy":"post_tag","embeddable":true,"href":"https:\/\/www.europesays.com\/fr\/wp-json\/wp\/v2\/tags?post=662866"}],"curies":[{"name":"wp","href":"https:\/\/api.w.org\/{rel}","templated":true}]}}