{"id":662868,"date":"2026-01-14T12:15:12","date_gmt":"2026-01-14T12:15:12","guid":{"rendered":"https:\/\/www.europesays.com\/fr\/662868\/"},"modified":"2026-01-14T12:15:12","modified_gmt":"2026-01-14T12:15:12","slug":"situation-du-club-dissensions-gerard-lopez-a-repris-la-parole-ce-quil-faut-en-retenir","status":"publish","type":"post","link":"https:\/\/www.europesays.com\/fr\/662868\/","title":{"rendered":"situation du club, dissensions\u2026 G\u00e9rard Lopez a repris la parole, ce qu\u2019il faut en retenir"},"content":{"rendered":"<p>Sur la saison en cours et la situation du club, G\u00e9rard Lopez n\u2019apporte pas d\u2019\u00e9l\u00e9ments nouveaux. Il dit sa confiance dans une mont\u00e9e en Ligue 3, alors que les Bordelais disputeront le dernier match aller ce samedi aux Herbiers, louant le groupe et le staff. \u00ab\u00a0Tout le monde tire dans le m\u00eame sens.\u00a0\u00bb Il justifie la promotion de Karim Saada\u00a0: \u00ab\u00a0Il a beaucoup travaill\u00e9 avec John [NDLR\u00a0: Williams, directeur sportif parti en septembre] et est tr\u00e8s proche de Bruno Irles [entra\u00eeneur]. Par exemple, <a href=\"https:\/\/www.sudouest.fr\/gironde\/bordeaux\/girondins-de-bordeaux-karim-saada-un-proche-de-gerard-lopez-nomme-responsable-du-recrutement-27307247.php#:~:text=Arriv%C3%A9%20apr%C3%A8s%20la%20reprise%20du,mardi%20%C2%AB%20responsable%20du%20recrutement%20%C2%BB.\" target=\"_blank\" rel=\"follow noopener\">c\u2019est Karim qui est all\u00e9 chercher Royce Openda et Lud\u00e9ric \u00c9tond\u00e9.<\/a>\u00a0\u00bb Selon nos informations, Karim Saada a convaincu l\u2019entra\u00eeneur h\u00e9sitant au d\u00e9part pour les deux attaquants.<\/p>\n<p>Fractures raviv\u00e9es<\/p>\n<p>Comme en juin dernier, le patron du club bordelais r\u00e9affirme qu\u2019il tiendra les engagements pris au tribunal de commerce m\u00eame si l\u2019\u00e9quipe reste en N2, soit <a href=\"https:\/\/www.sudouest.fr\/sport\/football\/girondins-de-bordeaux\/girondins-de-bordeaux-la-dncg-acte-le-statu-quo-quelle-prochaine-echeance-financiere-27126129.php\" target=\"_blank\" rel=\"follow noopener\">un minimum de 7\u00a0millions d\u2019euros \u00e0 apporter en juin prochain<\/a> pour le paiement des dettes restantes et couvrir le budget 2026-2027 devant la DNCG. Comme <a href=\"https:\/\/www.sudouest.fr\/sport\/football\/ligue1\/ligue-1-finances-des-girondins-de-bordeaux-gerard-lopez-assure-qu-il-aura-les-fonds-9641797.php\" target=\"_blank\" rel=\"follow noopener\">en mars 2022 en Ligue 1<\/a>, <a href=\"https:\/\/www.lequipe.fr\/Football\/Article\/Gerard-lopez-bordeaux-rien-ne-pourra-m-enlever-cette-fierte-la\/1388989\" target=\"_blank\" rel=\"nofollow noopener\">avril 2023 et<\/a> <a href=\"https:\/\/www.sudouest.fr\/sport\/football\/girondins-de-bordeaux\/girondins-de-bordeaux-un-nouvel-actionnaire-a-venir-decryptage-d-une-annonce-17839275.php\" target=\"_blank\" rel=\"follow noopener\">d\u00e9cembre 2023 en Ligue 2<\/a>, <a href=\"https:\/\/www.sudouest.fr\/sport\/football\/girondins-de-bordeaux\/entretien-la-situation-et-l-avenir-du-club-les-finances-son-cas-personnel-gerard-lopez-s-exprime-en-longueur-sur-les-girondins-21405986.php\" target=\"_blank\" rel=\"follow noopener\">septembre 2024<\/a> et <a href=\"https:\/\/www.sudouest.fr\/sport\/football\/girondins-de-bordeaux\/girondins-de-bordeaux-je-sais-que-je-ne-recupererai-jamais-mon-argent-entretien-avec-gerard-lopez-24989056.php\" target=\"_blank\" rel=\"follow noopener\">juin 2025<\/a> en N2, G\u00e9rard Lopez rappelle \u00eatre ouvert \u00e0 l\u2019entr\u00e9e d\u2019investisseurs au capital \u00e0 ses c\u00f4t\u00e9s, et \u00eatre en contact avec plusieurs d\u2019entre eux. En esp\u00e9rant que la structure de co\u00fbt du club devenue plus faible permette cette fois de concr\u00e9tiser. \u00ab\u00a0Nous regardons un peu qui pourrait \u00eatre s\u00e9rieux. Nous ne sommes pas press\u00e9s\u00a0\u00bb, dit-il.<\/p>\n<p>Pour le reste, l\u2019interview devrait raviver la fracture consomm\u00e9e avec nombre de joueurs des ann\u00e9es glorieuses, <a href=\"https:\/\/www.sudouest.fr\/sport\/football\/girondins-de-bordeaux\/les-girondins-de-bordeaux-un-an-apres-le-plan-social-comment-les-salaries-licencies-tentent-de-digerer-et-se-relancer-26587029.php#:~:text=La%20fin%20d&#039;une%20%C3%A9poque,Haillan%20le%205%20novembre%202024.\" target=\"_blank\" rel=\"follow noopener\">ses ex-salari\u00e9s limog\u00e9s en novembre 2024<\/a>, ceux qui \u00ab\u00a0doutent de l\u2019amour qu\u2019il peut avoir pour son club\u00a0\u00bb, et une bonne partie du football fran\u00e7ais. G\u00e9rard Lopez r\u00e9pond vertement \u00e0 Bixente Lizarazu, <a href=\"https:\/\/www.sudouest.fr\/sport\/football\/girondins-de-bordeaux\/girondins-de-bordeaux-l-as-des-as-de-la-finance-a-parle-bixente-lizarazu-tacle-gerard-lopez-24873599.php#:~:text=Sous%20la%20capture%20d&#039;%C3%A9cran,pay%C3%A9es%2C%2086%20employ%C3%A9s%20licenci%C3%A9s%2C%20descente\" target=\"_blank\" rel=\"follow noopener\">tr\u00e8s critique<\/a>, et au pr\u00e9sident de l\u2019En Avant Guingamp, Fr\u00e9d\u00e9ric Legrand. Ce dernier s\u2019insurgeait sur la mise en valeur des Girondins sur la cha\u00eene de la Ligue de football professionnel (Ligue 1 +) alors que le club <a href=\"https:\/\/www.sudouest.fr\/sport\/girondins-de-bordeaux-face-a-la-fifa-la-bataille-juridique-sur-les-indemnites-de-transfert-va-commencer-26764211.php\" target=\"_blank\" rel=\"follow noopener\">ne paiera jamais l\u2019int\u00e9gralit\u00e9 des transferts sur lesquels il s\u2019\u00e9tait engag\u00e9 en 2023 sans en avoir les moyens<\/a> (pour la France, ceux de Livolant de Guingamp, de Badji d\u2019Amiens, d\u2019Onana de Lille). G\u00e9rard Lopez utilise le m\u00eame argument\u00a0: lui investit de l\u2019argent, pas eux.<\/p>\n<p>\u00c9checs et r\u00e9ussite<\/p>\n<p>L\u2019Hispano-Luxembourgeois d\u00e9fend son bilan \u00e0 Bordeaux en \u00e9voquant <a href=\"https:\/\/www.sudouest.fr\/sport\/football\/ligue1\/pourquoi-king-street-a-fini-par-lacher-les-girondins-2243372.php\" target=\"_blank\" rel=\"follow noopener\">la situation d\u00e9j\u00e0 critique du club \u00e0 son arriv\u00e9e<\/a>. \u00ab\u00a0J\u2019ai \u00e9t\u00e9 l\u00e0 quand personne n\u2019a voulu s\u2019occuper du club la premi\u00e8re fois [NDLR\u00a0: au printemps 2021]\u00a0\u00bb, <a href=\"https:\/\/www.sudouest.fr\/sport\/football\/girondins-de-bordeaux-jamais-je-n-aurais-pu-imaginer-que-le-club-en-arrive-la-lance-jean-louis-triaud-11559269.php\" target=\"_blank\" rel=\"follow noopener\">ne prenant pas en compte l\u2019option d\u00e9fendue \u00e0 l\u2019\u00e9poque par Jean-Didier Lange et Jean-Louis Triaud (1)<\/a>. Mais il n\u2019\u00e9voque pas ses \u00e9checs, avec des Marine et Blanc qu\u2019il avait annonc\u00e9 en juillet 2021 vouloir ramener en Coupe d\u2019Europe sous trois ans\u00a0: la premi\u00e8re descente sportive en Ligue 2 depuis 62\u00a0ans apr\u00e8s avoir recrut\u00e9 13 joueurs et choisi l\u2019entra\u00eeneur\u00a0; la fuite en avant de la saison 2023-2024 <a href=\"https:\/\/www.sudouest.fr\/sport\/football\/girondins-de-bordeaux\/girondins-de-bordeaux-15e-masse-salariale-de-france-pire-deficit-apres-le-psg-les-chiffres-fous-du-rapport-de-la-dncg-23685196.php\" target=\"_blank\" rel=\"follow noopener\">avec une masse salariale et des honoraires d\u2019agents jamais vus en Ligue 2<\/a> pour terminer \u00e0 une 12e place et \u00e0 un d\u00e9p\u00f4t de bilan.<\/p>\n<p>G\u00e9rard Lopez le souligne aussi\u00a0: depuis le tsunami de juillet 2024 qui a emport\u00e9 <a href=\"https:\/\/www.sudouest.fr\/sport\/football\/girondins-de-bordeaux-aujourd-hui-c-est-dur-demain-ca-risque-d-etre-terrible-le-dernier-jour-des-salaries-ce-mardi-5-novembre-au-haillan-22037328.php\" target=\"_blank\" rel=\"follow noopener\">la quasi-totalit\u00e9 des salari\u00e9s, l<\/a><a href=\"https:\/\/www.sudouest.fr\/sport\/football\/girondins-de-bordeaux\/comme-une-grande-famille-touchee-en-plein-coeur-les-temoignages-de-parents-et-enfants-du-centre-de-formation-des-girondins-20938739.php\" target=\"_blank\" rel=\"follow noopener\">es jeunes alors sous contrat au centre de formation<\/a> et <a href=\"https:\/\/www.sudouest.fr\/sport\/football\/girondins-de-bordeaux-les-feminines-exclues-des-championnats-nationaux-21262534.php\" target=\"_blank\" rel=\"follow noopener\">l\u2019\u00e9quipe professionnelle f\u00e9minine<\/a>, il a \u00e9vit\u00e9 la liquidation de la SASP Girondins et un probable retour \u00e0 l\u2019\u00e9chelon r\u00e9gional <a href=\"https:\/\/www.sudouest.fr\/sport\/football\/girondins-de-bordeaux-le-recit-d-une-annee-de-procedure-jusqu-au-plan-de-continuation-24925988.php\" target=\"_blank\" rel=\"follow noopener\">par ses apports (entre 10 et 11\u00a0millions d\u2019euros la saison derni\u00e8re) et en r\u00e9ussissant \u00e0 faire adopter avec son avocat et ses \u00e9quipes un plan de continuation quasi inesp\u00e9r\u00e9<\/a> au vu du montant des dettes il y a\u00a018 mois (94\u00a0millions d\u2019euros ramen\u00e9s \u00e0 26\u00a0millions d\u2019euros \u00e9tal\u00e9s sur 10\u00a0ans). Mais le chemin du succ\u00e8s d\u2019un retour en Ligue 1 vis\u00e9 dans le plan reste encore tr\u00e8s long.<\/p>\n<p>(1) Un d\u00e9p\u00f4t de bilan et placement en redressement judiciaire d\u00e8s ce moment pour faciliter une reprise, qui aurait signifi\u00e9 sportivement au pire une descente en L2 si elle avait eu lieu.<\/p>\n","protected":false},"excerpt":{"rendered":"Sur la saison en cours et la situation du club, G\u00e9rard Lopez n\u2019apporte pas d\u2019\u00e9l\u00e9ments nouveaux. Il dit&hellip;\n","protected":false},"author":2,"featured_media":662869,"comment_status":"","ping_status":"","sticky":false,"template":"","format":"standard","meta":{"footnotes":""},"categories":[2817],"tags":[1111,11,1997,1777,674,1011,27,12,2219,25],"class_list":{"0":"post-662868","1":"post","2":"type-post","3":"status-publish","4":"format-standard","5":"has-post-thumbnail","7":"category-bordeaux","8":"tag-actu","9":"tag-actualites","10":"tag-bordeaux","11":"tag-eu","12":"tag-europe","13":"tag-fr","14":"tag-france","15":"tag-news","16":"tag-nouvelle-aquitaine","17":"tag-republique-francaise"},"share_on_mastodon":{"url":"https:\/\/pubeurope.com\/@fr\/115893405261214825","error":""},"_links":{"self":[{"href":"https:\/\/www.europesays.com\/fr\/wp-json\/wp\/v2\/posts\/662868","targetHints":{"allow":["GET"]}}],"collection":[{"href":"https:\/\/www.europesays.com\/fr\/wp-json\/wp\/v2\/posts"}],"about":[{"href":"https:\/\/www.europesays.com\/fr\/wp-json\/wp\/v2\/types\/post"}],"author":[{"embeddable":true,"href":"https:\/\/www.europesays.com\/fr\/wp-json\/wp\/v2\/users\/2"}],"replies":[{"embeddable":true,"href":"https:\/\/www.europesays.com\/fr\/wp-json\/wp\/v2\/comments?post=662868"}],"version-history":[{"count":0,"href":"https:\/\/www.europesays.com\/fr\/wp-json\/wp\/v2\/posts\/662868\/revisions"}],"wp:featuredmedia":[{"embeddable":true,"href":"https:\/\/www.europesays.com\/fr\/wp-json\/wp\/v2\/media\/662869"}],"wp:attachment":[{"href":"https:\/\/www.europesays.com\/fr\/wp-json\/wp\/v2\/media?parent=662868"}],"wp:term":[{"taxonomy":"category","embeddable":true,"href":"https:\/\/www.europesays.com\/fr\/wp-json\/wp\/v2\/categories?post=662868"},{"taxonomy":"post_tag","embeddable":true,"href":"https:\/\/www.europesays.com\/fr\/wp-json\/wp\/v2\/tags?post=662868"}],"curies":[{"name":"wp","href":"https:\/\/api.w.org\/{rel}","templated":true}]}}