{"id":662876,"date":"2026-01-14T12:19:16","date_gmt":"2026-01-14T12:19:16","guid":{"rendered":"https:\/\/www.europesays.com\/fr\/662876\/"},"modified":"2026-01-14T12:19:16","modified_gmt":"2026-01-14T12:19:16","slug":"compositions-chaine-tv-heure-et-cotes-39","status":"publish","type":"post","link":"https:\/\/www.europesays.com\/fr\/662876\/","title":{"rendered":"Compositions, Cha\u00eene TV, Heure et Cotes"},"content":{"rendered":"<p style=\"text-align: justify;\"><strong>\u00c0 quelle heure et sur quelle cha\u00eene TV suivre le match de Ligue 1 entre le Paris Saint-Germain et le Lille OSC ? Retrouvez \u00e9galement les compositions des deux \u00e9quipes.<\/strong><\/p>\n<p style=\"text-align: justify;\">La rencontre entre le <strong>Paris Saint-Germain<\/strong> et le <strong>Lille OSC<\/strong>, comptant pour la 18\u00e8me journ\u00e9e de Ligue 1 2025\/2026, aura lieu vendredi 16 janvier 2026 \u00e0 21h00, au Parc des Princes, \u00e0 Paris.<\/p>\n<p>Paris en danger ?<\/p>\n<p style=\"text-align: justify;\">Le <strong>Paris Saint-Germain<\/strong> a profit\u00e9 des derni\u00e8res semaines pour garnir encore plus son armoire \u00e0 troph\u00e9es. Fin d\u00e9cembre, les champions de France ont rafl\u00e9 aux tirs au but la <a href=\"https:\/\/dicodusport.fr\/blog\/un-dernier-trophee-pour-le-psg-matvei-safonov-offre-la-coupe-intercontinentale-a-paris-aux-tirs-au-but\/\" target=\"_blank\" rel=\"noopener\">Coupe Intercontinentale<\/a>, avant d\u2019aller chercher de la m\u00eame mani\u00e8re le Troph\u00e9e des Champions contre l\u2019Olympique de Marseille. Mais les Parisiens ont subi un coup d\u2019arr\u00eat via une \u00e9limination en Coupe de France contre le Paris FC. Reste \u00e0 savoir \u00e0 quel point cela affectera leur saison.<\/p>\n<p><a href=\"https:\/\/dicodusport.fr\/blog\/lucas-chevalier-decisif-le-psg-eteint-lom-aux-tirs-au-but-et-conserve-son-trophee-des-champions\/\" class=\"vlp-link\" title=\"Lucas Chevalier d\u00e9cisif : le PSG \u00e9teint l\u2019OM aux tirs au but et conserve son Troph\u00e9e des Champions\" target=\"_blank\" rel=\"noopener\"><img loading=\"lazy\" decoding=\"async\" style=\"max-width: 792px;\" width=\"792\" height=\"445\" class=\"attachment-800x445 size-800x445 perfmatters-lazy\" alt=\"Lucas Chevalier d\u00e9cisif le PSG \u00e9teint l\u2019OM aux tirs au but et conserve son Troph\u00e9e des Champions\" src=\"https:\/\/www.europesays.com\/fr\/wp-content\/uploads\/2026\/01\/Lucas-Chevalier-decisif-le-PSG-eteint-lOM-aux-tirs-au-but-et-conserve-son-Trophee-des-Champions-1.pn.png\"  data-\/><\/p>\n<p>Lucas Chevalier d\u00e9cisif : le PSG \u00e9teint l\u2019OM aux tirs au but et conserve son Troph\u00e9e des Champions<\/p>\n<p>L\u2019OM y a cru mais le PSG conserve son titre au terme de la s\u00e9ance de tirs au but (2-2, 4-1 TAB).<\/p>\n<p>Lire l&rsquo;article<\/p>\n<p>dicodusport.fr<\/p>\n<p style=\"text-align: justify;\"><strong>Lille<\/strong> a \u00e9galement quitt\u00e9 la Coupe de France en 16\u00e8me de finale, logiquement battu \u00e0 Lyon. Mais en Ligue 1, les Dogues sont troisi\u00e8me ex\u00e6quo \u00e0 mi-parcours, et donc parfaitement en course pour une qualification en Ligue des champions. N\u00e9anmoins, ils restent sur une triste d\u00e9faite 0-2 \u00e0 domicile contre Rennes, et s\u2019ils s\u2019inclinaient ce vendredi soir, ce serait la premi\u00e8re fois de la saison qu\u2019ils perdraient trois matchs d\u2019affil\u00e9e.<\/p>\n<p><a href=\"https:\/\/www.youtube.com\/watch?v=7nupFXI0-gU&amp;pp=ygUJbGlsbGUgUFNH\" class=\"vlp-link\" title=\"Lille 1-1 PSG\" rel=\"nofollow noopener\" target=\"_blank\"><img decoding=\"async\" style=\"max-width: 800px; max-height: 800px\" class=\"perfmatters-lazy\" src=\"https:\/\/www.europesays.com\/fr\/wp-content\/uploads\/2026\/01\/sddefault.jpg\"\/><\/p>\n<p>Lille 1-1 PSG<\/p>\n<p>Lire l&rsquo;article<\/p>\n<p>www.youtube.com<\/p>\n<p style=\"text-align: justify;\">Au match aller, les deux \u00e9quipes s\u2019\u00e9taient quitt\u00e9es sur un nul <strong>1-1<\/strong>. Mais chez les bookmakers, le PSG est logiquement favori de ce choc de la 18\u00e8me journ\u00e9e de Ligue 1.<\/p>\n<p>Ligue 1 : Le programme TV de PSG \u2013 Lille<br \/>\nVendredi 16 janvier 2026<\/p>\n<p style=\"text-align: justify;\"><b>Match diffus\u00e9 sur beIN SPORTS 1<\/b><b>\u00a0: <\/b>D\u00e9but du match \u00e0<strong> 21h00.<\/strong><\/p>\n<p>Les compositions officielles de PSG \u2013 Lille<br \/>\nLa composition du PSG<\/p>\n<p style=\"text-align: justify;\">\u00c0 venir<\/p>\n<p>La composition de Lille<\/p>\n<p style=\"text-align: justify;\">\u00c0 venir<\/p>\n<tr style=\"height: 16px;\">\n<td style=\"background-color: #404040; border-color: #ededed; width: 840px; text-align: left;\" colspan=\"3\"><strong><img loading=\"lazy\" decoding=\"async\" class=\"alignnone wp-image-512842 perfmatters-lazy\" alt=\"\" width=\"14\" height=\"13\" src=\"https:\/\/www.europesays.com\/fr\/wp-content\/uploads\/2025\/05\/Logo-Winamax.png\"  data-\/> Vendredi 16 janvier 2026 21h00<\/strong><\/td>\n<\/tr>\n<tr style=\"height: 24px;\">\n<td style=\"background-color: #ffffff; border-color: #ededed; vertical-align: middle; text-align: center; width: 266px;\"><strong>PSG<br \/><\/strong><a href=\"https:\/\/www.winamax.fr\/paris-sportifs\/match\/61526306?banid=33423\" class=\"su-button su-button-style-flat su-button-wide\" style=\"color:#fff;background-color:#0860ff;border-color:#074dcc;border-radius:5px\" target=\"_blank\" rel=\"noopener noreferrer\"> 1.39<\/a><\/td>\n<td style=\"background-color: #ffffff; border-color: #ededed; vertical-align: middle; text-align: center; width: 266px;\"><strong>Match nul<\/strong><br \/><a href=\"https:\/\/www.winamax.fr\/paris-sportifs\/match\/61526306?banid=33423\" class=\"su-button su-button-style-flat su-button-wide\" style=\"color:#fff;background-color:#0860ff;border-color:#074dcc;border-radius:5px\" target=\"_blank\" rel=\"noopener noreferrer\"> 4.80<\/a><\/td>\n<td style=\"background-color: #ffffff; border-color: #ededed; vertical-align: middle; text-align: center; width: 266px;\"><strong>Paris FC<\/strong><br \/><a href=\"https:\/\/www.winamax.fr\/paris-sportifs\/match\/61526306?banid=33423\" class=\"su-button su-button-style-flat su-button-wide\" style=\"color:#fff;background-color:#0860ff;border-color:#074dcc;border-radius:5px\" target=\"_blank\" rel=\"noopener noreferrer\"> 6.25<\/a><\/td>\n<\/tr>\n<p style=\"text-align: justify;\">Tentez votre chance en profitant de votre <a href=\"https:\/\/www.winamax.fr\/registration\/landing\/affiliation_Bonus100?banid=33423\" target=\"_blank\" rel=\"noopener\">1er d\u00e9p\u00f4t doubl\u00e9 jusqu\u2019\u00e0 100 \u20ac<\/a> direct en paris gratuits sur Winamax !<\/p>\n<p>\n<a href=\"https:\/\/dicodusport.fr\/blog\/offres\/abonnements-sans-pub\/\" target=\"_blank\" rel=\"noopener\"><img loading=\"lazy\" decoding=\"async\" class=\"alignnone size-full wp-image-501284 perfmatters-lazy\" alt=\"\" width=\"1200\" height=\"200\" src=\"https:\/\/www.europesays.com\/fr\/wp-content\/uploads\/2025\/04\/Abonnements-sans-pubs-Dicodusport.png\"\/><\/a><\/p>\n","protected":false},"excerpt":{"rendered":"\u00c0 quelle heure et sur quelle cha\u00eene TV suivre le match de Ligue 1 entre le Paris Saint-Germain&hellip;\n","protected":false},"author":2,"featured_media":662877,"comment_status":"","ping_status":"","sticky":false,"template":"","format":"standard","meta":{"footnotes":""},"categories":[2815],"tags":[1111,11,2113,1777,674,63,1011,27,811,66,1307,44780,12,91,502,25],"class_list":{"0":"post-662876","1":"post","2":"type-post","3":"status-publish","4":"format-standard","5":"has-post-thumbnail","7":"category-lille","8":"tag-actu","9":"tag-actualites","10":"tag-breve","11":"tag-eu","12":"tag-europe","13":"tag-football","14":"tag-fr","15":"tag-france","16":"tag-hauts-de-france","17":"tag-ligue-1","18":"tag-lille","19":"tag-lille-osc","20":"tag-news","21":"tag-paris-saint-germain","22":"tag-programme-tv","23":"tag-republique-francaise"},"share_on_mastodon":{"url":"https:\/\/pubeurope.com\/@fr\/115893421399946633","error":""},"_links":{"self":[{"href":"https:\/\/www.europesays.com\/fr\/wp-json\/wp\/v2\/posts\/662876","targetHints":{"allow":["GET"]}}],"collection":[{"href":"https:\/\/www.europesays.com\/fr\/wp-json\/wp\/v2\/posts"}],"about":[{"href":"https:\/\/www.europesays.com\/fr\/wp-json\/wp\/v2\/types\/post"}],"author":[{"embeddable":true,"href":"https:\/\/www.europesays.com\/fr\/wp-json\/wp\/v2\/users\/2"}],"replies":[{"embeddable":true,"href":"https:\/\/www.europesays.com\/fr\/wp-json\/wp\/v2\/comments?post=662876"}],"version-history":[{"count":0,"href":"https:\/\/www.europesays.com\/fr\/wp-json\/wp\/v2\/posts\/662876\/revisions"}],"wp:featuredmedia":[{"embeddable":true,"href":"https:\/\/www.europesays.com\/fr\/wp-json\/wp\/v2\/media\/662877"}],"wp:attachment":[{"href":"https:\/\/www.europesays.com\/fr\/wp-json\/wp\/v2\/media?parent=662876"}],"wp:term":[{"taxonomy":"category","embeddable":true,"href":"https:\/\/www.europesays.com\/fr\/wp-json\/wp\/v2\/categories?post=662876"},{"taxonomy":"post_tag","embeddable":true,"href":"https:\/\/www.europesays.com\/fr\/wp-json\/wp\/v2\/tags?post=662876"}],"curies":[{"name":"wp","href":"https:\/\/api.w.org\/{rel}","templated":true}]}}