{"id":662878,"date":"2026-01-14T12:20:10","date_gmt":"2026-01-14T12:20:10","guid":{"rendered":"https:\/\/www.europesays.com\/fr\/662878\/"},"modified":"2026-01-14T12:20:10","modified_gmt":"2026-01-14T12:20:10","slug":"car-t-cells-un-traitement-dimmunotherapie-innovant-fait-son-entree-a-la-conception","status":"publish","type":"post","link":"https:\/\/www.europesays.com\/fr\/662878\/","title":{"rendered":"CAR-T cells : un traitement d\u2019immunoth\u00e9rapie innovant fait son entr\u00e9e \u00e0 La Conception"},"content":{"rendered":"<p class=\"fs-6 fst-normal fw-normal lh-base mb-3\">L\u2019AP-HM fait d\u00e9sormais partie des centres qualifi\u00e9s pour administrer des cellules CAR-T (Chimeric Antigenic Receptor &#8211; T \/ CAR-T cells) aux patients adultes atteints de cancers du sang. L\u2019efficacit\u00e9 de ce traitement est av\u00e9r\u00e9e puisqu\u2019il permet de mettre en r\u00e9mission prolong\u00e9e plus d\u2019un patient sur deux.<\/p>\n<p class=\"fs-6 fst-normal fw-normal lh-base mb-3\">L\u2019obtention de l\u2019accr\u00e9ditation aupr\u00e8s de l\u2019ARS et la mise en place d\u2019un circuit conforme aux plus hautes exigences en mati\u00e8re de qualit\u00e9 et de s\u00e9curit\u00e9 sont le r\u00e9sultat d\u2019un investissement sans faille de la part des \u00e9quipes. Un succ\u00e8s collectif, fruit non seulement du travail multidisciplinaire men\u00e9, mais aussi d\u2019un fort appui de la Direction g\u00e9n\u00e9rale ainsi que des directions de site et de la qualit\u00e9.<\/p>\n<p class=\"fs-6 fst-normal fw-normal lh-base mb-3\">M\u00e9dicament d\u2019immunoth\u00e9rapie innovant associant th\u00e9rapie g\u00e9nique et th\u00e9rapie cellulaire, les cellules CAR-T sont le r\u00e9sultat d\u2019une modification g\u00e9n\u00e9tique de lymphocytes T recueillis, par cytaph\u00e9r\u00e8se, chez les patients eux-m\u00eames. Reprogramm\u00e9s en laboratoire pour les rendre \u00e0 m\u00eame de cibler et d\u00e9truire les cellules tumorales (lymphomes et my\u00e9lomes), ces lymphocytes T sont ensuite administr\u00e9s aux patients. Une seule injection est n\u00e9cessaire. Une chimioth\u00e9rapie est syst\u00e9matiquement pratiqu\u00e9e au pr\u00e9alable, de mani\u00e8re \u00e0 induire une d\u00e9pl\u00e9tion du syst\u00e8me immunitaire. Cela donne le champ libre aux cellules CAR-T pour agir pleinement contre les cellules tumorales.<\/p>\n<p class=\"fs-6 fst-normal fw-normal lh-base mb-3\">Il s\u2019agit donc d\u2019un m\u00e9dicament personnalis\u00e9, vivant, dont l\u2019\u00e9laboration et l\u2019utilisation constituent un processus \u00e0 la fois complexe et co\u00fbteux, n\u00e9cessitant une structure parfaitement adapt\u00e9e et la mobilisation de plusieurs sp\u00e9cialit\u00e9s. En effet, si la fabrication des cellules CAR-T est r\u00e9alis\u00e9e hors AP-HM, dans des laboratoires pharmaceutiques en Europe ou aux Etats-Unis, toutes les \u00e9tapes de pr\u00e9l\u00e8vement, conservation en salle de cryog\u00e9nisation, pr\u00e9paration, d\u00e9livrance, surveillance et suivi rel\u00e8vent en revanche de l\u2019expertise et de l\u2019\u00e9troite collaboration des \u00e9quipes de l\u2019H\u00f4pital de La Conception : service d\u2019<a class=\"fs-6 fst-normal fw-bold text-primary\" href=\"https:\/\/fr.ap-hm.fr\/service\/hemapherese-autotransfusion-hopital-conception\" rel=\"noopener\" target=\"_blank\">H\u00e9maph\u00e9r\u00e8se<\/a> du Dr Pascale Poullin, <a class=\"fs-6 fst-normal fw-bold text-primary\" href=\"https:\/\/fr.ap-hm.fr\/service\/unite-de-culture-et-therapie-cellulaire-hopital-conception\" rel=\"noopener\" target=\"_blank\">Laboratoire de culture et th\u00e9rapie cellulaire<\/a> du Pr Florence Sabatier, service d\u2019<a class=\"fs-6 fst-normal fw-bold text-primary\" href=\"https:\/\/fr.ap-hm.fr\/site\/cancer-marseille\/adulte\/cancers-hematologiques\" rel=\"noopener\" target=\"_blank\">H\u00e9matologie et th\u00e9rapies cellulaires<\/a> du Pr R\u00e9gis Costello, Pharmacie \u00e0 Usage Interne (lors de la r\u00e9injection, le produit ayant un statut de m\u00e9dicament), mais aussi R\u00e9animation et Neurologie\/Neuroradiologie, en capacit\u00e9 d\u2019intervenir tr\u00e8s rapidement en cas de r\u00e9action ind\u00e9sirable.<\/p>\n<p class=\"fs-6 fst-normal fw-normal lh-base mb-3\">Le m\u00e9dicament a \u00e9t\u00e9 administr\u00e9 avec succ\u00e8s chez plusieurs patients ces derniers mois. D\u2019ici la fin de l\u2019ann\u00e9e, une dizaine de patient en aura b\u00e9n\u00e9fici\u00e9. Cette th\u00e9rapeutique se limite pour l&rsquo;instant \u00e0 l&rsquo;h\u00e9matologie mais devrait se diversifier dans de nombreuses sp\u00e9cialit\u00e9s, dans le champ de l&rsquo;oncologie mais aussi dans de nombreuses autres sp\u00e9cialit\u00e9s, avec le d\u00e9veloppement de la recherche et des essais cliniques. Dans cette optique, les <a class=\"fs-6 fst-normal fw-bold text-primary\" href=\"https:\/\/fr.ap-hm.fr\/actu\/centre-investigation-clinique-plateforme-excellence-recherche-marseillaise\" rel=\"noopener\" target=\"_blank\">Centres d\u2019Investigation Clinique<\/a> et le <a class=\"fs-6 fst-normal fw-bold text-primary\" href=\"https:\/\/www.youtube.com\/watch?v=exTrQkeqthM\" rel=\"noopener\" target=\"_blank\">Centre d&rsquo;Essais Pr\u00e9coces en Canc\u00e9rologie de Marseille \u2013 CEPCM CLIP2<\/a> sont de pr\u00e9cieux atouts pour ce d\u00e9veloppement.<\/p>\n","protected":false},"excerpt":{"rendered":"L\u2019AP-HM fait d\u00e9sormais partie des centres qualifi\u00e9s pour administrer des cellules CAR-T (Chimeric Antigenic Receptor &#8211; T \/&hellip;\n","protected":false},"author":2,"featured_media":662879,"comment_status":"","ping_status":"","sticky":false,"template":"","format":"standard","meta":{"footnotes":""},"categories":[2814],"tags":[1111,11,1777,674,1011,27,884,12,882,25],"class_list":{"0":"post-662878","1":"post","2":"type-post","3":"status-publish","4":"format-standard","5":"has-post-thumbnail","7":"category-marseille","8":"tag-actu","9":"tag-actualites","10":"tag-eu","11":"tag-europe","12":"tag-fr","13":"tag-france","14":"tag-marseille","15":"tag-news","16":"tag-provence-alpes-cote-dazur","17":"tag-republique-francaise"},"share_on_mastodon":{"url":"https:\/\/pubeurope.com\/@fr\/115893424944345192","error":""},"_links":{"self":[{"href":"https:\/\/www.europesays.com\/fr\/wp-json\/wp\/v2\/posts\/662878","targetHints":{"allow":["GET"]}}],"collection":[{"href":"https:\/\/www.europesays.com\/fr\/wp-json\/wp\/v2\/posts"}],"about":[{"href":"https:\/\/www.europesays.com\/fr\/wp-json\/wp\/v2\/types\/post"}],"author":[{"embeddable":true,"href":"https:\/\/www.europesays.com\/fr\/wp-json\/wp\/v2\/users\/2"}],"replies":[{"embeddable":true,"href":"https:\/\/www.europesays.com\/fr\/wp-json\/wp\/v2\/comments?post=662878"}],"version-history":[{"count":0,"href":"https:\/\/www.europesays.com\/fr\/wp-json\/wp\/v2\/posts\/662878\/revisions"}],"wp:featuredmedia":[{"embeddable":true,"href":"https:\/\/www.europesays.com\/fr\/wp-json\/wp\/v2\/media\/662879"}],"wp:attachment":[{"href":"https:\/\/www.europesays.com\/fr\/wp-json\/wp\/v2\/media?parent=662878"}],"wp:term":[{"taxonomy":"category","embeddable":true,"href":"https:\/\/www.europesays.com\/fr\/wp-json\/wp\/v2\/categories?post=662878"},{"taxonomy":"post_tag","embeddable":true,"href":"https:\/\/www.europesays.com\/fr\/wp-json\/wp\/v2\/tags?post=662878"}],"curies":[{"name":"wp","href":"https:\/\/api.w.org\/{rel}","templated":true}]}}