{"id":662880,"date":"2026-01-14T12:21:14","date_gmt":"2026-01-14T12:21:14","guid":{"rendered":"https:\/\/www.europesays.com\/fr\/662880\/"},"modified":"2026-01-14T12:21:14","modified_gmt":"2026-01-14T12:21:14","slug":"des-agents-des-transports-en-commun-equipes-darmes-non-letales","status":"publish","type":"post","link":"https:\/\/www.europesays.com\/fr\/662880\/","title":{"rendered":"des agents des transports en commun \u00e9quip\u00e9s d&rsquo;armes non l\u00e9tales"},"content":{"rendered":"<p>Marseille: des agents des transports en commun \u00e9quip\u00e9s d&rsquo;armes non l\u00e9talesSur le m\u00eame sujet<a href=\"https:\/\/www.bfmtv.com\/societe\/video-kfc-annonce-que-24-de-ses-restaurants-proposeront-desormais-du-poulet-halal_VN-202601140547.html\" title=\"KFC annonce que 24 de ses restaurants proposeront d\u00e9sormais du poulet halal\" target=\"_blank\" rel=\"noopener\"><img width=\"16\" height=\"9\" class=\"lozad\"  alt=\"KFC annonce que 24 de ses restaurants proposeront d\u00e9sormais du poulet halal\"\/>2:40KFC annonce que 24 de ses restaurants proposeront d\u00e9sormais du poulet halal<\/a><a href=\"https:\/\/www.bfmtv.com\/societe\/video-un-astronaute-filme-une-aurore-boreale-depuis-l-iss_VN-202601140540.html\" title=\"Un astronaute filme une aurore bor\u00e9ale depuis l&#039;ISS \" target=\"_blank\" rel=\"noopener\"><img width=\"16\" height=\"9\" class=\"lozad\"  alt=\"Un astronaute filme une aurore bor\u00e9ale depuis l'ISS \"\/>0:37Un astronaute filme une aurore bor\u00e9ale depuis l&rsquo;ISS<\/a><a href=\"https:\/\/www.bfmtv.com\/societe\/video-marseille-des-agents-des-transports-en-commun-equipes-d-armes-non-letales_VN-202601140522.html\" title=\"Marseille: des agents des transports en commun \u00e9quip\u00e9s d&#039;armes non l\u00e9tales \" target=\"_blank\" rel=\"noopener\"><img width=\"16\" height=\"9\" class=\"lozad\"  alt=\"Marseille: des agents des transports en commun \u00e9quip\u00e9s d'armes non l\u00e9tales \"\/>en lectureMarseille: des agents des transports en commun \u00e9quip\u00e9s d&rsquo;armes non l\u00e9tales<\/a><a href=\"https:\/\/www.bfmtv.com\/societe\/video-mobilisation-des-agriculteurs-plusieurs-interpellations-a-toulouse-et-dans-sa-peripherie_VN-202601140503.html\" title=\"Mobilisation des agriculteurs: plusieurs interpellations \u00e0 Toulouse et dans sa p\u00e9riph\u00e9rie\" target=\"_blank\" rel=\"noopener\"><img width=\"16\" height=\"9\" class=\"lozad\"  alt=\"Mobilisation des agriculteurs: plusieurs interpellations \u00e0 Toulouse et dans sa p\u00e9riph\u00e9rie\"\/>1:30Mobilisation des agriculteurs: plusieurs interpellations \u00e0 Toulouse et dans sa p\u00e9riph\u00e9rie<\/a><a href=\"https:\/\/www.bfmtv.com\/societe\/video-regardez-les-telephones-de-vos-enfants-l-ancienne-marlene-schiappa-publie-la-machosphere-qui-traite-de-la-mouvance-anti-femmes-et-des-violences-inherentes_VN-202601140483.html\" title=\"&quot;Regardez les t\u00e9l\u00e9phones de vos enfants&quot;: l&#039;ancienne Marl\u00e8ne Schiappa publie &quot;La Machosph\u00e8re&quot;, qui traite de la mouvance anti-femmes et des violences inh\u00e9rentes\" target=\"_blank\" rel=\"noopener\"><img width=\"16\" height=\"9\" class=\"lozad\"  alt=\"&quot;Regardez les t\u00e9l\u00e9phones de vos enfants&quot;: l'ancienne Marl\u00e8ne Schiappa publie &quot;La Machosph\u00e8re&quot;, qui traite de la mouvance anti-femmes et des violences inh\u00e9rentes\"\/>1:12&Prime;Regardez les t\u00e9l\u00e9phones de vos enfants\u00a0\u00bb: l&rsquo;ancienne Marl\u00e8ne Schiappa publie \u00ab\u00a0La Machosph\u00e8re\u00a0\u00bb, qui traite de la mouvance anti-femmes et des violences inh\u00e9rentes<\/a><a href=\"https:\/\/www.bfmtv.com\/international\/moyen-orient\/iran\/video-iran-on-a-envie-de-croire-que-cette-fois-ci-c-est-la-bonne-affirme-aila-navidi-franco-iranienne-metteuse-en-scene-et-comedienne_VN-202601140479.html\" title=\"Manifestations en Iran: &quot;On a envie de croire que, cette fois-ci, c&#039;est la bonne&quot;, confie A\u00efla Navidi, metteuse en sc\u00e8ne et com\u00e9dienne franco-iranienne\" target=\"_blank\" rel=\"noopener\"><img width=\"16\" height=\"9\" class=\"lozad\"  alt=\"Manifestations en Iran: &quot;On a envie de croire que, cette fois-ci, c'est la bonne&quot;, confie A\u00efla Navidi, metteuse en sc\u00e8ne et com\u00e9dienne franco-iranienne\"\/>0:50Manifestations en Iran: \u00ab\u00a0On a envie de croire que, cette fois-ci, c&rsquo;est la bonne\u00a0\u00bb, confie A\u00efla Navidi, metteuse en sc\u00e8ne et com\u00e9dienne franco-iranienne<\/a><a href=\"https:\/\/www.bfmtv.com\/sante\/video-urgences-de-rennes-saturees-les-soignants-en-greve_VN-202601140469.html\" title=\"Urgences de Rennes satur\u00e9es: les soignants en gr\u00e8ve \" target=\"_blank\" rel=\"noopener\"><img width=\"16\" height=\"9\" class=\"lozad\"  alt=\"Urgences de Rennes satur\u00e9es: les soignants en gr\u00e8ve \"\/>0:56Urgences de Rennes satur\u00e9es: les soignants en gr\u00e8ve<\/a><a href=\"https:\/\/www.bfmtv.com\/societe\/video-yohann-barbe-porte-parole-de-la-fnsea-le-gouvernement-ne-fait-que-retarder-l-echeance-a-un-moment-il-faudra-un-grand-plan-pour-l-agriculture_VN-202601140445.html\" title=\"Yohann Barbe, porte-parole de la FNSEA: &quot;Le gouvernement ne fait que retarder l&#039;\u00e9ch\u00e9ance, \u00e0 un moment, il faudra un grand plan pour l&#039;agriculture&quot;\" target=\"_blank\" rel=\"noopener\"><img width=\"16\" height=\"9\" class=\"lozad\"  alt=\"Yohann Barbe, porte-parole de la FNSEA: &quot;Le gouvernement ne fait que retarder l'\u00e9ch\u00e9ance, \u00e0 un moment, il faudra un grand plan pour l'agriculture&quot;\"\/>0:57Yohann Barbe, porte-parole de la FNSEA: \u00ab\u00a0Le gouvernement ne fait que retarder l&rsquo;\u00e9ch\u00e9ance, \u00e0 un moment, il faudra un grand plan pour l&rsquo;agriculture\u00a0\u00bb<\/a><a href=\"https:\/\/www.bfmtv.com\/international\/moyen-orient\/iran\/video-les-eclaireurs-iran-les-visages-derriere-les-effrayants-bilans_VN-202601140417.html\" title=\"LES \u00c9CLAIREURS - Iran: les visages derri\u00e8re les effrayants bilans\" target=\"_blank\" rel=\"noopener\"><img width=\"16\" height=\"9\" class=\"lozad\"  alt=\"LES \u00c9CLAIREURS - Iran: les visages derri\u00e8re les effrayants bilans\"\/>2:20LES \u00c9CLAIREURS &#8211; Iran: les visages derri\u00e8re les effrayants bilans<\/a><a href=\"https:\/\/www.bfmtv.com\/societe\/video-allemagne-un-influenceur-se-filme-en-train-de-rouler-a-plus-de-370km-h-sur-l-autoroute_VN-202601140375.html\" title=\"Allemagne: un influenceur se filme en train de rouler \u00e0 plus de 370km\/h sur l&#039;autoroute\" target=\"_blank\" rel=\"noopener\"><img width=\"16\" height=\"9\" class=\"lozad\"  alt=\"Allemagne: un influenceur se filme en train de rouler \u00e0 plus de 370km\/h sur l'autoroute\"\/>1:15Allemagne: un influenceur se filme en train de rouler \u00e0 plus de 370km\/h sur l&rsquo;autoroute<\/a><a href=\"https:\/\/www.bfmtv.com\/societe\/video-pour-luc-smessaert-vice-president-de-la-fnsea-il-n-y-a-que-le-rapport-de-force-qui-fait-avancer_VN-202601140332.html\" title=\"Pour Luc Smessaert, vice-pr\u00e9sident de la FNSEA, &quot;il n&#039;y a que le rapport de force qui fait avancer&quot;\" target=\"_blank\" rel=\"noopener\"><img width=\"16\" height=\"9\" class=\"lozad\"  alt=\"Pour Luc Smessaert, vice-pr\u00e9sident de la FNSEA, &quot;il n'y a que le rapport de force qui fait avancer&quot;\"\/>2:09Pour Luc Smessaert, vice-pr\u00e9sident de la FNSEA, \u00ab\u00a0il n&rsquo;y a que le rapport de force qui fait avancer\u00a0\u00bb<\/a><a href=\"https:\/\/www.bfmtv.com\/societe\/video-mobilisation-des-agriculteurs-pour-la-region-occitanie-c-est-une-question-de-survie-estime-quentin-le-guillous-jeunes-agriculteurs_VN-202601140318.html\" title=\"Mobilisation des agriculteurs: &quot;Pour la r\u00e9gion Occitanie, c&#039;est une question de survie&quot;, estime Quentin Le Guillous (Jeunes Agriculteurs)\" target=\"_blank\" rel=\"noopener\"><img width=\"16\" height=\"9\" class=\"lozad\"  alt=\"Mobilisation des agriculteurs: &quot;Pour la r\u00e9gion Occitanie, c'est une question de survie&quot;, estime Quentin Le Guillous (Jeunes Agriculteurs)\"\/>2:38Mobilisation des agriculteurs: \u00ab\u00a0Pour la r\u00e9gion Occitanie, c&rsquo;est une question de survie\u00a0\u00bb, estime Quentin Le Guillous (Jeunes Agriculteurs)<\/a><a href=\"https:\/\/www.bfmtv.com\/societe\/manifestations\/video-operation-escargot-des-agriculteurs-sur-l-a50-avant-tout-les-solutions-et-apres-on-verra-si-l-arrachage-rentrera-en-jeu-affirme-andre-lanza-viticulteur_VN-202601140241.html\" title=\"Op\u00e9ration escargot des agriculteurs sur l&#039;A50: &quot;Avant tout, les solutions, et apr\u00e8s on verra si l&#039;arrachage rentrera en jeu&quot;, affirme Andr\u00e9 Lanza, viticulteur\" target=\"_blank\" rel=\"noopener\"><img width=\"16\" height=\"9\" class=\"lozad\"  alt=\"Op\u00e9ration escargot des agriculteurs sur l'A50: &quot;Avant tout, les solutions, et apr\u00e8s on verra si l'arrachage rentrera en jeu&quot;, affirme Andr\u00e9 Lanza, viticulteur\"\/>1:43Op\u00e9ration escargot des agriculteurs sur l&rsquo;A50: \u00ab\u00a0Avant tout, les solutions, et apr\u00e8s on verra si l&rsquo;arrachage rentrera en jeu\u00a0\u00bb, affirme Andr\u00e9 Lanza, viticulteur<\/a><a href=\"https:\/\/www.bfmtv.com\/societe\/video-375km-h-comment-les-autoroutes-allemandes-sans-limitation-de-vitesse-sont-devenues-le-terrain-de-jeu-des-influenceurs_VN-202601140230.html\" title=\"375km\/h: comment les autoroutes allemandes sans limitation de vitesse sont devenues le terrain de jeu des influenceurs?\" target=\"_blank\" rel=\"noopener\"><img width=\"16\" height=\"9\" class=\"lozad\"  alt=\"375km\/h: comment les autoroutes allemandes sans limitation de vitesse sont devenues le terrain de jeu des influenceurs?\"\/>1:13375km\/h: comment les autoroutes allemandes sans limitation de vitesse sont devenues le terrain de jeu des influenceurs?<\/a><a class=\"jumpToVideo\" target=\"_blank\"><img class=\"thumbnailPreview\"\/><\/a><\/p>\n","protected":false},"excerpt":{"rendered":"Marseille: des agents des transports en commun \u00e9quip\u00e9s d&rsquo;armes non l\u00e9talesSur le m\u00eame sujet2:40KFC annonce que 24 de&hellip;\n","protected":false},"author":2,"featured_media":662881,"comment_status":"","ping_status":"","sticky":false,"template":"","format":"standard","meta":{"footnotes":""},"categories":[2814],"tags":[1111,11,1777,674,1011,27,884,12,882,25],"class_list":{"0":"post-662880","1":"post","2":"type-post","3":"status-publish","4":"format-standard","5":"has-post-thumbnail","7":"category-marseille","8":"tag-actu","9":"tag-actualites","10":"tag-eu","11":"tag-europe","12":"tag-fr","13":"tag-france","14":"tag-marseille","15":"tag-news","16":"tag-provence-alpes-cote-dazur","17":"tag-republique-francaise"},"share_on_mastodon":{"url":"https:\/\/pubeurope.com\/@fr\/115893428893463019","error":""},"_links":{"self":[{"href":"https:\/\/www.europesays.com\/fr\/wp-json\/wp\/v2\/posts\/662880","targetHints":{"allow":["GET"]}}],"collection":[{"href":"https:\/\/www.europesays.com\/fr\/wp-json\/wp\/v2\/posts"}],"about":[{"href":"https:\/\/www.europesays.com\/fr\/wp-json\/wp\/v2\/types\/post"}],"author":[{"embeddable":true,"href":"https:\/\/www.europesays.com\/fr\/wp-json\/wp\/v2\/users\/2"}],"replies":[{"embeddable":true,"href":"https:\/\/www.europesays.com\/fr\/wp-json\/wp\/v2\/comments?post=662880"}],"version-history":[{"count":0,"href":"https:\/\/www.europesays.com\/fr\/wp-json\/wp\/v2\/posts\/662880\/revisions"}],"wp:featuredmedia":[{"embeddable":true,"href":"https:\/\/www.europesays.com\/fr\/wp-json\/wp\/v2\/media\/662881"}],"wp:attachment":[{"href":"https:\/\/www.europesays.com\/fr\/wp-json\/wp\/v2\/media?parent=662880"}],"wp:term":[{"taxonomy":"category","embeddable":true,"href":"https:\/\/www.europesays.com\/fr\/wp-json\/wp\/v2\/categories?post=662880"},{"taxonomy":"post_tag","embeddable":true,"href":"https:\/\/www.europesays.com\/fr\/wp-json\/wp\/v2\/tags?post=662880"}],"curies":[{"name":"wp","href":"https:\/\/api.w.org\/{rel}","templated":true}]}}