{"id":662882,"date":"2026-01-14T12:22:11","date_gmt":"2026-01-14T12:22:11","guid":{"rendered":"https:\/\/www.europesays.com\/fr\/662882\/"},"modified":"2026-01-14T12:22:11","modified_gmt":"2026-01-14T12:22:11","slug":"elections-metropolitaines-veronique-sarselli-veut-fluidifier-la-circulation-de-la-metropole-de-lyon-a-laide-de-lia","status":"publish","type":"post","link":"https:\/\/www.europesays.com\/fr\/662882\/","title":{"rendered":"\u00c9lections m\u00e9tropolitaines. V\u00e9ronique Sarselli veut fluidifier la circulation\u00a0de la m\u00e9tropole de Lyon \u00e0 l\u2019aide de l\u2019IA"},"content":{"rendered":"<p>Ce mercredi 14\u00a0janvier, la candidate de la m\u00e9tropole de Lyon, <a href=\"https:\/\/www.leprogres.fr\/p\/veronique-sarselli\" target=\"_blank\" rel=\"noopener\">V\u00e9ronique Sarselli<\/a>, a choisi le terrain et l\u2019innovation pour s\u2019adresser \u00e0 la presse lyonnaise. \u00c0 Villeurbanne, au c\u0153ur de <a href=\"https:\/\/www.leprogres.fr\/economie\/2025\/03\/24\/rhone-collecte-de-donnees-alyce-a-triple-son-ca-en-six-ans-grace-a-l-ia\" target=\"_blank\" rel=\"noopener\">l\u2019entreprise Alyce<\/a> , sp\u00e9cialis\u00e9e depuis 25 ans dans la collecte et l\u2019analyse des donn\u00e9es de mobilit\u00e9, la candidate \u00e0 la pr\u00e9sidence de la m\u00e9tropole de Lyon a d\u00e9roul\u00e9 une partie de sa vision des d\u00e9placements de demain.<\/p>\n<p>La M\u00e9tropole de Lyon a des p\u00e9pites, des entreprises qui sont vraiment dans l\u2019avanc\u00e9e technologique et dans le potentiel de l\u2019IA\u00a0\u00bb, insiste-t-elle d\u2019embl\u00e9e. Une d\u00e9couverte, selon elle, au fil des rencontres sur le terrain, aupr\u00e8s \u00ab\u00a0d\u2019ing\u00e9nieurs, d\u2019experts, d\u2019acteurs de la recherche et&#8230;<\/p>\n","protected":false},"excerpt":{"rendered":"Ce mercredi 14\u00a0janvier, la candidate de la m\u00e9tropole de Lyon, V\u00e9ronique Sarselli, a choisi le terrain et l\u2019innovation&hellip;\n","protected":false},"author":2,"featured_media":662883,"comment_status":"","ping_status":"","sticky":false,"template":"","format":"standard","meta":{"footnotes":""},"categories":[1889],"tags":[1111,11,2430,3152,2757,3153,3154,36284,436,1777,674,107,1011,27,2428,12,316,25,2429,15673,2803,6345,6346],"class_list":{"0":"post-662882","1":"post","2":"type-post","3":"status-publish","4":"format-standard","5":"has-post-thumbnail","7":"category-lyon","8":"tag-actu","9":"tag-actualites","10":"tag-auvergne-rhone-alpes","11":"tag-edition-est-lyonnais","12":"tag-edition-lyon-villeurbanne","13":"tag-edition-ouest-lyonnais","14":"tag-edition-sud-lyonnais","15":"tag-elections-metropolitaines","16":"tag-environnement","17":"tag-eu","18":"tag-europe","19":"tag-fil-info","20":"tag-fr","21":"tag-france","22":"tag-lyon","23":"tag-news","24":"tag-politique","25":"tag-republique-francaise","26":"tag-rhone","27":"tag-sainte-foy-les-lyon","28":"tag-transport","29":"tag-villeurbanne","30":"tag-villeurbanne-bassin"},"share_on_mastodon":{"url":"https:\/\/pubeurope.com\/@fr\/115893432758520888","error":""},"_links":{"self":[{"href":"https:\/\/www.europesays.com\/fr\/wp-json\/wp\/v2\/posts\/662882","targetHints":{"allow":["GET"]}}],"collection":[{"href":"https:\/\/www.europesays.com\/fr\/wp-json\/wp\/v2\/posts"}],"about":[{"href":"https:\/\/www.europesays.com\/fr\/wp-json\/wp\/v2\/types\/post"}],"author":[{"embeddable":true,"href":"https:\/\/www.europesays.com\/fr\/wp-json\/wp\/v2\/users\/2"}],"replies":[{"embeddable":true,"href":"https:\/\/www.europesays.com\/fr\/wp-json\/wp\/v2\/comments?post=662882"}],"version-history":[{"count":0,"href":"https:\/\/www.europesays.com\/fr\/wp-json\/wp\/v2\/posts\/662882\/revisions"}],"wp:featuredmedia":[{"embeddable":true,"href":"https:\/\/www.europesays.com\/fr\/wp-json\/wp\/v2\/media\/662883"}],"wp:attachment":[{"href":"https:\/\/www.europesays.com\/fr\/wp-json\/wp\/v2\/media?parent=662882"}],"wp:term":[{"taxonomy":"category","embeddable":true,"href":"https:\/\/www.europesays.com\/fr\/wp-json\/wp\/v2\/categories?post=662882"},{"taxonomy":"post_tag","embeddable":true,"href":"https:\/\/www.europesays.com\/fr\/wp-json\/wp\/v2\/tags?post=662882"}],"curies":[{"name":"wp","href":"https:\/\/api.w.org\/{rel}","templated":true}]}}